{"id":30540,"date":"2025-06-06T11:18:55","date_gmt":"2025-06-06T10:18:55","guid":{"rendered":"https:\/\/www.cinc.com\/?p=30540"},"modified":"2025-06-06T11:21:29","modified_gmt":"2025-06-06T10:21:29","slug":"oficines-modulars-per-que-la-teva-empresa-necessita-un-espai-que-creixi-amb-tu","status":"publish","type":"post","link":"https:\/\/www.cinc.com\/ca\/oficines-modulars-per-que-la-teva-empresa-necessita-un-espai-que-creixi-amb-tu\/","title":{"rendered":"Oficines modulars: per qu\u00e8 la teva empresa necessita un espai que creixi amb tu"},"content":{"rendered":"\n<p>I si el creixement de la teva empresa no vingu\u00e9s nom\u00e9s de les teves vendes, sin\u00f3 tamb\u00e9 de l\u2019espai que esculls per treballar? Imagina\u2019t una oficina que s\u2019adapta a tu, que canvia de forma segons les teves necessitats, que no t\u2019obliga a triar entre sobredimensionar o quedar-te curt. Les oficines modulars estan revolucionant la manera com les empreses pensen el seu dia a dia. I no \u00e9s casualitat: en un entorn on l\u2019agilitat i la flexibilitat s\u00f3n sin\u00f2nim de competitivitat, el teu espai de treball pot ser el teu millor aliat.<\/p>\n\n\n\n<h2 class=\"wp-block-heading\">Espais que evolucionen al ritme de la teva empresa<\/h2>\n\n\n\n<p>Segons un informe de Savills, el 68,3% de les empreses l\u00edders a Espanya ja ha fet algun canvi a les seves oficines en els darrers cinc anys a causa de l\u2019impacte del treball h\u00edbrid. A m\u00e9s, el 75% d\u2019aquestes empreses t\u00e9 previst modificar el disseny de les seves oficines en els pr\u00f2xims deu anys per adaptar-se a l\u2019evoluci\u00f3 dels models de treball.<\/p>\n\n\n\n<p>Aix\u00f2 no nom\u00e9s implica costos de trasllats i reformes: significa interrupcions, distraccions i p\u00e8rdua de temps. Les oficines modulars permeten que l\u2019espai evolucioni amb tu, sense necessitat de canviar de lloc. \u00bfContractes m\u00e9s persones? Amplia. \u00bfNecessites reduir temporalment? Redueix. F\u00e0cil, pr\u00e0ctic i sense friccions.<\/p>\n\n\n\n<h2 class=\"wp-block-heading\">M\u00e9s efici\u00e8ncia, menys malbaratament<\/h2>\n\n\n\n<p>Pagar per metres quadrats que no utilitzes o quedar-te curt quan m\u00e9s els necessites \u00e9s un luxe que cap empresa \u00e0gil es pot permetre. Les oficines modulars eliminen aquest dilema: ajustes els espais en funci\u00f3 de l\u2019activitat real. Aix\u00f2 no nom\u00e9s optimitza recursos, sin\u00f3 que tamb\u00e9 permet una gesti\u00f3 m\u00e9s sostenible de l\u2019entorn de treball.<\/p>\n\n\n\n<h2 class=\"wp-block-heading\">Disseny intel\u00b7ligent per a equips din\u00e0mics<\/h2>\n\n\n\n<p>Avui, m\u00e9s que mai, el treball \u00e9s fluid. Reunions h\u00edbrides, equips en remot, projectes que requereixen concentraci\u00f3 un dia i col\u00b7laboraci\u00f3 intensa l\u2019endem\u00e0. Amb un disseny pensat per adaptar-se, les oficines modulars permeten crear zones de treball enfocades, espais creatius, \u00e0rees comunes o sales de reuni\u00f3 segons l\u2019\u00fas real, no segons una estructura fixa i antiquada.<\/p>\n\n\n\n<h2 class=\"wp-block-heading\">Millor experi\u00e8ncia per als teus equips (i per als teus clients)<\/h2>\n\n\n\n<p>Un espai que s\u2019adapta transmet una idea molt potent: aqu\u00ed pensem en les persones. Per als equips, treballar en un entorn c\u00f2mode i vers\u00e0til millora el benestar i la productivitat. Per als clients, visitar unes oficines que se senten vives i actuals genera confian\u00e7a i bona impressi\u00f3. Segons un estudi de <em>Harvard Business Review<\/em>, el disseny de l\u2019espai pot impactar fins a un 20% en la percepci\u00f3 positiva que un client t\u00e9 d\u2019una empresa.<\/p>\n\n\n\n<h2 class=\"wp-block-heading\">El futur \u00e9s flexible, i ja \u00e9s aqu\u00ed<\/h2>\n\n\n\n<p>No es tracta nom\u00e9s de modes: la transformaci\u00f3 dels espais de treball respon a un canvi de mentalitat m\u00e9s profund. Les empreses que escullen espais flexibles no nom\u00e9s optimitzen recursos, tamb\u00e9 envien un missatge clar: estem preparats per al canvi. I aix\u00f2, en temps d\u2019incertesa, \u00e9s un valor incalculable.<\/p>\n\n\n\n<p>A CINC, t&#8217;oferim solucions que s&#8217;adapten a tu: <a href=\"https:\/\/www.cinc.com\/ca\/oficines-privades-a-barcelona\/\">oficines privades <\/a>modulars, llocs de coworking, sales de reuni\u00f3 vers\u00e0tils i serveis de domiciliaci\u00f3 d&#8217;empreses que volen cr\u00e9ixer sense perdre el focus. Descobreix com podem ajudar-te a construir un espai tan din\u00e0mic com la teva empresa:<\/p>\n\n\n\n<div class=\"wp-block-uagb-buttons uagb-buttons__outer-wrap uagb-btn__default-btn uagb-btn-tablet__default-btn uagb-btn-mobile__default-btn uagb-block-ceb865d6\"><div class=\"uagb-buttons__wrap uagb-buttons-layout-wrap \">\n<div class=\"wp-block-uagb-buttons-child uagb-buttons__outer-wrap uagb-block-1e4d37d4 wp-block-button\"><div class=\"uagb-button__wrapper\"><a class=\"uagb-buttons-repeater wp-block-button__link\" aria-label=\"\" href=\"https:\/\/www.cinc.com\/ca\/contacte\/\" rel=\"follow noopener\" target=\"_self\" role=\"button\"><div class=\"uagb-button__link\">Contacta amb nosaltres<\/div><\/a><\/div><\/div>\n<\/div><\/div>\n\n\n\n<p><\/p>\n","protected":false},"excerpt":{"rendered":"<p>Una oficina que creix amb tu: claus del model modular que converteix l&#8217;espai en motor de flexibilitat. Descobreix-ho aqu\u00ed.<\/p>\n","protected":false},"author":8,"featured_media":30542,"comment_status":"closed","ping_status":"closed","sticky":false,"template":"","format":"standard","meta":{"_acf_changed":false,"_uag_custom_page_level_css":"","_jetpack_memberships_contains_paid_content":false,"footnotes":""},"categories":[207,17],"tags":[],"class_list":["post-30540","post","type-post","status-publish","format-standard","has-post-thumbnail","hentry","category-business-hub","category-centre-de-negocis"],"acf":[],"jetpack_featured_media_url":"https:\/\/www.cinc.com\/wp-content\/uploads\/oficinas-modulares.webp","uagb_featured_image_src":{"full":["https:\/\/www.cinc.com\/wp-content\/uploads\/oficinas-modulares.webp",1920,1080,false],"thumbnail":["https:\/\/www.cinc.com\/wp-content\/uploads\/oficinas-modulares-150x150.webp",150,150,true],"medium":["https:\/\/www.cinc.com\/wp-content\/uploads\/oficinas-modulares-300x169.webp",300,169,true],"medium_large":["https:\/\/www.cinc.com\/wp-content\/uploads\/oficinas-modulares-768x432.webp",768,432,true],"large":["https:\/\/www.cinc.com\/wp-content\/uploads\/oficinas-modulares-1024x576.webp",960,540,true],"1536x1536":["https:\/\/www.cinc.com\/wp-content\/uploads\/oficinas-modulares-1536x864.webp",1536,864,true],"2048x2048":["https:\/\/www.cinc.com\/wp-content\/uploads\/oficinas-modulares.webp",1920,1080,false],"gform-image-choice-sm":["https:\/\/www.cinc.com\/wp-content\/uploads\/oficinas-modulares.webp",300,169,false],"gform-image-choice-md":["https:\/\/www.cinc.com\/wp-content\/uploads\/oficinas-modulares.webp",400,225,false],"gform-image-choice-lg":["https:\/\/www.cinc.com\/wp-content\/uploads\/oficinas-modulares.webp",600,338,false]},"uagb_author_info":{"display_name":"F\u00e0tima Duran","author_link":"https:\/\/www.cinc.com\/ca\/author\/fatima\/"},"uagb_comment_info":0,"uagb_excerpt":"Una oficina que creix amb tu: claus del model modular que converteix l'espai en motor de flexibilitat. Descobreix-ho aqu\u00ed.","jetpack_sharing_enabled":true,"_links":{"self":[{"href":"https:\/\/www.cinc.com\/ca\/wp-json\/wp\/v2\/posts\/30540","targetHints":{"allow":["GET"]}}],"collection":[{"href":"https:\/\/www.cinc.com\/ca\/wp-json\/wp\/v2\/posts"}],"about":[{"href":"https:\/\/www.cinc.com\/ca\/wp-json\/wp\/v2\/types\/post"}],"author":[{"embeddable":true,"href":"https:\/\/www.cinc.com\/ca\/wp-json\/wp\/v2\/users\/8"}],"replies":[{"embeddable":true,"href":"https:\/\/www.cinc.com\/ca\/wp-json\/wp\/v2\/comments?post=30540"}],"version-history":[{"count":2,"href":"https:\/\/www.cinc.com\/ca\/wp-json\/wp\/v2\/posts\/30540\/revisions"}],"predecessor-version":[{"id":30547,"href":"https:\/\/www.cinc.com\/ca\/wp-json\/wp\/v2\/posts\/30540\/revisions\/30547"}],"wp:featuredmedia":[{"embeddable":true,"href":"https:\/\/www.cinc.com\/ca\/wp-json\/wp\/v2\/media\/30542"}],"wp:attachment":[{"href":"https:\/\/www.cinc.com\/ca\/wp-json\/wp\/v2\/media?parent=30540"}],"wp:term":[{"taxonomy":"category","embeddable":true,"href":"https:\/\/www.cinc.com\/ca\/wp-json\/wp\/v2\/categories?post=30540"},{"taxonomy":"post_tag","embeddable":true,"href":"https:\/\/www.cinc.com\/ca\/wp-json\/wp\/v2\/tags?post=30540"}],"curies":[{"name":"wp","href":"https:\/\/api.w.org\/{rel}","templated":true}]}}