{"id":3040,"date":"2020-08-27T00:00:00","date_gmt":"2020-08-27T00:00:00","guid":{"rendered":"https:\/\/www.cinc.com\/mesures-extraordinaries-en-materia-de-salut-publica-en-activitats-dhostaleria-restauracio-i-oci-nocturn\/"},"modified":"2020-08-27T00:00:00","modified_gmt":"2020-08-27T00:00:00","slug":"mesures-extraordinaries-en-materia-de-salut-publica-en-activitats-dhostaleria-restauracio-i-oci-nocturn","status":"publish","type":"post","link":"https:\/\/www.cinc.com\/ca\/mesures-extraordinaries-en-materia-de-salut-publica-en-activitats-dhostaleria-restauracio-i-oci-nocturn\/","title":{"rendered":"Mesures extraordin\u00e0ries en mat\u00e8ria de salut p\u00fablica en activitats d\u2019hostaleria, restauraci\u00f3 i oci nocturn"},"content":{"rendered":"<div style=\"text-align: justify;\">\n\tEs modifica l&#39;apartat 4 de la Resoluci&oacute; SLT\/2073\/2020, de 17 d&#39;agost, per la qual s&#39;adopten mesures extraordin&agrave;ries al territori de Catalunya sobre la declaraci&oacute; d&#39;actuacions coordinades en salut p&uacute;blica per a la contenci&oacute; de la pand&egrave;mia de COVID-19, que estableix els seg&uuml;ents canvis:<\/div>\n<div style=\"text-align: justify;\">\n\t&nbsp;<\/div>\n<div style=\"text-align: justify;\">\n<h2 class=\"h2Noticia\">\n\t\tRestriccions en activitats d&#39;hostaleria, restauraci&oacute; i recreatives<\/h2>\n<hr \/>\n<\/div>\n<div style=\"text-align: justify;\">\n\tEn els establiments d&#39;hostaleria, restauraci&oacute; i terrasses, aix&iacute; com en els bars i restaurants de platja, s&#39;han d&#39;adoptar les mesures seg&uuml;ents:<\/div>\n<div style=\"text-align: justify;\">\n\t&nbsp;<\/div>\n<ul>\n<li style=\"text-align: justify;\">\n\t\tCal garantir la dist&agrave;ncia interpersonal d&#39;1 metre i mig en barres, taules i terrasses, amb un m&agrave;xim de 10 persones per taula o agrupaci&oacute; d&rsquo;aquestes.<\/li>\n<li style=\"text-align: justify;\">\n\t\tBars i restaurants hauran de tancar, com a molt tard, a la una de la matinada i, a partir de mitjanit, ja no podran acceptar m&eacute;s clients.<\/li>\n<li style=\"text-align: justify;\">\n\t\tAquestes mesures tamb&eacute; s&#39;apliquen als establiments que desenvolupin l&#39;activitat de restaurant musical. Pel que fa als establiments que desenvolupin les activitats de sala de concert, de caf&egrave; teatre i de caf&egrave; concert, s&#39;estableix un horari de tancament del servei de bar a la una de la matinada.<\/li>\n<\/ul>\n<div style=\"text-align: justify;\">\n<h2 class=\"h2Noticia\">\n\t\tTancament de tots els establiments d&rsquo;oci nocturn, sense excepci&oacute;<\/h2>\n<hr \/>\n<\/div>\n<div style=\"text-align: justify;\">\n\tTamb&eacute; s&#39;afegeix a la Resoluci&oacute; SLT\/2073\/2020, de 17 d&rsquo;agost, l&rsquo;apartat, &ldquo;4 bis. Activitats d&#39;oci&rdquo;, que estableix les seg&uuml;ents mesures:<\/div>\n<div style=\"text-align: justify;\">\n\t&nbsp;<\/div>\n<ul>\n<li style=\"text-align: justify;\">\n\t\tQueda suspesa l&#39;obertura al p&uacute;blic dels locals i establiments que desenvolupin les activitats de discoteca, sala de ball, sala de festes amb espectacle, bar musical, karaoke, discoteques de joventut i establiments d&#39;activitats musicals de r&egrave;gim especial i establiments p&uacute;blics amb reservats annexos. Aix&iacute; mateix, queden suspeses les activitats musicals amb pistes de ball o espais habilitats fora dels establiments establerts en l&#39;apartat anterior.<\/li>\n<\/ul>\n","protected":false},"excerpt":{"rendered":"<p style=\"text-align: justify;\">\n\t<span style=\"text-align: justify;\">Es modifica l&#39;apartat 4 de la Resoluci&oacute; SLT\/2073\/2020, de 17 d&#39;agost, per la qual s&#39;adopten mesures extraordin&agrave;ries al territori de Catalunya sobre la declaraci&oacute; d&#39;actuacions coordinades en salut p&uacute;blica per a la contenci&oacute; de la pand&egrave;mia de COVID-19, que estableix els seg&uuml;ents canvis:<\/span><\/p>\n","protected":false},"author":2,"featured_media":3041,"comment_status":"open","ping_status":"open","sticky":false,"template":"","format":"standard","meta":{"_acf_changed":false,"_uag_custom_page_level_css":"","_jetpack_memberships_contains_paid_content":false,"footnotes":""},"categories":[18],"tags":[],"class_list":["post-3040","post","type-post","status-publish","format-standard","has-post-thumbnail","hentry","category-assessoria"],"acf":[],"jetpack_featured_media_url":"https:\/\/www.cinc.com\/wp-content\/uploads\/2023\/03\/901.jpg","uagb_featured_image_src":{"full":["https:\/\/www.cinc.com\/wp-content\/uploads\/2023\/03\/901.jpg",1113,361,false],"thumbnail":["https:\/\/www.cinc.com\/wp-content\/uploads\/2023\/03\/901.jpg",150,49,false],"medium":["https:\/\/www.cinc.com\/wp-content\/uploads\/2023\/03\/901.jpg",300,97,false],"medium_large":["https:\/\/www.cinc.com\/wp-content\/uploads\/2023\/03\/901.jpg",768,249,false],"large":["https:\/\/www.cinc.com\/wp-content\/uploads\/2023\/03\/901.jpg",960,311,false],"1536x1536":["https:\/\/www.cinc.com\/wp-content\/uploads\/2023\/03\/901.jpg",1113,361,false],"2048x2048":["https:\/\/www.cinc.com\/wp-content\/uploads\/2023\/03\/901.jpg",1113,361,false],"gform-image-choice-sm":["https:\/\/www.cinc.com\/wp-content\/uploads\/2023\/03\/901.jpg",300,97,false],"gform-image-choice-md":["https:\/\/www.cinc.com\/wp-content\/uploads\/2023\/03\/901.jpg",400,130,false],"gform-image-choice-lg":["https:\/\/www.cinc.com\/wp-content\/uploads\/2023\/03\/901.jpg",600,195,false]},"uagb_author_info":{"display_name":"Utrans","author_link":"https:\/\/www.cinc.com\/ca\/author\/utrans\/"},"uagb_comment_info":0,"uagb_excerpt":"Es modifica l&#39;apartat 4 de la Resoluci&oacute; SLT\/2073\/2020, de 17 d&#39;agost, per la qual s&#39;adopten mesures extraordin&agrave;ries al territori de Catalunya sobre la declaraci&oacute; d&#39;actuacions coordinades en salut p&uacute;blica per a la contenci&oacute; de la pand&egrave;mia de COVID-19, que estableix els seg&uuml;ents canvis:","jetpack_sharing_enabled":true,"_links":{"self":[{"href":"https:\/\/www.cinc.com\/ca\/wp-json\/wp\/v2\/posts\/3040","targetHints":{"allow":["GET"]}}],"collection":[{"href":"https:\/\/www.cinc.com\/ca\/wp-json\/wp\/v2\/posts"}],"about":[{"href":"https:\/\/www.cinc.com\/ca\/wp-json\/wp\/v2\/types\/post"}],"author":[{"embeddable":true,"href":"https:\/\/www.cinc.com\/ca\/wp-json\/wp\/v2\/users\/2"}],"replies":[{"embeddable":true,"href":"https:\/\/www.cinc.com\/ca\/wp-json\/wp\/v2\/comments?post=3040"}],"version-history":[{"count":0,"href":"https:\/\/www.cinc.com\/ca\/wp-json\/wp\/v2\/posts\/3040\/revisions"}],"wp:featuredmedia":[{"embeddable":true,"href":"https:\/\/www.cinc.com\/ca\/wp-json\/wp\/v2\/media\/3041"}],"wp:attachment":[{"href":"https:\/\/www.cinc.com\/ca\/wp-json\/wp\/v2\/media?parent=3040"}],"wp:term":[{"taxonomy":"category","embeddable":true,"href":"https:\/\/www.cinc.com\/ca\/wp-json\/wp\/v2\/categories?post=3040"},{"taxonomy":"post_tag","embeddable":true,"href":"https:\/\/www.cinc.com\/ca\/wp-json\/wp\/v2\/tags?post=3040"}],"curies":[{"name":"wp","href":"https:\/\/api.w.org\/{rel}","templated":true}]}}