{"id":30267,"date":"2025-05-22T11:46:28","date_gmt":"2025-05-22T10:46:28","guid":{"rendered":"https:\/\/www.cinc.com\/?p=30267"},"modified":"2025-05-22T11:46:36","modified_gmt":"2025-05-22T10:46:36","slug":"entra-en-vigor-el-nou-reglament-destrangeria-texpliquem-els-canvis-i-novetats-mes-destacats","status":"publish","type":"post","link":"https:\/\/www.cinc.com\/ca\/entra-en-vigor-el-nou-reglament-destrangeria-texpliquem-els-canvis-i-novetats-mes-destacats\/","title":{"rendered":"Entra en vigor el nou Reglament d\u2019Estrangeria: t\u2019expliquem els canvis i novetats m\u00e9s destacats"},"content":{"rendered":"\n<p>Aquest dilluns, 20 de maig, ha entrat en vigor el nou Reglament d\u2019Estrangeria (RELOEX), aprovat el passat 20 de novembre de 2024 mitjan\u00e7ant el Reial decret 1155\/2024. Despr\u00e9s d\u2019un per\u00edode de sis mesos abans de la seva aplicaci\u00f3, s\u2019ha dut a terme una formaci\u00f3 completa del personal de les oficines d\u2019Estrangeria de tot el pa\u00eds, aix\u00ed com una \u00e0mplia campanya informativa adre\u00e7ada a agents socials, econ\u00f2mics, del tercer sector i a la ciutadania en general.<\/p>\n\n\n\n<p>Aquest nou reglament t\u00e9 com a objectiu modernitzar i simplificar els tr\u00e0mits administratius relacionats amb la immigraci\u00f3, refor\u00e7ar la seguretat jur\u00eddica i oferir m\u00e9s oportunitats a les persones migrants i les seves fam\u00edlies. A m\u00e9s, busca afavorir-ne la integraci\u00f3 a la societat i protegir-les davant situacions d\u2019ab\u00fas, frau o vulneraci\u00f3 de drets.<\/p>\n\n\n\n<h2 class=\"wp-block-heading\">Quins s\u00f3n els principals objectius del nou reglament?<\/h2>\n\n\n\n<p>Entre les finalitats m\u00e9s destacades hi trobem:<\/p>\n\n\n\n<ul class=\"wp-block-list\">\n<li>Simplificar i agilitzar els procediments, reduint tr\u00e0mits innecessaris, escur\u00e7ant terminis i evitant l\u2019entrega repetida de documentaci\u00f3.<\/li>\n\n\n\n<li>Aclarir aspectes legals de determinats tipus d\u2019autoritzacions.<\/li>\n\n\n\n<li>Oferir m\u00e9s estabilitat amb permisos inicials d\u2019un any i renovacions de quatre anys.<\/li>\n\n\n\n<li>Recon\u00e8ixer expressament els drets de les persones treballadores migrants.<\/li>\n\n\n\n<li>Millorar la comprensi\u00f3 de les normes comunes que s\u2019apliquen a totes les autoritzacions (com ara la presentaci\u00f3 de sol\u00b7licituds o l\u2019extinci\u00f3 de permisos).<\/li>\n\n\n\n<li>Millorar la comprensi\u00f3 de les normes comunes que s\u2019apliquen a totes les autoritzacions (com ara la presentaci\u00f3 de sol\u00b7licituds o l\u2019extinci\u00f3 de permisos).<\/li>\n\n\n\n<li>Establir de manera m\u00e9s clara com i quan es pot canviar el tipus de perm\u00eds de resid\u00e8ncia d\u2019una persona i de la seva fam\u00edlia.<\/li>\n<\/ul>\n\n\n\n<h2 class=\"wp-block-heading\">Quines novetats incorpora?<\/h2>\n\n\n\n<p>Algunes de les mesures m\u00e9s rellevants incloses en el nou reglament s\u00f3n:<br><\/p>\n\n\n\n<ul class=\"wp-block-list\">\n<li>S\u2019amplia i s\u2019actualitza la figura de l\u2019arrelament, incorporant noves modalitats com l\u2019arrelament de segona oportunitat\u201d. A m\u00e9s, es redueix el temps m\u00ednim de perman\u00e8ncia a Espanya a dos anys (excepte en el cas de l\u2019arrelament familiar) i es permet treballar a totes les persones que disposin d\u2019una autoritzaci\u00f3 de resid\u00e8ncia temporal per arrelament.<\/li>\n\n\n\n<li>Es reconeix el dret a una autoritzaci\u00f3 a aquelles persones que hagin treballat almenys sis mesos en situaci\u00f3 irregular en els dos anys anteriors a presentar una den\u00fancia, sempre que ho puguin acreditar davant l\u2019autoritat laboral o judicial.<\/li>\n\n\n\n<li>Es regula amb m\u00e9s detall la possibilitat d\u2019atorgar permisos de resid\u00e8ncia per circumst\u00e0ncies excepcionals a v\u00edctimes de viol\u00e8ncia sexual.<\/li>\n\n\n\n<li>S\u2019ha millorat la normativa sobre la resid\u00e8ncia de fills, filles o persones tutelades, aix\u00ed com sobre el despla\u00e7ament temporal de menors.<\/li>\n<\/ul>\n\n\n\n<h2 class=\"wp-block-heading\">Tens dubtes? Contacta amb el Departament d\u2019Estrangeria de CINC<\/h2>\n\n\n\n<p>Si tens dubtes sobre com t\u2019afecten aquests canvis, necessites assessorament personalitzat o vols m\u00e9s informaci\u00f3, no dubtis a posar-te en contacte amb el <a href=\"https:\/\/www.cinc.com\/ca\/assessoria-dempreses\/estrangeria\/\">Departament d\u2019Estrangeria<\/a> de CINC. El nostre equip est\u00e0 a la teva disposici\u00f3 per ajudar-te a resoldre qualsevol consulta i acompanyar-te en els teus tr\u00e0mits de manera clara i eficient.<\/p>\n\n\n\n<div class=\"wp-block-buttons is-content-justification-center is-layout-flex wp-container-core-buttons-is-layout-a89b3969 wp-block-buttons-is-layout-flex\">\n<div class=\"wp-block-button\"><a class=\"wp-block-button__link wp-element-button\" href=\"https:\/\/www.cinc.com\/ca\/\">Envia&#8217;ns la teva consulta<\/a><\/div>\n<\/div>\n\n\n\n<p><\/p>\n","protected":false},"excerpt":{"rendered":"<p>El RELOEX ja est\u00e0 en vigor: formaci\u00f3 i novetats per aplicar millor el reglament. Descobreix qu\u00e8 comporta.<\/p>\n","protected":false},"author":8,"featured_media":30264,"comment_status":"closed","ping_status":"closed","sticky":false,"template":"","format":"standard","meta":{"_acf_changed":false,"_uag_custom_page_level_css":"","_jetpack_memberships_contains_paid_content":false,"footnotes":""},"categories":[18],"tags":[75],"class_list":["post-30267","post","type-post","status-publish","format-standard","has-post-thumbnail","hentry","category-assessoria","tag-estrangeria"],"acf":[],"jetpack_featured_media_url":"https:\/\/www.cinc.com\/wp-content\/uploads\/nuevo-reglamento-extranjeria-1.webp","uagb_featured_image_src":{"full":["https:\/\/www.cinc.com\/wp-content\/uploads\/nuevo-reglamento-extranjeria-1.webp",1920,1080,false],"thumbnail":["https:\/\/www.cinc.com\/wp-content\/uploads\/nuevo-reglamento-extranjeria-1-150x150.webp",150,150,true],"medium":["https:\/\/www.cinc.com\/wp-content\/uploads\/nuevo-reglamento-extranjeria-1-300x169.webp",300,169,true],"medium_large":["https:\/\/www.cinc.com\/wp-content\/uploads\/nuevo-reglamento-extranjeria-1-768x432.webp",768,432,true],"large":["https:\/\/www.cinc.com\/wp-content\/uploads\/nuevo-reglamento-extranjeria-1-1024x576.webp",960,540,true],"1536x1536":["https:\/\/www.cinc.com\/wp-content\/uploads\/nuevo-reglamento-extranjeria-1-1536x864.webp",1536,864,true],"2048x2048":["https:\/\/www.cinc.com\/wp-content\/uploads\/nuevo-reglamento-extranjeria-1.webp",1920,1080,false],"gform-image-choice-sm":["https:\/\/www.cinc.com\/wp-content\/uploads\/nuevo-reglamento-extranjeria-1.webp",300,169,false],"gform-image-choice-md":["https:\/\/www.cinc.com\/wp-content\/uploads\/nuevo-reglamento-extranjeria-1.webp",400,225,false],"gform-image-choice-lg":["https:\/\/www.cinc.com\/wp-content\/uploads\/nuevo-reglamento-extranjeria-1.webp",600,338,false]},"uagb_author_info":{"display_name":"F\u00e0tima Duran","author_link":"https:\/\/www.cinc.com\/ca\/author\/fatima\/"},"uagb_comment_info":0,"uagb_excerpt":"El RELOEX ja est\u00e0 en vigor: formaci\u00f3 i novetats per aplicar millor el reglament. Descobreix qu\u00e8 comporta.","jetpack_sharing_enabled":true,"_links":{"self":[{"href":"https:\/\/www.cinc.com\/ca\/wp-json\/wp\/v2\/posts\/30267","targetHints":{"allow":["GET"]}}],"collection":[{"href":"https:\/\/www.cinc.com\/ca\/wp-json\/wp\/v2\/posts"}],"about":[{"href":"https:\/\/www.cinc.com\/ca\/wp-json\/wp\/v2\/types\/post"}],"author":[{"embeddable":true,"href":"https:\/\/www.cinc.com\/ca\/wp-json\/wp\/v2\/users\/8"}],"replies":[{"embeddable":true,"href":"https:\/\/www.cinc.com\/ca\/wp-json\/wp\/v2\/comments?post=30267"}],"version-history":[{"count":1,"href":"https:\/\/www.cinc.com\/ca\/wp-json\/wp\/v2\/posts\/30267\/revisions"}],"predecessor-version":[{"id":30269,"href":"https:\/\/www.cinc.com\/ca\/wp-json\/wp\/v2\/posts\/30267\/revisions\/30269"}],"wp:featuredmedia":[{"embeddable":true,"href":"https:\/\/www.cinc.com\/ca\/wp-json\/wp\/v2\/media\/30264"}],"wp:attachment":[{"href":"https:\/\/www.cinc.com\/ca\/wp-json\/wp\/v2\/media?parent=30267"}],"wp:term":[{"taxonomy":"category","embeddable":true,"href":"https:\/\/www.cinc.com\/ca\/wp-json\/wp\/v2\/categories?post=30267"},{"taxonomy":"post_tag","embeddable":true,"href":"https:\/\/www.cinc.com\/ca\/wp-json\/wp\/v2\/tags?post=30267"}],"curies":[{"name":"wp","href":"https:\/\/api.w.org\/{rel}","templated":true}]}}