{"id":30196,"date":"2025-05-21T13:23:18","date_gmt":"2025-05-21T12:23:18","guid":{"rendered":"https:\/\/www.cinc.com\/?p=30196"},"modified":"2025-05-21T13:32:41","modified_gmt":"2025-05-21T12:32:41","slug":"jornada-laboral-de-375-hores-i-nou-registre-horari-digital-que-han-de-saber-les-empreses","status":"publish","type":"post","link":"https:\/\/www.cinc.com\/ca\/jornada-laboral-de-375-hores-i-nou-registre-horari-digital-que-han-de-saber-les-empreses\/","title":{"rendered":"Jornada laboral de 37,5 hores i nou registre horari digital: qu\u00e8 han de saber les empreses"},"content":{"rendered":"\n<p>El Consell de Ministres ha aprovat recentment el projecte de llei que estableix la reducci\u00f3 de la jornada laboral a 37,5 hores setmanals i un nou sistema de registre horari digital obligatori. Es tracta d\u2019una reforma laboral amb un fort impacte en el dia a dia de les empreses, especialment en termes de gesti\u00f3 de temps, control intern i compliment normatiu.<\/p>\n\n\n\n<p>Tot i l\u2019anunci, la normativa encara no ha entrat en vigor: el projecte ha d\u2019iniciar el seu recorregut parlamentari i no ser\u00e0 aplicable fins que es publiqui oficialment al BOE. Segons el calendari del Govern, es preveu que el nou sistema estigui actiu abans de l\u2019estiu de 2025.<\/p>\n\n\n\n<h2 class=\"wp-block-heading\">Qu\u00e8 inclou la reforma?<\/h2>\n\n\n\n<h3 class=\"wp-block-heading\">Reducci\u00f3 de la jornada laboral<\/h3>\n\n\n\n<p>El text contempla una reducci\u00f3 progressiva de la jornada laboral sense reducci\u00f3 salarial. Inicialment, es va fixar la jornada m\u00e0xima en 38,5 hores setmanals (a partir del 2024) i es preveu que s\u2019arribi a les 37,5 hores l\u2019any 2025. Les empreses amb convenis que superin aquesta mitjana anual tindran fins al 31 de desembre de 2025 per adaptar-se.<\/p>\n\n\n\n<h3 class=\"wp-block-heading\">Un registre horari m\u00e9s rigor\u00f3s<\/h3>\n\n\n\n<p>Una de les grans novetats \u00e9s la implantaci\u00f3 obligat\u00f2ria d\u2019un sistema digital de registre horari, amb mesures orientades a garantir la fiabilitat i autenticitat del control de jornada. Aquest sistema haur\u00e0 de:<\/p>\n\n\n\n<ul class=\"wp-block-list\">\n<li>Registrar personalment les entrades i sortides del treballador.<\/li>\n\n\n\n<li>Identificar inequ\u00edvocament a la persona que fitxa.<\/li>\n\n\n\n<li>Considerar com a temps de treball efectiu tot el per\u00edode entre l\u2019entrada i la sortida.<\/li>\n\n\n\n<li>Permetre l\u2019acc\u00e9s remot i en temps real per part de la Inspecci\u00f3 de Treball.<\/li>\n<\/ul>\n\n\n\n<p>En cas de no poder acreditar correctament les hores treballades, es presumir\u00e0 que el contracte \u00e9s a jornada completa.<\/p>\n\n\n\n<h3 class=\"wp-block-heading\">Resum mensual de jornada i hores extres<\/h3>\n\n\n\n<p>Una altra mesura destacada \u00e9s l\u2019obligaci\u00f3 d\u2019entregar, juntament amb la n\u00f2mina, un resum mensual amb el detall d\u2019hores ordin\u00e0ries, extres i complement\u00e0ries. Aquesta transpar\u00e8ncia pret\u00e9n acabar amb el frau en hores extra no declarades i permetre als treballadors comprovar si la seva jornada est\u00e0 sent registrada correctament.<\/p>\n\n\n\n<p>Tamb\u00e9 s\u2019aplicar\u00e0 als contractes a temps parcial: si no es pot justificar la jornada real, el contracte es considerar\u00e0 de jornada completa.<\/p>\n\n\n\n<h2 class=\"wp-block-heading\">Un canvi profund en la cultura hor\u00e0ria empresarial<\/h2>\n\n\n\n<p>Aquest conjunt de mesures suposa un canvi estructural en el funcionament intern de moltes empreses, que hauran de revisar els seus horaris, reorganitzar tasques i adoptar tecnologia fiable per al registre. A m\u00e9s, caldr\u00e0 tenir en compte l\u2019impacte a nivell de convenis col\u00b7lectius, planificaci\u00f3 de plantilles i dret a la desconnexi\u00f3 digital.<\/p>\n\n\n\n<h2 class=\"wp-block-heading\">CINC Assessoria t\u2019ajuda a preparar-te al canvi<\/h2>\n\n\n\n<p>Des del Departament Laboral de CINC Assessoria t&#8217;ajudem a adaptar la teva empresa a la nova normativa amb garanties:<\/p>\n\n\n\n<ul class=\"wp-block-list\">\n<li>Implantaci\u00f3 de sistemes de registre horari digitals.<\/li>\n\n\n\n<li>Assessorament legal en mat\u00e8ria laboral i de convenis.<\/li>\n\n\n\n<li>Revisi\u00f3 i adaptaci\u00f3 de les jornades a la nova regulaci\u00f3.<\/li>\n\n\n\n<li>Prevenci\u00f3 de riscos i sancions per incompliments.<\/li>\n<\/ul>\n\n\n\n<p>Vols avan\u00e7ar-te al canvi legal? Contacta amb CINC Assessoria i t\u2019acompanyem en tot el proc\u00e9s.<\/p>\n\n\n\n<div class=\"wp-block-uagb-buttons uagb-buttons__outer-wrap uagb-btn__default-btn uagb-btn-tablet__default-btn uagb-btn-mobile__default-btn uagb-block-e7cecb97\"><div class=\"uagb-buttons__wrap uagb-buttons-layout-wrap \">\n<div class=\"wp-block-uagb-buttons-child uagb-buttons__outer-wrap uagb-block-0a1ecaf9 wp-block-button\"><div class=\"uagb-button__wrapper\"><a class=\"uagb-buttons-repeater wp-block-button__link\" aria-label=\"\" href=\"https:\/\/www.cinc.com\/ca\/contacte\/\" rel=\"follow noopener\" target=\"_blank\" role=\"button\"><div class=\"uagb-button__link\">Contacta amb nosaltres<\/div><\/a><\/div><\/div>\n<\/div><\/div>\n\n\n\n<p><\/p>\n","protected":false},"excerpt":{"rendered":"<p> La nova jornada de 37,5\u202fh i el registre digital transformaran la gesti\u00f3 laboral. Informa&#8217;t del que canvia per a la teva empresa.<\/p>\n","protected":false},"author":8,"featured_media":30192,"comment_status":"closed","ping_status":"closed","sticky":false,"template":"","format":"standard","meta":{"_acf_changed":false,"_uag_custom_page_level_css":"","_jetpack_memberships_contains_paid_content":false,"footnotes":""},"categories":[18,1],"tags":[86],"class_list":["post-30196","post","type-post","status-publish","format-standard","has-post-thumbnail","hentry","category-assessoria","category-uncategorized-ca","tag-laboral-2"],"acf":[],"jetpack_featured_media_url":"https:\/\/www.cinc.com\/wp-content\/uploads\/jornada-37hores-registre-horari.png","uagb_featured_image_src":{"full":["https:\/\/www.cinc.com\/wp-content\/uploads\/jornada-37hores-registre-horari.png",1920,1080,false],"thumbnail":["https:\/\/www.cinc.com\/wp-content\/uploads\/jornada-37hores-registre-horari-150x150.png",150,150,true],"medium":["https:\/\/www.cinc.com\/wp-content\/uploads\/jornada-37hores-registre-horari-300x169.png",300,169,true],"medium_large":["https:\/\/www.cinc.com\/wp-content\/uploads\/jornada-37hores-registre-horari-768x432.png",768,432,true],"large":["https:\/\/www.cinc.com\/wp-content\/uploads\/jornada-37hores-registre-horari-1024x576.png",960,540,true],"1536x1536":["https:\/\/www.cinc.com\/wp-content\/uploads\/jornada-37hores-registre-horari-1536x864.png",1536,864,true],"2048x2048":["https:\/\/www.cinc.com\/wp-content\/uploads\/jornada-37hores-registre-horari.png",1920,1080,false],"gform-image-choice-sm":["https:\/\/www.cinc.com\/wp-content\/uploads\/jornada-37hores-registre-horari.png",300,169,false],"gform-image-choice-md":["https:\/\/www.cinc.com\/wp-content\/uploads\/jornada-37hores-registre-horari.png",400,225,false],"gform-image-choice-lg":["https:\/\/www.cinc.com\/wp-content\/uploads\/jornada-37hores-registre-horari.png",600,338,false]},"uagb_author_info":{"display_name":"F\u00e0tima Duran","author_link":"https:\/\/www.cinc.com\/ca\/author\/fatima\/"},"uagb_comment_info":0,"uagb_excerpt":"La nova jornada de 37,5\u202fh i el registre digital transformaran la gesti\u00f3 laboral. Informa't del que canvia per a la teva empresa.","jetpack_sharing_enabled":true,"_links":{"self":[{"href":"https:\/\/www.cinc.com\/ca\/wp-json\/wp\/v2\/posts\/30196","targetHints":{"allow":["GET"]}}],"collection":[{"href":"https:\/\/www.cinc.com\/ca\/wp-json\/wp\/v2\/posts"}],"about":[{"href":"https:\/\/www.cinc.com\/ca\/wp-json\/wp\/v2\/types\/post"}],"author":[{"embeddable":true,"href":"https:\/\/www.cinc.com\/ca\/wp-json\/wp\/v2\/users\/8"}],"replies":[{"embeddable":true,"href":"https:\/\/www.cinc.com\/ca\/wp-json\/wp\/v2\/comments?post=30196"}],"version-history":[{"count":2,"href":"https:\/\/www.cinc.com\/ca\/wp-json\/wp\/v2\/posts\/30196\/revisions"}],"predecessor-version":[{"id":30198,"href":"https:\/\/www.cinc.com\/ca\/wp-json\/wp\/v2\/posts\/30196\/revisions\/30198"}],"wp:featuredmedia":[{"embeddable":true,"href":"https:\/\/www.cinc.com\/ca\/wp-json\/wp\/v2\/media\/30192"}],"wp:attachment":[{"href":"https:\/\/www.cinc.com\/ca\/wp-json\/wp\/v2\/media?parent=30196"}],"wp:term":[{"taxonomy":"category","embeddable":true,"href":"https:\/\/www.cinc.com\/ca\/wp-json\/wp\/v2\/categories?post=30196"},{"taxonomy":"post_tag","embeddable":true,"href":"https:\/\/www.cinc.com\/ca\/wp-json\/wp\/v2\/tags?post=30196"}],"curies":[{"name":"wp","href":"https:\/\/api.w.org\/{rel}","templated":true}]}}