{"id":30053,"date":"2025-05-12T08:26:27","date_gmt":"2025-05-12T07:26:27","guid":{"rendered":"https:\/\/www.cinc.com\/?p=30053"},"modified":"2025-05-20T11:39:28","modified_gmt":"2025-05-20T10:39:28","slug":"entrevista-a-gimentors","status":"publish","type":"post","link":"https:\/\/www.cinc.com\/ca\/entrevista-a-gimentors\/","title":{"rendered":"Entrevista a Gimentors"},"content":{"rendered":"\n<p><strong>Any de fundaci\u00f3:<\/strong> 2024<\/p>\n\n\n\n<p><strong>Sector: <\/strong>Creixement personal i empresarial<\/p>\n\n\n\n<p><strong>Ubicaci\u00f3:<\/strong> Girona<\/p>\n\n\n\n<p><strong>Sitio web:<\/strong> <a href=\"https:\/\/gimentors.com\/\">https:\/\/gimentors.com\/<\/a><\/p>\n\n\n\n<p><\/p>\n\n\n\n<h2 class=\"wp-block-heading\">Com va n\u00e9ixer Gimentors i qu\u00e8 us va motivar a posar en marxa el projecte? <\/h2>\n\n\n\n<p>La idea de Gimentors va n\u00e9ixer de la Carmen Lara Ortiz, la dona d\u2019en Cesc G\u00e1lvez. Junts, en Cesc i en Grau Agust\u00ed van decidir donar forma al projecte creant una societat amb una visi\u00f3 molt clara: oferir una injecci\u00f3 de motivaci\u00f3 i coneixement a totes les persones que assisteixin a les seves pon\u00e8ncies. L\u2019objectiu \u00e9s impulsar el creixement personal i professional a trav\u00e9s de p\u00edndoles d\u2019autoconeixement en \u00e0mbits com el lideratge, les finances, la gesti\u00f3 emocional o el desenvolupament empresarial. Vam detectar una necessitat creixent d\u2019espais que ajudin les persones a trobar referents i inspiraci\u00f3, i vam voler donar resposta amb una proposta transformadora i amb valor hum\u00e0.<\/p>\n\n\n\n<div class=\"wp-block-uagb-advanced-heading uagb-block-9751ce39\"><h2 class=\"uagb-heading-text\">Quins tipus de serveis oferiu i a quins perfils professionals us adreceu principalment?<\/h2><\/div>\n\n\n\n<p>Gimentors \u00e9s un projecte obert a tothom. Tanmateix, ens dirigim especialment a professionals i empreses que busquen una eina potent per impulsar el seu creixement. A trav\u00e9s de confer\u00e8ncies i esdeveniments amb ponents de primer nivell, oferim una experi\u00e8ncia enriquidora tant a nivell personal com empresarial. A m\u00e9s, oferim una oportunitat de patrocini amb gran visibilitat, ja que actualment la nostra comunitat supera les 2.000 persones, i continua creixent dia a dia.<\/p>\n\n\n\n<p><\/p>\n\n\n\n<div class=\"wp-block-uagb-advanced-heading uagb-block-c0806acb\"><h2 class=\"uagb-heading-text\">Compteu amb un equip de mentors amb traject\u00f2ries molt potents. Quin paper juga l\u2019experi\u00e8ncia en l\u2019acompanyament que oferiu?<\/h2><\/div>\n\n\n\n<p>L\u2019experi\u00e8ncia dels nostres mentors \u00e9s un dels pilars fonamentals de Gimentors. Tots ells s\u00f3n l\u00edders reconeguts en els seus respectius camps (des de l\u2019economia fins a la medicina o la psicologia), i aporten una visi\u00f3 real, inspiradora i pragm\u00e0tica. No nom\u00e9s comparteixen coneixements, sin\u00f3 tamb\u00e9 viv\u00e8ncies personals que connecten amb el p\u00fablic i generen un impacte emocional i motivacional molt potent. El seu lideratge \u00e9s clau per oferir acompanyament de qualitat i generar transformacions reals en les persones.<\/p>\n\n\n\n<p><\/p>\n\n\n\n<div class=\"wp-block-uagb-advanced-heading uagb-block-7742e9e2\"><h2 class=\"uagb-heading-text\">Quina \u00e9s la import\u00e0ncia de comptar amb la figura d\u2019un mentor? Des de Gimentors, quins \u00e0mbits de desenvolupament potencieu?<\/h2><\/div>\n\n\n\n<p>Un mentor \u00e9s una figura clau en qualsevol proc\u00e9s de creixement. \u00c9s un referent que acompanya, guia i ajuda a desbloquejar potencials. A Gimentors creiem que tots els \u00e0mbits s\u00f3n susceptibles de ser potenciats: el lideratge, la intel\u00b7lig\u00e8ncia emocional, la comunicaci\u00f3, la resili\u00e8ncia, la presa de decisions o la creativitat. Tots tenim moments en qu\u00e8 necessitem alg\u00fa que ens inspiri, ens orienti i ens doni les eines per avan\u00e7ar amb confian\u00e7a.<\/p>\n\n\n\n<p><\/p>\n\n\n\n<div class=\"wp-block-uagb-advanced-heading uagb-block-303b465d\"><h2 class=\"uagb-heading-text\">A m\u00e9s de ser un projecte comprom\u00e8s amb el desenvolupament personal i empresarial de les persones, tamb\u00e9 ho esteu amb diverses organitzacions solid\u00e0ries. De quina manera contribu\u00efu a ajudar aquestes entitats en cada esdeveniment?<\/h2><\/div>\n\n\n\n<p>Des del primer dia, la solidaritat ha estat un valor central de Gimentors. Per aix\u00f2 destinem el 10% dels ingressos obtinguts a cada esdeveniment a projectes i organitzacions socials. Aquesta acci\u00f3 no nom\u00e9s ens diferencia, sin\u00f3 que ens connecta amb la realitat de moltes persones que necessiten suport. Volem que el nostre impacte sigui doble: transformar vides a trav\u00e9s del coneixement i contribuir a causes que fan una tasca essencial per la societat.<\/p>\n\n\n\n<p><\/p>\n\n\n\n<div class=\"wp-block-uagb-advanced-heading uagb-block-4eafbb00\"><h2 class=\"uagb-heading-text\">Quins plans o novetats teniu a curt o mitj\u00e0 termini que us faci il\u00b7lusi\u00f3 compartir?<\/h2><\/div>\n\n\n\n<p>Estem molt il\u00b7lusionats amb el creixement de la nostra comunitat i amb la programaci\u00f3 de la segona temporada de Gimentors. Comptarem amb ponents de gran renom com Jos\u00e9 El\u00edas, Mario Alonso Puig, V\u00edctor K\u00fcppers, Toni Nadal, Emilio Dur\u00f3, Elsa Punset, Laura Rojas-Marcos i Silvia Congost, entre d\u2019altres. Tots ells s\u00f3n referents en els seus \u00e0mbits i garanteixen pon\u00e8ncies inspiradores que deixen petjada.<\/p>\n\n\n\n<p>A m\u00e9s, volem seguir creixent i ajudant no nom\u00e9s les persones, sin\u00f3 tamb\u00e9&nbsp; les empreses (grans, petites i mitjanes) a evolucionar en valors, lideratge i cultura d\u2019equip. Volem que Gimentors sigui una eina al servei del benestar col\u00b7lectiu i del progr\u00e9s empresarial.<\/p>\n\n\n\n<p><\/p>\n\n\n\n<div class=\"wp-block-uagb-advanced-heading uagb-block-e2789ba7\"><h2 class=\"uagb-heading-text\">Qu\u00e8 \u00e9s all\u00f2 que m\u00e9s valoreu de CINC?<\/h2><\/div>\n\n\n\n<p>De CINC en valorem especialment l\u2019ambient emprenedor i col\u00b7laboratiu que s\u2019hi respira. \u00c9s un aut\u00e8ntic viver d\u2019empreses que fomenta el networking, el creixement i la proximitat entre professionals. Ens sentim molt a gust formant part d\u2019aquest ecosistema i animem totes les empreses del CINC a con\u00e8ixer i sumar-se al projecte Gimentors. Estem conven\u00e7uts que, junts, podem fer cr\u00e9ixer encara m\u00e9s aquesta comunitat transformadora.<\/p>\n","protected":false},"excerpt":{"rendered":"<p>Confer\u00e8ncies motivacionals i mentoria per impulsar el lideratge, la intel\u00b7lig\u00e8ncia emocional i el desenvolupament empresarial.<\/p>\n","protected":false},"author":302,"featured_media":30081,"comment_status":"closed","ping_status":"closed","sticky":false,"template":"","format":"standard","meta":{"_acf_changed":false,"_uag_custom_page_level_css":"","_jetpack_memberships_contains_paid_content":false,"footnotes":""},"categories":[19],"tags":[],"class_list":["post-30053","post","type-post","status-publish","format-standard","has-post-thumbnail","hentry","category-entrevistes"],"acf":[],"jetpack_featured_media_url":"https:\/\/www.cinc.com\/wp-content\/uploads\/Contingut-Stock-_6_.webp","uagb_featured_image_src":{"full":["https:\/\/www.cinc.com\/wp-content\/uploads\/Contingut-Stock-_6_.webp",1920,1080,false],"thumbnail":["https:\/\/www.cinc.com\/wp-content\/uploads\/Contingut-Stock-_6_-150x150.webp",150,150,true],"medium":["https:\/\/www.cinc.com\/wp-content\/uploads\/Contingut-Stock-_6_-300x169.webp",300,169,true],"medium_large":["https:\/\/www.cinc.com\/wp-content\/uploads\/Contingut-Stock-_6_-768x432.webp",768,432,true],"large":["https:\/\/www.cinc.com\/wp-content\/uploads\/Contingut-Stock-_6_-1024x576.webp",960,540,true],"1536x1536":["https:\/\/www.cinc.com\/wp-content\/uploads\/Contingut-Stock-_6_-1536x864.webp",1536,864,true],"2048x2048":["https:\/\/www.cinc.com\/wp-content\/uploads\/Contingut-Stock-_6_.webp",1920,1080,false],"gform-image-choice-sm":["https:\/\/www.cinc.com\/wp-content\/uploads\/Contingut-Stock-_6_.webp",300,169,false],"gform-image-choice-md":["https:\/\/www.cinc.com\/wp-content\/uploads\/Contingut-Stock-_6_.webp",400,225,false],"gform-image-choice-lg":["https:\/\/www.cinc.com\/wp-content\/uploads\/Contingut-Stock-_6_.webp",600,338,false]},"uagb_author_info":{"display_name":"Houda","author_link":"https:\/\/www.cinc.com\/ca\/author\/houda\/"},"uagb_comment_info":0,"uagb_excerpt":"Confer\u00e8ncies motivacionals i mentoria per impulsar el lideratge, la intel\u00b7lig\u00e8ncia emocional i el desenvolupament empresarial.","jetpack_sharing_enabled":true,"_links":{"self":[{"href":"https:\/\/www.cinc.com\/ca\/wp-json\/wp\/v2\/posts\/30053","targetHints":{"allow":["GET"]}}],"collection":[{"href":"https:\/\/www.cinc.com\/ca\/wp-json\/wp\/v2\/posts"}],"about":[{"href":"https:\/\/www.cinc.com\/ca\/wp-json\/wp\/v2\/types\/post"}],"author":[{"embeddable":true,"href":"https:\/\/www.cinc.com\/ca\/wp-json\/wp\/v2\/users\/302"}],"replies":[{"embeddable":true,"href":"https:\/\/www.cinc.com\/ca\/wp-json\/wp\/v2\/comments?post=30053"}],"version-history":[{"count":5,"href":"https:\/\/www.cinc.com\/ca\/wp-json\/wp\/v2\/posts\/30053\/revisions"}],"predecessor-version":[{"id":30176,"href":"https:\/\/www.cinc.com\/ca\/wp-json\/wp\/v2\/posts\/30053\/revisions\/30176"}],"wp:featuredmedia":[{"embeddable":true,"href":"https:\/\/www.cinc.com\/ca\/wp-json\/wp\/v2\/media\/30081"}],"wp:attachment":[{"href":"https:\/\/www.cinc.com\/ca\/wp-json\/wp\/v2\/media?parent=30053"}],"wp:term":[{"taxonomy":"category","embeddable":true,"href":"https:\/\/www.cinc.com\/ca\/wp-json\/wp\/v2\/categories?post=30053"},{"taxonomy":"post_tag","embeddable":true,"href":"https:\/\/www.cinc.com\/ca\/wp-json\/wp\/v2\/tags?post=30053"}],"curies":[{"name":"wp","href":"https:\/\/api.w.org\/{rel}","templated":true}]}}