{"id":3005,"date":"2020-07-30T00:00:00","date_gmt":"2020-07-30T00:00:00","guid":{"rendered":"https:\/\/www.cinc.com\/nova-convocatoria-extraordinaria-dajuts-per-al-manteniment-de-locupacio-en-microempreses-i-autonoms\/"},"modified":"2020-07-30T00:00:00","modified_gmt":"2020-07-30T00:00:00","slug":"nova-convocatoria-extraordinaria-dajuts-per-al-manteniment-de-locupacio-en-microempreses-i-autonoms","status":"publish","type":"post","link":"https:\/\/www.cinc.com\/ca\/nova-convocatoria-extraordinaria-dajuts-per-al-manteniment-de-locupacio-en-microempreses-i-autonoms\/","title":{"rendered":"Nova convocat\u00f2ria extraordin\u00e0ria d&#8217;ajuts per al manteniment de l&#8217;ocupaci\u00f3 en microempreses i aut\u00f2noms"},"content":{"rendered":"<div style=\"text-align: justify;\">\n<div>\n\t\tLa Generalitat de Catalunya ha publicat a trav&eacute;s del DOCG una nova convocat&ograve;ria d&#39;ajuts que tenen com a finalitat contribuir a manteniment de l&#39;ocupaci&oacute; de microempreses i aut&ograve;noms l&#39;activitat dels quals s&#39;ha vist suspesa per la crisi del COVID-19.<\/div>\n<div>\n\t\t&nbsp;<\/div>\n<div>\n\t\t<strong>Qui pot beneficiar-se d&#39;aquests ajuts?<\/strong><\/div>\n<div>\n\t\t&nbsp;<\/div>\n<ul>\n<li>\n\t\t\tMicroempreses constitu&iuml;des legalment i persones treballadores aut&ograve;nomes donades d&#39;alta en el RETA o a una mutualitat de col&middot;legi professional com a sistema alternatiu, amb establiment operatiu a Catalunya i que ocupin fins a 10 persones treballadores.<\/li>\n<li>\n\t\t\tAquestes microempreses i aut&ograve;noms hauran de mantenir el 100% de la plantilla que tenien en el moment en qu&egrave; es va declarar l&#39;estat d&#39;alarma, com a m&iacute;nim, durant els 12 mesos seg&uuml;ents a l&#39;atorgament de l&#39;ajut per reinici d&#39;activitat.<\/li>\n<li>\n\t\t\tLa seva activitat haur&agrave; d&#39;haver estat suspesa per la declaraci&oacute; d&#39;estat d&#39;alarma.<\/li>\n<\/ul>\n<div>\n\t\t<strong>En quins sup&ograve;sits es considera la suspensi&oacute; d&#39;activitat?<\/strong><\/div>\n<div>\n\t\t&nbsp;<\/div>\n<ul>\n<li>\n\t\t\tTots aquells establiments indicats a l&#39;article 10 i l&#39;annex del Reial Decret 463\/2020 i qualsevol altra normativa que li afecti.<\/li>\n<li>\n\t\t\tCom a conseq&uuml;&egrave;ncia d&#39;haver patit una reducci&oacute; dr&agrave;stica i involunt&agrave;ria de m&eacute;s del 75% de la seva facturaci&oacute; durant el per&iacute;ode en qu&egrave;, segons la normativa vigent, hagi estat suspesa, en comparaci&oacute; del mateix any anterior, a conseq&uuml;&egrave;ncia dels efectes de COVID-19.<\/li>\n<li>\n\t\t\tEn cas de persones treballadores aut&ograve;nomes o microempreses amb una antiguitat inferior a un any, la comparaci&oacute; s&#39;ha de fer fent la mitjana dels resultats des de l&#39;alta al RETA o inscripci&oacute;.<\/li>\n<\/ul>\n<div>\n\t\t<strong>Quins s&oacute;n els requisits per a sol&middot;licitar aquests ajuts?<\/strong><\/div>\n<div>\n\t\t&nbsp;<\/div>\n<ul>\n<li>\n\t\t\tSer treballador aut&ograve;nom o microempresa que contracti fins a 10 persones amb un volum de negoci anual o balan&ccedil; general actual que no superi els 2 milions d&#39;euros, constitu&iuml;des legalment i amb establiment operatiu a Catalunya. Queden incloses les societats civils privades i les comunitats de b&eacute;ns que ocupin fins a 10 treballadors. S&#39;exclouen les persones membres d&#39;administraci&oacute; de societats, s&ograve;cies de cooperatives o societats laborals i treballadors aut&ograve;noms col&middot;laboradors.<\/li>\n<li>\n\t\t\tEstar en situaci&oacute; d&#39;alta en el RETA o en una mutualitat de col&middot;legi professional com a sistema alternatiu (en el cas de les persones aut&ograve;nomes) i estar legalment constitu&iuml;des en el cas de les microempreses, abans de el 14 de mar&ccedil; de 2020.<\/li>\n<li>\n\t\t\tTenir domicili fiscal i, si fos el cas, tenir el centre de treball de la persona treballadora aut&ograve;noma o microempresa situat en un municipi de Catalunya.<\/li>\n<li>\n\t\t\tHaver susp&egrave;s l&#39;activitat econ&ograve;mica com a mesura derivada de l&#39;aplicaci&oacute; de Reial Decret 463\/2020 de 14 de mar&ccedil;, o b&eacute; haver patit una reducci&oacute; dr&agrave;stica i involunt&agrave;ria de l&#39;activitat en un 75% com a conseq&uuml;&egrave;ncia en comparaci&oacute; amb el per&iacute;ode de l&#39;any anterior.<\/li>\n<\/ul>\n<div>\n\t\t<strong>Quina quantia t&eacute; l&#39;ajut?<\/strong><\/div>\n<div>\n\t\t&nbsp;<\/div>\n<div>\n\t\tL&#39;import de la subvenci&oacute; &eacute;s un m&ograve;dul econ&ograve;mic de 4.369 euros per persona treballadora fins a un m&agrave;xim de tres unitats de m&ograve;dul (m&agrave;xim 3 treballadors\/es).<\/div>\n<div>\n\t\t&nbsp;<\/div>\n<div>\n\t\t<strong>&Eacute;s compatible amb altres ajuts?<\/strong><\/div>\n<div>\n\t\t&nbsp;<\/div>\n<div>\n\t\tAquests ajuts s&oacute;n compatibles amb qualsevol altre ajut concedida amb la mateixa finalitat que estigui finan&ccedil;at per altres administracions o entitats p&uacute;bliques o privades, ja siguin d&#39;&agrave;mbit local, nacional, estatal, Uni&oacute; Europea o organismes, incloses les reduccions dels costos de la Seguretat social.<\/div>\n<div>\n\t\t&nbsp;<\/div>\n<div>\n\t\t<strong>Quines despeses s&oacute;n subvencionables?<\/strong><\/div>\n<div>\n\t\t&nbsp;<\/div>\n<ul>\n<li>\n\t\t\tEls costos laborals dels treballadors que formin part de la plantilla de microempreses i aut&ograve;noms, fins a un m&agrave;xim de tres, durant un per&iacute;ode de 6 mesos des del reinici de l&#39;activitat.<\/li>\n<li>\n\t\t\tEl manteniment de l&#39;ocupaci&oacute; de les persones treballadores contractades a les microempreses i per part de persones treballadores aut&ograve;nomes.<\/li>\n<\/ul>\n<div>\n\t\t<strong>En quins sup&ograve;sits es considerar&agrave; a les persones treballadores com a plantilla?<\/strong><\/div>\n<div>\n\t\t&nbsp;<\/div>\n<ul>\n<li>\n\t\t\tEs comptabilitzaran a les persones treballadores que estiguessin formant part de la seva plantilla en el moment en qu&egrave; es va declarar l&#39;estat d&#39;alarma i l&#39;hagin mantingut durant el per&iacute;ode de suspensi&oacute; de l&#39;activitat empresarial provocada per l&#39;estat d&#39;alarma. Aix&iacute; mateix, ha d&#39;existir un contracte formalitzat entre la persona treballadora i l&#39;entitat benefici&agrave;ria, en qualsevol modalitat contractual i una jornada igual o superior a l&#39;50%.<\/li>\n<li>\n\t\t\tLes baixes volunt&agrave;ries de les persones treballadores, tant si les entitats benefici&agrave;ries les han pogut substituir com si no, s&#39;han de considerar plantilla a efectes de compliment de l&#39;objecte de la subvenci&oacute;.<\/li>\n<li>\n\t\t\tEls sup&ograve;sits en qu&egrave; la relaci&oacute; contractual s&#39;extingeixi per causes objectives o per acomiadament disciplinari quan un o altre sigui declarat o reconegut procedent, la dimissi&oacute;, mort, jubilaci&oacute; o incapacitat permanent total o absoluta o gran invalidesa de treballador i per la crida de les persones amb contracte fix discontinu, quan aquest no suposi un acomiadament sin&oacute; la seva interrupci&oacute; o per expiraci&oacute; de el temps convingut o realitzaci&oacute; de l&#39;obra o servei objecte de el contracte, o per resoluci&oacute; durant el per&iacute;ode de prova seran considerades plantilla a efectes de compliment de l&#39;objecte de la subvenci&oacute;.<\/li>\n<li>\n\t\t\tLes entitats benefici&agrave;ries hauran d&#39;identificar les persones que formen part de la seva plantilla en el moment de declarar l&#39;estat d&#39;alarma, i acreditar la seva perman&egrave;ncia un cop esgotat el termini de dotze mesos, d&#39;acord amb les condicions previstes en l&#39;apartat anterior.<\/li>\n<\/ul>\n<div>\n\t\t<strong>Quin &eacute;s el termini de presentaci&oacute; d&#39;aquests ajuts?<\/strong><\/div>\n<div>\n\t\t&nbsp;<\/div>\n<div>\n\t\tEl termini est&agrave; obert des del 31 de juliol al 30 de setembre del 2020.<\/div>\n<\/div>\n<p>\n\t&nbsp;<\/p>\n","protected":false},"excerpt":{"rendered":"<p style=\"text-align: justify;\">\n\tLa Generalitat de Catalunya ha publicat a trav&eacute;s del DOCG una nova convocat&ograve;ria d&#39;ajuts que tenen com a finalitat contribuir a manteniment de l&#39;ocupaci&oacute; de microempreses i aut&ograve;noms l&#39;activitat s&#39;ha vist suspesa per la crisi de COVID-19.<\/p>\n","protected":false},"author":2,"featured_media":3006,"comment_status":"open","ping_status":"open","sticky":false,"template":"","format":"standard","meta":{"_acf_changed":false,"_uag_custom_page_level_css":"","_jetpack_memberships_contains_paid_content":false,"footnotes":""},"categories":[18],"tags":[],"class_list":["post-3005","post","type-post","status-publish","format-standard","has-post-thumbnail","hentry","category-assessoria"],"acf":[],"jetpack_featured_media_url":"https:\/\/www.cinc.com\/wp-content\/uploads\/2023\/03\/894.jpg","uagb_featured_image_src":{"full":["https:\/\/www.cinc.com\/wp-content\/uploads\/2023\/03\/894.jpg",1113,361,false],"thumbnail":["https:\/\/www.cinc.com\/wp-content\/uploads\/2023\/03\/894.jpg",150,49,false],"medium":["https:\/\/www.cinc.com\/wp-content\/uploads\/2023\/03\/894.jpg",300,97,false],"medium_large":["https:\/\/www.cinc.com\/wp-content\/uploads\/2023\/03\/894.jpg",768,249,false],"large":["https:\/\/www.cinc.com\/wp-content\/uploads\/2023\/03\/894.jpg",960,311,false],"1536x1536":["https:\/\/www.cinc.com\/wp-content\/uploads\/2023\/03\/894.jpg",1113,361,false],"2048x2048":["https:\/\/www.cinc.com\/wp-content\/uploads\/2023\/03\/894.jpg",1113,361,false],"gform-image-choice-sm":["https:\/\/www.cinc.com\/wp-content\/uploads\/2023\/03\/894.jpg",300,97,false],"gform-image-choice-md":["https:\/\/www.cinc.com\/wp-content\/uploads\/2023\/03\/894.jpg",400,130,false],"gform-image-choice-lg":["https:\/\/www.cinc.com\/wp-content\/uploads\/2023\/03\/894.jpg",600,195,false]},"uagb_author_info":{"display_name":"Utrans","author_link":"https:\/\/www.cinc.com\/ca\/author\/utrans\/"},"uagb_comment_info":0,"uagb_excerpt":"La Generalitat de Catalunya ha publicat a trav&eacute;s del DOCG una nova convocat&ograve;ria d&#39;ajuts que tenen com a finalitat contribuir a manteniment de l&#39;ocupaci&oacute; de microempreses i aut&ograve;noms l&#39;activitat s&#39;ha vist suspesa per la crisi de COVID-19.","jetpack_sharing_enabled":true,"_links":{"self":[{"href":"https:\/\/www.cinc.com\/ca\/wp-json\/wp\/v2\/posts\/3005","targetHints":{"allow":["GET"]}}],"collection":[{"href":"https:\/\/www.cinc.com\/ca\/wp-json\/wp\/v2\/posts"}],"about":[{"href":"https:\/\/www.cinc.com\/ca\/wp-json\/wp\/v2\/types\/post"}],"author":[{"embeddable":true,"href":"https:\/\/www.cinc.com\/ca\/wp-json\/wp\/v2\/users\/2"}],"replies":[{"embeddable":true,"href":"https:\/\/www.cinc.com\/ca\/wp-json\/wp\/v2\/comments?post=3005"}],"version-history":[{"count":0,"href":"https:\/\/www.cinc.com\/ca\/wp-json\/wp\/v2\/posts\/3005\/revisions"}],"wp:featuredmedia":[{"embeddable":true,"href":"https:\/\/www.cinc.com\/ca\/wp-json\/wp\/v2\/media\/3006"}],"wp:attachment":[{"href":"https:\/\/www.cinc.com\/ca\/wp-json\/wp\/v2\/media?parent=3005"}],"wp:term":[{"taxonomy":"category","embeddable":true,"href":"https:\/\/www.cinc.com\/ca\/wp-json\/wp\/v2\/categories?post=3005"},{"taxonomy":"post_tag","embeddable":true,"href":"https:\/\/www.cinc.com\/ca\/wp-json\/wp\/v2\/tags?post=3005"}],"curies":[{"name":"wp","href":"https:\/\/api.w.org\/{rel}","templated":true}]}}