{"id":3000,"date":"2020-07-09T00:00:00","date_gmt":"2020-07-09T00:00:00","guid":{"rendered":"https:\/\/www.cinc.com\/inspeccio-de-treball-vigilara-les-empreses-que-incompleixin-les-mesures-de-proteccio-davant-del-covid\/"},"modified":"2020-07-09T00:00:00","modified_gmt":"2020-07-09T00:00:00","slug":"inspeccio-de-treball-vigilara-les-empreses-que-incompleixin-les-mesures-de-proteccio-davant-del-covid","status":"publish","type":"post","link":"https:\/\/www.cinc.com\/ca\/inspeccio-de-treball-vigilara-les-empreses-que-incompleixin-les-mesures-de-proteccio-davant-del-covid\/","title":{"rendered":"Inspecci\u00f3 de Treball vigilar\u00e0 les empreses que incompleixin les mesures de protecci\u00f3 davant del COVID"},"content":{"rendered":"<div style=\"text-align: justify;\">\n<div>\n<div>\n\t\t\tMitjan&ccedil;ant el Reial decret-llei 26\/2020, de 7 de juliol, el Govern ha habilitat de forma extraordin&agrave;ria la Inspecci&oacute; de Treball per vigilar les empreses que incompleixin amb les mesures sanit&agrave;ries davant del COVID-19.<\/div>\n<div>\n\t\t\t&nbsp;<\/div>\n<div>\n\t\t\tS&#39;inclou en l&#39;&agrave;mbit de l&#39;habilitaci&oacute; la facultat de vigilar el compliment de les obligacions exigibles en mat&egrave;ria d&#39;higiene en els centres de treball, de protecci&oacute; personal de les persones treballadores i d&#39;adaptaci&oacute; de les condicions de treball, l&#39;organitzaci&oacute; dels torns o l&#39;ordenaci&oacute; dels llocs de treball i l&#39;&uacute;s de les zones comunes.<\/div>\n<div>\n\t\t\t&nbsp;<\/div>\n<div>\n\t\t\tLes infraccions poden anar des dels 2.046 euros fins als 40.985 euros.<\/div>\n<div>\n\t\t\t&nbsp;<\/div>\n<\/p><\/div>\n<\/div>\n<p>\n\t&nbsp;<\/p>\n","protected":false},"excerpt":{"rendered":"<p style=\"text-align: justify;\">\n\tMitjan&ccedil;ant el Reial decret-llei 26\/2020, de 7 de juliol, el Govern ha habilitat de forma extraordin&agrave;ria la Inspecci&oacute; de Treball per vigilar les empreses que incompleixin amb les mesures sanit&agrave;ries davant del COVID-19.<\/p>\n","protected":false},"author":2,"featured_media":3001,"comment_status":"open","ping_status":"open","sticky":false,"template":"","format":"standard","meta":{"_acf_changed":false,"_uag_custom_page_level_css":"","_jetpack_memberships_contains_paid_content":false,"footnotes":""},"categories":[18],"tags":[],"class_list":["post-3000","post","type-post","status-publish","format-standard","has-post-thumbnail","hentry","category-assessoria"],"acf":[],"jetpack_featured_media_url":"https:\/\/www.cinc.com\/wp-content\/uploads\/2023\/03\/893.jpg","uagb_featured_image_src":{"full":["https:\/\/www.cinc.com\/wp-content\/uploads\/2023\/03\/893.jpg",1111,361,false],"thumbnail":["https:\/\/www.cinc.com\/wp-content\/uploads\/2023\/03\/893.jpg",150,49,false],"medium":["https:\/\/www.cinc.com\/wp-content\/uploads\/2023\/03\/893.jpg",300,97,false],"medium_large":["https:\/\/www.cinc.com\/wp-content\/uploads\/2023\/03\/893.jpg",768,250,false],"large":["https:\/\/www.cinc.com\/wp-content\/uploads\/2023\/03\/893.jpg",960,312,false],"1536x1536":["https:\/\/www.cinc.com\/wp-content\/uploads\/2023\/03\/893.jpg",1111,361,false],"2048x2048":["https:\/\/www.cinc.com\/wp-content\/uploads\/2023\/03\/893.jpg",1111,361,false],"gform-image-choice-sm":["https:\/\/www.cinc.com\/wp-content\/uploads\/2023\/03\/893.jpg",300,97,false],"gform-image-choice-md":["https:\/\/www.cinc.com\/wp-content\/uploads\/2023\/03\/893.jpg",400,130,false],"gform-image-choice-lg":["https:\/\/www.cinc.com\/wp-content\/uploads\/2023\/03\/893.jpg",600,195,false]},"uagb_author_info":{"display_name":"Utrans","author_link":"https:\/\/www.cinc.com\/ca\/author\/utrans\/"},"uagb_comment_info":0,"uagb_excerpt":"Mitjan&ccedil;ant el Reial decret-llei 26\/2020, de 7 de juliol, el Govern ha habilitat de forma extraordin&agrave;ria la Inspecci&oacute; de Treball per vigilar les empreses que incompleixin amb les mesures sanit&agrave;ries davant del COVID-19.","jetpack_sharing_enabled":true,"_links":{"self":[{"href":"https:\/\/www.cinc.com\/ca\/wp-json\/wp\/v2\/posts\/3000","targetHints":{"allow":["GET"]}}],"collection":[{"href":"https:\/\/www.cinc.com\/ca\/wp-json\/wp\/v2\/posts"}],"about":[{"href":"https:\/\/www.cinc.com\/ca\/wp-json\/wp\/v2\/types\/post"}],"author":[{"embeddable":true,"href":"https:\/\/www.cinc.com\/ca\/wp-json\/wp\/v2\/users\/2"}],"replies":[{"embeddable":true,"href":"https:\/\/www.cinc.com\/ca\/wp-json\/wp\/v2\/comments?post=3000"}],"version-history":[{"count":0,"href":"https:\/\/www.cinc.com\/ca\/wp-json\/wp\/v2\/posts\/3000\/revisions"}],"wp:featuredmedia":[{"embeddable":true,"href":"https:\/\/www.cinc.com\/ca\/wp-json\/wp\/v2\/media\/3001"}],"wp:attachment":[{"href":"https:\/\/www.cinc.com\/ca\/wp-json\/wp\/v2\/media?parent=3000"}],"wp:term":[{"taxonomy":"category","embeddable":true,"href":"https:\/\/www.cinc.com\/ca\/wp-json\/wp\/v2\/categories?post=3000"},{"taxonomy":"post_tag","embeddable":true,"href":"https:\/\/www.cinc.com\/ca\/wp-json\/wp\/v2\/tags?post=3000"}],"curies":[{"name":"wp","href":"https:\/\/api.w.org\/{rel}","templated":true}]}}