{"id":29990,"date":"2025-05-07T12:34:27","date_gmt":"2025-05-07T11:34:27","guid":{"rendered":"https:\/\/www.cinc.com\/?p=29990"},"modified":"2025-05-07T12:52:30","modified_gmt":"2025-05-07T11:52:30","slug":"per-que-cada-vegada-mes-empreses-prefereixen-llogar-oficines-privades-en-lloc-de-coworkings","status":"publish","type":"post","link":"https:\/\/www.cinc.com\/ca\/per-que-cada-vegada-mes-empreses-prefereixen-llogar-oficines-privades-en-lloc-de-coworkings\/","title":{"rendered":"Per qu\u00e8 cada vegada m\u00e9s empreses prefereixen llogar oficines privades en lloc de coworkings?"},"content":{"rendered":"\n<p>La manera com treballem ha canviat, i amb aix\u00f2, tamb\u00e9 ho ha fet la forma d\u2019entendre els espais professionals. Ja no n\u2019hi ha prou amb tenir un escriptori disponible; les empreses busquen entorns que acompanyin la seva evoluci\u00f3, transmetin la seva identitat i s\u2019adaptin al seu ritme de creixement.<\/p>\n\n\n\n<p>El lloguer d\u2019espais de treball ha evolucionat m\u00e9s enll\u00e0 del coworking tradicional, i les empreses en s\u00f3n conscients.<\/p>\n\n\n\n<p><\/p>\n\n\n\n<div class=\"wp-block-uagb-advanced-heading uagb-block-ec59a61d\"><h2 class=\"uagb-heading-text\">Noves demandes en el lloguer d\u2019espais de treball<\/h2><\/div>\n\n\n\n<p>Cada vegada s\u00f3n m\u00e9s les empreses que valoren aspectes com la privacitat, la personalitzaci\u00f3 i l\u2019escalabilitat a l\u2019hora d\u2019escollir un entorn de treball. Aquestes noves prioritats han convertit el model d\u2019oficina privada en una de les opcions m\u00e9s buscades per les empreses que volen projectar una imatge professional i tenir un major control sobre el seu dia a dia.<\/p>\n\n\n\n<p>A l\u2019hora de decidir el lloguer d\u2019un espai de treball, moltes empreses ja no prioritzen nom\u00e9s el preu o la ubicaci\u00f3, sin\u00f3 tamb\u00e9 la possibilitat d\u2019adaptar l\u2019espai a la seva operativa. El nostre<a href=\"https:\/\/www.cinc.com\/ca\/oficines-privades-a-barcelona\/\"> lloguer d\u2019oficines a Barcelona<\/a> ofereix un entorn exclusiu, m\u00e9s silenci\u00f3s i preparat per a reunions, trucades o tasques que requereixen concentraci\u00f3.<\/p>\n\n\n\n<p>Aix\u00ed mateix, per a aquells que busquen flexibilitat, comptem amb el model d\u2019<a href=\"https:\/\/www.cinc.com\/ca\/oficines-flexibles-la-solucio-ideal-per-a-empreses-en-creixement\/\">oficina flexible<\/a>, espais que permeten escalar sense compromisos a llarg termini i amb serveis integrats.<\/p>\n\n\n\n<p><br>Aquest enfocament mixt combina la privacitat amb l\u2019adaptabilitat i redefineix com ha de ser l\u2019entorn ideal per treballar.<\/p>\n\n\n\n<p><\/p>\n\n\n\n<div class=\"wp-block-uagb-advanced-heading uagb-block-4591ba84\"><h2 class=\"uagb-heading-text\">Quan \u00e9s millor optar per un coworking o per una oficina privada?<\/h2><\/div>\n\n\n\n<p>Els coworkings poden ser \u00fatils en etapes inicials o per a professionals independents que busquen espais col\u00b7laboratius. Tanmateix, quan una empresa necessita estabilitat, un entorn professional propi i una major concentraci\u00f3, optar per un espai exclusiu \u00e9s la decisi\u00f3 m\u00e9s estrat\u00e8gica.<\/p>\n\n\n\n<p>Disposar d\u2019un espai a mida permet organitzar el dia a dia amb m\u00e9s efic\u00e0cia i refor\u00e7ar la identitat de marca, quelcom dif\u00edcil d\u2019aconseguir en espais compartits.<\/p>\n\n\n\n<p>A m\u00e9s de l\u2019entorn f\u00edsic, tenir un espai propi tamb\u00e9 influeix en la din\u00e0mica de l\u2019equip. Comptar amb un entorn definit afavoreix la creaci\u00f3 d\u2019una cultura interna m\u00e9s s\u00f2lida, millora la sensaci\u00f3 de pertinen\u00e7a i facilita que les persones se sentin part d\u2019un projecte estable.<\/p>\n\n\n\n<p>Mentre que els espais compartits fomenten l\u2019intercanvi i la socialitzaci\u00f3, un entorn exclusiu permet establir rutines m\u00e9s enfocades, millorar la concentraci\u00f3 i crear una identitat d\u2019empresa m\u00e9s clara. Aix\u00f2 \u00e9s especialment important en equips que treballen amb metodologies \u00e0gils, processos confidencials o atenci\u00f3 directa a clients.<\/p>\n\n\n\n<p><\/p>\n\n\n\n<div class=\"wp-block-uagb-advanced-heading uagb-block-b471fd1d\"><h2 class=\"uagb-heading-text\">Busques un lloguer d\u2019espai de treball professional i flexible?<\/h2><\/div>\n\n\n\n<p>A CINC posem al teu abast el lloguer d\u2019espais de treball ideal perqu\u00e8 la teva empresa creixi amb les millors condicions: des d\u2019oficines privades a Barcelona totalment equipades i amb imatge professional, fins a solucions d\u2019oficina flexible pensades per a empreses en expansi\u00f3.<\/p>\n\n\n\n<p><\/p>\n\n\n\n<div class=\"wp-block-uagb-buttons uagb-buttons__outer-wrap uagb-btn__default-btn uagb-btn-tablet__default-btn uagb-btn-mobile__default-btn uagb-block-00420264\"><div class=\"uagb-buttons__wrap uagb-buttons-layout-wrap \">\n<div class=\"wp-block-uagb-buttons-child uagb-buttons__outer-wrap uagb-block-86d5a8da wp-block-button\"><div class=\"uagb-button__wrapper\"><a class=\"uagb-buttons-repeater wp-block-button__link\" aria-label=\"\" href=\"https:\/\/www.cinc.com\/ca\/contacte\/\" rel=\"follow noopener\" target=\"_blank\" role=\"button\"><div class=\"uagb-button__link\">Contacta&#8217;ns<\/div><\/a><\/div><\/div>\n<\/div><\/div>\n\n\n\n<p><\/p>\n","protected":false},"excerpt":{"rendered":"<p>Cada cop m\u00e9s emprses opten per oficines privades abans que el coworking. T\u2019expliquem per qu\u00e8 i quins avantatges ofereix el lloguer d\u2019espais de treball. <\/p>\n","protected":false},"author":302,"featured_media":29981,"comment_status":"closed","ping_status":"closed","sticky":false,"template":"","format":"standard","meta":{"_acf_changed":false,"_uag_custom_page_level_css":"","_jetpack_memberships_contains_paid_content":false,"footnotes":""},"categories":[207,17],"tags":[],"class_list":["post-29990","post","type-post","status-publish","format-standard","has-post-thumbnail","hentry","category-business-hub","category-centre-de-negocis"],"acf":[],"jetpack_featured_media_url":"https:\/\/www.cinc.com\/wp-content\/uploads\/editada-4-26.webp","uagb_featured_image_src":{"full":["https:\/\/www.cinc.com\/wp-content\/uploads\/editada-4-26.webp",2048,1365,false],"thumbnail":["https:\/\/www.cinc.com\/wp-content\/uploads\/editada-4-26-150x150.webp",150,150,true],"medium":["https:\/\/www.cinc.com\/wp-content\/uploads\/editada-4-26-300x200.webp",300,200,true],"medium_large":["https:\/\/www.cinc.com\/wp-content\/uploads\/editada-4-26-768x512.webp",768,512,true],"large":["https:\/\/www.cinc.com\/wp-content\/uploads\/editada-4-26-1024x683.webp",960,640,true],"1536x1536":["https:\/\/www.cinc.com\/wp-content\/uploads\/editada-4-26-1536x1024.webp",1536,1024,true],"2048x2048":["https:\/\/www.cinc.com\/wp-content\/uploads\/editada-4-26.webp",2048,1365,false],"gform-image-choice-sm":["https:\/\/www.cinc.com\/wp-content\/uploads\/editada-4-26.webp",300,200,false],"gform-image-choice-md":["https:\/\/www.cinc.com\/wp-content\/uploads\/editada-4-26.webp",400,267,false],"gform-image-choice-lg":["https:\/\/www.cinc.com\/wp-content\/uploads\/editada-4-26.webp",600,400,false]},"uagb_author_info":{"display_name":"Houda","author_link":"https:\/\/www.cinc.com\/ca\/author\/houda\/"},"uagb_comment_info":0,"uagb_excerpt":"Cada cop m\u00e9s emprses opten per oficines privades abans que el coworking. T\u2019expliquem per qu\u00e8 i quins avantatges ofereix el lloguer d\u2019espais de treball.","jetpack_sharing_enabled":true,"_links":{"self":[{"href":"https:\/\/www.cinc.com\/ca\/wp-json\/wp\/v2\/posts\/29990","targetHints":{"allow":["GET"]}}],"collection":[{"href":"https:\/\/www.cinc.com\/ca\/wp-json\/wp\/v2\/posts"}],"about":[{"href":"https:\/\/www.cinc.com\/ca\/wp-json\/wp\/v2\/types\/post"}],"author":[{"embeddable":true,"href":"https:\/\/www.cinc.com\/ca\/wp-json\/wp\/v2\/users\/302"}],"replies":[{"embeddable":true,"href":"https:\/\/www.cinc.com\/ca\/wp-json\/wp\/v2\/comments?post=29990"}],"version-history":[{"count":3,"href":"https:\/\/www.cinc.com\/ca\/wp-json\/wp\/v2\/posts\/29990\/revisions"}],"predecessor-version":[{"id":29997,"href":"https:\/\/www.cinc.com\/ca\/wp-json\/wp\/v2\/posts\/29990\/revisions\/29997"}],"wp:featuredmedia":[{"embeddable":true,"href":"https:\/\/www.cinc.com\/ca\/wp-json\/wp\/v2\/media\/29981"}],"wp:attachment":[{"href":"https:\/\/www.cinc.com\/ca\/wp-json\/wp\/v2\/media?parent=29990"}],"wp:term":[{"taxonomy":"category","embeddable":true,"href":"https:\/\/www.cinc.com\/ca\/wp-json\/wp\/v2\/categories?post=29990"},{"taxonomy":"post_tag","embeddable":true,"href":"https:\/\/www.cinc.com\/ca\/wp-json\/wp\/v2\/tags?post=29990"}],"curies":[{"name":"wp","href":"https:\/\/api.w.org\/{rel}","templated":true}]}}