{"id":29545,"date":"2025-04-11T12:10:16","date_gmt":"2025-04-11T11:10:16","guid":{"rendered":"https:\/\/www.cinc.com\/?p=29545"},"modified":"2025-04-14T14:01:56","modified_gmt":"2025-04-14T13:01:56","slug":"entrevista-a-alpinaluz","status":"publish","type":"post","link":"https:\/\/www.cinc.com\/ca\/entrevista-a-alpinaluz\/","title":{"rendered":"Entrevista a Alpinaluz"},"content":{"rendered":"\n<p><strong>Any de fundaci\u00f3:<\/strong> 2023<\/p>\n\n\n\n<p><strong>Sector:<\/strong> Il\u00b7luminaci\u00f3 decorativa i t\u00e8cnica per a llars, comer\u00e7os i projectes professionals.<\/p>\n\n\n\n<p><strong>Ubicaci\u00f3:<\/strong> Cardedeu (Barcelona)<\/p>\n\n\n\n<p><strong>Lloc web:<\/strong> <a class=\"\" href=\"https:\/\/www.alpinaluz.com\/\">https:\/\/www.alpinaluz.com\/<\/a><br><\/p>\n\n\n\n<div class=\"wp-block-uagb-advanced-heading uagb-block-ca27e80c\"><h2 class=\"uagb-heading-text\">A qu\u00e8 es dedica Alpinaluz i com va sorgir la seva creaci\u00f3?<\/h2><\/div>\n\n\n\n<p><strong>ALPINALUZ<\/strong> \u00e9s una empresa especialitzada en solucions d&#8217;il\u00b7luminaci\u00f3 decorativa i t\u00e8cnica per a llars, comer\u00e7os i projectes professionals. Va n\u00e9ixer amb l&#8217;objectiu d&#8217;oferir productes d&#8217;il\u00b7luminaci\u00f3 de disseny, eficients i accessibles, eliminant intermediaris. La nostra creaci\u00f3 respon a una passi\u00f3 per la llum i per millorar els espais dels nostres clients amb solucions pr\u00e0ctiques, est\u00e8tiques i sostenibles.<br><\/p>\n\n\n\n<div class=\"wp-block-uagb-advanced-heading uagb-block-8b9fa504\"><h2 class=\"uagb-heading-text\">Oferiu productes d&#8217;il\u00b7luminaci\u00f3 directa de f\u00e0brica. Com beneficia aquest model als vostres clients en preu i qualitat?<\/h2><\/div>\n\n\n\n<p>Treballant de manera directa amb la f\u00e0brica, a <strong>ALPINALUZ<\/strong> controlem tot el proc\u00e9s: disseny, fabricaci\u00f3 i venda. Aix\u00f2 ens permet oferir productes amb una excel\u00b7lent relaci\u00f3 qualitat-preu, sense sobrecostos per distribuci\u00f3. A m\u00e9s, en no dependre de tercers, assegurem la consist\u00e8ncia en la qualitat, adaptant-nos r\u00e0pidament a les necessitats del mercat i oferint productes fiables i amb garanties.<br><\/p>\n\n\n\n<div class=\"wp-block-uagb-advanced-heading uagb-block-063fe23e\"><h2 class=\"uagb-heading-text\">Els vostres cat\u00e0legs abasten des d&#8217;il\u00b7luminaci\u00f3 interior fins a solucions professionals. Com seleccioneu els productes que oferiu per satisfer les diverses necessitats dels clients?<\/h2><\/div>\n\n\n\n<p>A <strong>ALPINALUZ<\/strong> seleccionem cada producte amb un enfocament molt cuidat. Ens guiarem per les tend\u00e8ncies de disseny, les exig\u00e8ncies t\u00e8cniques i la funcionalitat real que busquen els nostres clients. Sempre avaluem cada producte abans d&#8217;incloure&#8217;l al nostre cat\u00e0leg, assegurant-nos que compleixi amb criteris d&#8217;est\u00e8tica, efici\u00e8ncia i durabilitat. A m\u00e9s, valorem molt l&#8217;experi\u00e8ncia de l&#8217;usuari i l&#8217;impacte ambiental de cada soluci\u00f3.<br><\/p>\n\n\n\n<div class=\"wp-block-uagb-advanced-heading uagb-block-33d0c56c\"><h2 class=\"uagb-heading-text\">Per a aquells que busquen millorar la il\u00b7luminaci\u00f3 de la seva llar o negoci, quines recomanacions b\u00e0siques els donaries per prendre decisions encertades?<\/h2><\/div>\n\n\n\n<p>Recomanem tenir en compte tres claus:<\/p>\n\n\n\n<ol class=\"wp-block-list\">\n<li><strong>Definir l&#8217;\u00fas de l&#8217;espai<\/strong>. No \u00e9s el mateix il\u00b7luminar un sal\u00f3 que un passad\u00eds o una oficina.<\/li>\n\n\n\n<li><strong>Escollir la temperatura de color adequada<\/strong>. Les llums c\u00e0lides (2700-3000K) s\u00f3n ideals per a la llar; les neutres o fredes (4000-6000K) per a zones de treball.<\/li>\n\n\n\n<li><strong>Combinar capes de llum.<\/strong> Una bona il\u00b7luminaci\u00f3 no nom\u00e9s \u00e9s funcional, tamb\u00e9 aporta ambient. Barrejar llum general, puntual i decorativa sempre millora el resultat.<br><\/li>\n<\/ol>\n\n\n\n<div class=\"wp-block-uagb-advanced-heading uagb-block-b705eeb3\"><h2 class=\"uagb-heading-text\">Us mostreu orgullosos d&#8217;haver il\u00b7luminat el Rac\u00f3 dels Campions del camp de futbol de Bufal\u00e0. Com va sorgir aquesta iniciativa i qu\u00e8 significa per a vosaltres donar suport a projectes comunitaris?<\/h2><\/div>\n\n\n\n<p>El Rac\u00f3 dels Campions representa una hist\u00f2ria d&#8217;esfor\u00e7 i orgull local. Com a empresa amb arrels a Badalona, per a <strong>ALPINALUZ<\/strong> va ser un honor poder col\u00b7laborar en aquest projecte. La iniciativa va sorgir a trav\u00e9s del vincle amb la comunitat i reflecteix el nostre comprom\u00eds amb els valors socials, l&#8217;esport i l&#8217;entorn. Creiem que la llum tamb\u00e9 pot explicar hist\u00f2ries i destacar el millor dels nostres barris.<\/p>\n\n\n\n<p><\/p>\n\n\n\n<div class=\"wp-block-uagb-advanced-heading uagb-block-ba7c02bc\"><h2 class=\"uagb-heading-text\">El comer\u00e7 online ofereix moltes oportunitats per arribar a m\u00e9s clients. Quins han estat els principals reptes en aquest \u00e0mbit i com heu aconseguit aprofitar al m\u00e0xim les seves avantatges?<\/h2><\/div>\n\n\n\n<p>El major repte ha estat transmetre la qualitat del producte sense contacte f\u00edsic. Per afrontar-ho, hem treballat a millorar les nostres descripcions, imatges, v\u00eddeos i atenci\u00f3 al client. A trav\u00e9s de la nostra botiga online i els marketplaces, <strong>ALPINALUZ<\/strong> ha pogut cr\u00e9ixer, exportar a diversos pa\u00efsos i entendre millor les prefer\u00e8ncies de cada perfil de client. Aprofiitem el canal digital per estar m\u00e9s a prop, respondre m\u00e9s r\u00e0pidament i adaptar-nos millor. <br><\/p>\n\n\n\n<div class=\"wp-block-uagb-advanced-heading uagb-block-1c2a0920\"><h2 class=\"uagb-heading-text\">Qu\u00e8 \u00e9s el que m\u00e9s valoreu de CINC Assessoria?<\/h2><\/div>\n\n\n\n<p>El que m\u00e9s valorem de <strong>CINC Assessoria<\/strong> \u00e9s la seva atenci\u00f3 personalitzada, el seu comprom\u00eds i la seva efici\u00e8ncia. Ens assessoren amb claredat, resolen dubtes amb rapidesa i ens ajuden a prendre decisions estrat\u00e8giques amb confian\u00e7a. Sentim que tenim un equip de suport que s&#8217;involucra en el nostre creixement i ens acompanya en els reptes del dia a dia.<\/p>\n\n\n\n<p><\/p>\n","protected":false},"excerpt":{"rendered":"<p>Des de Cardedeu, Alpina Luz il\u00b7lumina llars, comer\u00e7os i projectes professionals combinant disseny i efici\u00e8ncia. Vam parlar amb el seu equip per descobrir com neix la seva passi\u00f3 per la llum, qu\u00e8 hi ha darrere del seu model de venda directa sense intermediaris i per qu\u00e8 creuen que una bona il\u00b7luminaci\u00f3 no nom\u00e9s transforma espais, sin\u00f3 que tamb\u00e9 pot enfortir comunitats.<\/p>\n","protected":false},"author":302,"featured_media":29541,"comment_status":"open","ping_status":"open","sticky":false,"template":"","format":"standard","meta":{"_acf_changed":false,"_uag_custom_page_level_css":"","_jetpack_memberships_contains_paid_content":false,"footnotes":""},"categories":[19],"tags":[],"class_list":["post-29545","post","type-post","status-publish","format-standard","has-post-thumbnail","hentry","category-entrevistes"],"acf":[],"jetpack_featured_media_url":"https:\/\/www.cinc.com\/wp-content\/uploads\/ee-2.jpg","uagb_featured_image_src":{"full":["https:\/\/www.cinc.com\/wp-content\/uploads\/ee-2.jpg",1920,1080,false],"thumbnail":["https:\/\/www.cinc.com\/wp-content\/uploads\/ee-2-150x150.jpg",150,150,true],"medium":["https:\/\/www.cinc.com\/wp-content\/uploads\/ee-2-300x169.jpg",300,169,true],"medium_large":["https:\/\/www.cinc.com\/wp-content\/uploads\/ee-2-768x432.jpg",768,432,true],"large":["https:\/\/www.cinc.com\/wp-content\/uploads\/ee-2-1024x576.jpg",960,540,true],"1536x1536":["https:\/\/www.cinc.com\/wp-content\/uploads\/ee-2-1536x864.jpg",1536,864,true],"2048x2048":["https:\/\/www.cinc.com\/wp-content\/uploads\/ee-2.jpg",1920,1080,false],"gform-image-choice-sm":["https:\/\/www.cinc.com\/wp-content\/uploads\/ee-2.jpg",300,169,false],"gform-image-choice-md":["https:\/\/www.cinc.com\/wp-content\/uploads\/ee-2.jpg",400,225,false],"gform-image-choice-lg":["https:\/\/www.cinc.com\/wp-content\/uploads\/ee-2.jpg",600,338,false]},"uagb_author_info":{"display_name":"Houda","author_link":"https:\/\/www.cinc.com\/ca\/author\/houda\/"},"uagb_comment_info":0,"uagb_excerpt":"Des de Cardedeu, Alpina Luz il\u00b7lumina llars, comer\u00e7os i projectes professionals combinant disseny i efici\u00e8ncia. Vam parlar amb el seu equip per descobrir com neix la seva passi\u00f3 per la llum, qu\u00e8 hi ha darrere del seu model de venda directa sense intermediaris i per qu\u00e8 creuen que una bona il\u00b7luminaci\u00f3 no nom\u00e9s transforma espais,&hellip;","jetpack_sharing_enabled":true,"_links":{"self":[{"href":"https:\/\/www.cinc.com\/ca\/wp-json\/wp\/v2\/posts\/29545","targetHints":{"allow":["GET"]}}],"collection":[{"href":"https:\/\/www.cinc.com\/ca\/wp-json\/wp\/v2\/posts"}],"about":[{"href":"https:\/\/www.cinc.com\/ca\/wp-json\/wp\/v2\/types\/post"}],"author":[{"embeddable":true,"href":"https:\/\/www.cinc.com\/ca\/wp-json\/wp\/v2\/users\/302"}],"replies":[{"embeddable":true,"href":"https:\/\/www.cinc.com\/ca\/wp-json\/wp\/v2\/comments?post=29545"}],"version-history":[{"count":4,"href":"https:\/\/www.cinc.com\/ca\/wp-json\/wp\/v2\/posts\/29545\/revisions"}],"predecessor-version":[{"id":29622,"href":"https:\/\/www.cinc.com\/ca\/wp-json\/wp\/v2\/posts\/29545\/revisions\/29622"}],"wp:featuredmedia":[{"embeddable":true,"href":"https:\/\/www.cinc.com\/ca\/wp-json\/wp\/v2\/media\/29541"}],"wp:attachment":[{"href":"https:\/\/www.cinc.com\/ca\/wp-json\/wp\/v2\/media?parent=29545"}],"wp:term":[{"taxonomy":"category","embeddable":true,"href":"https:\/\/www.cinc.com\/ca\/wp-json\/wp\/v2\/categories?post=29545"},{"taxonomy":"post_tag","embeddable":true,"href":"https:\/\/www.cinc.com\/ca\/wp-json\/wp\/v2\/tags?post=29545"}],"curies":[{"name":"wp","href":"https:\/\/api.w.org\/{rel}","templated":true}]}}