{"id":29509,"date":"2025-04-14T08:30:50","date_gmt":"2025-04-14T07:30:50","guid":{"rendered":"https:\/\/www.cinc.com\/?p=29509"},"modified":"2025-04-23T12:09:23","modified_gmt":"2025-04-23T11:09:23","slug":"espais-que-cuiden-com-un-entorn-de-treball-flexible-millora-el-teu-benestar-diari","status":"publish","type":"post","link":"https:\/\/www.cinc.com\/ca\/espais-que-cuiden-com-un-entorn-de-treball-flexible-millora-el-teu-benestar-diari\/","title":{"rendered":"Espais que cuiden: com un entorn de treball flexible millora el teu benestar diari"},"content":{"rendered":"\n<p>Sabies que el lloc on treballes pot influir tant en el teu benestar com en el teu rendiment? No es tracta nom\u00e9s de tenir una cadira c\u00f2moda o una bona connexi\u00f3 a internet: la manera com escollim i fem servir els nostres espais de treball pot tenir un gran impacte en la nostra salut f\u00edsica, mental i emocional.<\/p>\n\n\n\n<p>En un moment en qu\u00e8 cada cop m\u00e9s professionals busquen f\u00f3rmules per conciliar la vida laboral amb el benestar personal, els espais de treball flexibles s\u2019estan posicionant com una alternativa que no nom\u00e9s millora la productivitat, sin\u00f3 que tamb\u00e9 cuida de les persones. Per\u00f2, per qu\u00e8 passa aix\u00f2? I com et pot beneficiar escollir un entorn adaptat a tu?<\/p>\n\n\n\n<h2 class=\"wp-block-heading\">Qu\u00e8 tenen a veure els espais de treball flexibles amb el benestar?<\/h2>\n\n\n\n<p>Molt m\u00e9s del que pensem. Segons un estudi de la Harvard T.H. Chan School of Public Health, les persones que treballen en oficines saludables -\u00e9s a dir, amb bona ventilaci\u00f3, llum natural, espais ergon\u00f2mics i zones comunes ben dissenyades- tenen millor funci\u00f3 cognitiva, menys s\u00edmptomes d\u2019estr\u00e8s i un rendiment laboral m\u00e9s alt.<\/p>\n\n\n\n<p>A m\u00e9s, l\u2019informe anual de Leesman Index, basat en m\u00e9s de 800.000 enquestes a treballadors d\u2019arreu del m\u00f3n, demostra que l\u2019entorn f\u00edsic influeix directament en la percepci\u00f3 del benestar i la satisfacci\u00f3 professional. Quan les persones senten que l\u2019espai on treballen respon a les seves necessitats, se senten m\u00e9s motivades, compromeses i felices.<\/p>\n\n\n\n<h2 class=\"wp-block-heading\">Claus per les quals un espai flexible potencia el teu benestar<\/h2>\n\n\n\n<h3 class=\"wp-block-heading\">1. Reducci\u00f3 de l&#8217;estr\u00e8s<\/h3>\n\n\n\n<p>Treballar en un entorn que pots adaptar al teu ritme \u2014sigui per hores, dies o setmanes\u2014 et permet recuperar el control sobre el teu temps. Pots escollir quan anar a una oficina, quan treballar des de casa o quan necessites un espai privat per concentrar-te. Aquesta llibertat redueix la c\u00e0rrega mental i millora la presa de decisions.<\/p>\n\n\n\n<h3 class=\"wp-block-heading\">2. Entorns m\u00e9s saludables<\/h3>\n\n\n\n<p>Els espais de treball flexibles solen estar millor dissenyats que moltes oficines tradicionals. Incorporen llum natural, ventilaci\u00f3 adequada, zones comunes que conviden a desconnectar i fins i tot terrasses o espais oberts que afavoreixen les pauses conscients. Tot aix\u00f2 influeix directament en la teva energia i estat d\u2019\u00e0nim.<\/p>\n\n\n\n<h3 class=\"wp-block-heading\">3. Socialitzaci\u00f3 sense saturaci\u00f3<\/h3>\n\n\n\n<p>El treball h\u00edbrid ha demostrat que la connexi\u00f3 humana continua essent fonamental, per\u00f2 no cal estar cinc dies a la mateixa oficina. Els entorns flexibles permeten crear vincles professionals quan els necessitem, sense for\u00e7ar la conviv\u00e8ncia di\u00e0ria. Aix\u00f2 redueix conflictes, millora la col\u00b7laboraci\u00f3 i alimenta la sensaci\u00f3 de pertinen\u00e7a.<\/p>\n\n\n\n<h3 class=\"wp-block-heading\">4. M\u00e9s autonomia, m\u00e9s satisfacci\u00f3<\/h3>\n\n\n\n<p>Diversos estudis indiquen que l\u2019autonomia en el treball \u00e9s un dels factors m\u00e9s determinants del benestar. Poder escollir el teu espai cada dia, moure\u2019t entre ambients diferents segons les teves tasques i treballar des d\u2019on et sentis m\u00e9s c\u00f2mode afavoreix la creativitat i refor\u00e7a el teu benestar emocional. El benestar no \u00e9s un luxe, \u00e9s una necessitat. <\/p>\n\n\n\n<h2 class=\"wp-block-heading\">El benestar no \u00e9s un luxe, \u00e9s una necessitat<\/h2>\n\n\n\n<p>Cada vegada m\u00e9s empreses entenen que el benestar no \u00e9s un extra, sin\u00f3 un factor clau per retenir talent, reduir l\u2019absentisme i millorar resultats. Per\u00f2 tamb\u00e9 tu, com a professional o freelance, pots prendre decisions que t\u2019apropin a una manera de treballar m\u00e9s saludable.<\/p>\n\n\n\n<p>Escollir un entorn flexible no \u00e9s nom\u00e9s una q\u00fcesti\u00f3 de comoditat. \u00c9s apostar pel teu benestar a llarg termini. \u00c9s poder dir: \u201cAvui necessito concentraci\u00f3\u201d, o \u201cdem\u00e0 vull treballar amb vistes al mar\u201d, i tenir una soluci\u00f3 que s\u2019adapti a tu.<\/p>\n\n\n\n<h2 class=\"wp-block-heading\">CINC: espais flexibles que pensen en tu<\/h2>\n\n\n\n<p>A CINC Business &amp; Coworking creiem que treballar b\u00e9 \u00e9s tamb\u00e9 sentir-se b\u00e9. Per aix\u00f2 oferim espais de treball flexibles per dies o setmanes, dissenyats per adaptar-se a les teves necessitats reals:<\/p>\n\n\n\n<ul class=\"wp-block-list\">\n<li>Despatxos privats i coworking llestos per fer servir.<\/li>\n\n\n\n<li>Sales de reunions equipades, disponibles sota demanda.<\/li>\n\n\n\n<li>Entorns lluminosos i professionals, amb zones de descans i terrasses amb vistes.<\/li>\n\n\n\n<li>Ubicacions estrat\u00e8giques a Barcelona, Girona i Figueres.<br>Tant si necessites concentrar-te unes hores com si est\u00e0s planificant una setmana de reunions o un nou projecte, tenim un espai que cuida de tu i del teu benestar.<\/li>\n<\/ul>\n\n\n\n<p>Vols comen\u00e7ar a treballar millor? Descobreix els nostres <a href=\"https:\/\/www.cinc.com\/ca\/plans-i-preus\/\">plans flexibles<\/a> i troba l\u2019espai que el teu benestar necessita.<\/p>\n\n\n\n<p><\/p>\n","protected":false},"excerpt":{"rendered":"<p>Vols saber com l&#8217;entorn de treball flexible influeix en el teu benestar? T&#8217;expliquem perqu\u00e8 els espais de treball flexibles cuiden de tu. <\/p>\n","protected":false},"author":8,"featured_media":29553,"comment_status":"closed","ping_status":"closed","sticky":false,"template":"","format":"standard","meta":{"_acf_changed":false,"_uag_custom_page_level_css":"","_jetpack_memberships_contains_paid_content":false,"footnotes":""},"categories":[207],"tags":[],"class_list":["post-29509","post","type-post","status-publish","format-standard","has-post-thumbnail","hentry","category-business-hub"],"acf":[],"jetpack_featured_media_url":"https:\/\/www.cinc.com\/wp-content\/uploads\/Captura-de-pantalla-2024-10-28-120805-copia.png","uagb_featured_image_src":{"full":["https:\/\/www.cinc.com\/wp-content\/uploads\/Captura-de-pantalla-2024-10-28-120805-copia.png",1812,828,false],"thumbnail":["https:\/\/www.cinc.com\/wp-content\/uploads\/Captura-de-pantalla-2024-10-28-120805-copia-150x150.png",150,150,true],"medium":["https:\/\/www.cinc.com\/wp-content\/uploads\/Captura-de-pantalla-2024-10-28-120805-copia-300x137.png",300,137,true],"medium_large":["https:\/\/www.cinc.com\/wp-content\/uploads\/Captura-de-pantalla-2024-10-28-120805-copia-768x351.png",768,351,true],"large":["https:\/\/www.cinc.com\/wp-content\/uploads\/Captura-de-pantalla-2024-10-28-120805-copia-1024x468.png",960,439,true],"1536x1536":["https:\/\/www.cinc.com\/wp-content\/uploads\/Captura-de-pantalla-2024-10-28-120805-copia-1536x702.png",1536,702,true],"2048x2048":["https:\/\/www.cinc.com\/wp-content\/uploads\/Captura-de-pantalla-2024-10-28-120805-copia.png",1812,828,false],"gform-image-choice-sm":["https:\/\/www.cinc.com\/wp-content\/uploads\/Captura-de-pantalla-2024-10-28-120805-copia.png",300,137,false],"gform-image-choice-md":["https:\/\/www.cinc.com\/wp-content\/uploads\/Captura-de-pantalla-2024-10-28-120805-copia.png",400,183,false],"gform-image-choice-lg":["https:\/\/www.cinc.com\/wp-content\/uploads\/Captura-de-pantalla-2024-10-28-120805-copia.png",600,274,false]},"uagb_author_info":{"display_name":"F\u00e0tima Duran","author_link":"https:\/\/www.cinc.com\/ca\/author\/fatima\/"},"uagb_comment_info":0,"uagb_excerpt":"Vols saber com l'entorn de treball flexible influeix en el teu benestar? T'expliquem perqu\u00e8 els espais de treball flexibles cuiden de tu.","jetpack_sharing_enabled":true,"_links":{"self":[{"href":"https:\/\/www.cinc.com\/ca\/wp-json\/wp\/v2\/posts\/29509","targetHints":{"allow":["GET"]}}],"collection":[{"href":"https:\/\/www.cinc.com\/ca\/wp-json\/wp\/v2\/posts"}],"about":[{"href":"https:\/\/www.cinc.com\/ca\/wp-json\/wp\/v2\/types\/post"}],"author":[{"embeddable":true,"href":"https:\/\/www.cinc.com\/ca\/wp-json\/wp\/v2\/users\/8"}],"replies":[{"embeddable":true,"href":"https:\/\/www.cinc.com\/ca\/wp-json\/wp\/v2\/comments?post=29509"}],"version-history":[{"count":4,"href":"https:\/\/www.cinc.com\/ca\/wp-json\/wp\/v2\/posts\/29509\/revisions"}],"predecessor-version":[{"id":29702,"href":"https:\/\/www.cinc.com\/ca\/wp-json\/wp\/v2\/posts\/29509\/revisions\/29702"}],"wp:featuredmedia":[{"embeddable":true,"href":"https:\/\/www.cinc.com\/ca\/wp-json\/wp\/v2\/media\/29553"}],"wp:attachment":[{"href":"https:\/\/www.cinc.com\/ca\/wp-json\/wp\/v2\/media?parent=29509"}],"wp:term":[{"taxonomy":"category","embeddable":true,"href":"https:\/\/www.cinc.com\/ca\/wp-json\/wp\/v2\/categories?post=29509"},{"taxonomy":"post_tag","embeddable":true,"href":"https:\/\/www.cinc.com\/ca\/wp-json\/wp\/v2\/tags?post=29509"}],"curies":[{"name":"wp","href":"https:\/\/api.w.org\/{rel}","templated":true}]}}