{"id":29488,"date":"2025-04-11T09:55:37","date_gmt":"2025-04-11T08:55:37","guid":{"rendered":"https:\/\/www.cinc.com\/?p=29488"},"modified":"2025-04-09T10:09:30","modified_gmt":"2025-04-09T09:09:30","slug":"el-suprem-condemna-una-empresa-per-exposar-dades-personals-esta-la-teva-empresa-protegida-davant-daquest-risc","status":"publish","type":"post","link":"https:\/\/www.cinc.com\/ca\/el-suprem-condemna-una-empresa-per-exposar-dades-personals-esta-la-teva-empresa-protegida-davant-daquest-risc\/","title":{"rendered":"El Suprem condemna una empresa per exposar dades personals: est\u00e0 la teva empresa protegida davant d\u2019aquest risc?"},"content":{"rendered":"\n<p>El Tribunal Suprem ha condemnat recentment un despatx d\u2019advocats a indemnitzar una treballadora per haver deixat accessible un document amb dades personals de car\u00e0cter sensible a altres empleats. Aquest cas planteja preguntes importants sobre la gesti\u00f3 de la privacitat i la protecci\u00f3 de dades en l\u2019entorn laboral. L\u2019analitzem a continuaci\u00f3:<\/p>\n\n\n\n<h2 class=\"wp-block-heading\">Quins van ser els fets i quines conseq\u00fc\u00e8ncies va tenir aquesta vulneraci\u00f3?<\/h2>\n\n\n\n<p>Una empleada va descobrir que una altra companya havia accedit, de manera no intencionada, a una demanda laboral per assetjament que ella mateixa havia presentat. El document es trobava en una carpeta compartida accessible per a tota la plantilla.<\/p>\n\n\n\n<p>El Suprem va concloure que l\u2019empresa no havia aplicat mesures de seguretat suficients per protegir les dades confidencials de l\u2019empleada, incorrent en una intromissi\u00f3 il\u00b7leg\u00edtima en la seva intimitat.<\/p>\n\n\n\n<p>El despatx va ser condemnat a pagar 3.000 euros per danys morals i se li va ordenar adoptar mesures per evitar que una situaci\u00f3 aix\u00ed es torni a produir.<\/p>\n\n\n\n<h2 class=\"wp-block-heading\">Qu\u00e8 diu aquesta sent\u00e8ncia sobre la responsabilitat de les empreses, i quines mesures preventives poden implementar?<\/h2>\n\n\n\n<p>La sent\u00e8ncia refor\u00e7a l\u2019obligaci\u00f3 de les empreses d\u2019aplicar mesures organitzatives i t\u00e8cniques adequades per garantir la confidencialitat de les dades. No fer-ho pot comportar conseq\u00fc\u00e8ncies legals i reputacionals importants.<\/p>\n\n\n\n<p>Per tal de prevenir aquest tipus de vulneracions, les empreses poden aplicar les seg\u00fcents mesures:<\/p>\n\n\n\n<ul class=\"wp-block-list\">\n<li>Classificaci\u00f3 i protecci\u00f3 dels documents confidencials.<\/li>\n\n\n\n<li>Control d\u2019acc\u00e9s a carpetes i sistemes.<\/li>\n\n\n\n<li>Formaci\u00f3 cont\u00ednua en privacitat i protecci\u00f3 de dades.<\/li>\n\n\n\n<li>Pol\u00edtiques internes clares sobre l\u2019\u00fas i l\u2019acc\u00e9s a la informaci\u00f3.<\/li>\n\n\n\n<li>Revisi\u00f3 peri\u00f2dica dels protocols de seguretat de la informaci\u00f3.<\/li>\n<\/ul>\n\n\n\n<h2 class=\"wp-block-heading\">Tens dubtes sobre la protecci\u00f3 de dades a la teva empresa?<\/h2>\n\n\n\n<p>A CINC comptem amb un equip especialitzat en <a href=\"https:\/\/www.cinc.com\/ca\/assessoria-dempreses\/proteccio-de-dades\/\">Protecci\u00f3 de Dades<\/a> que pot ajudar-te a implementar les mesures necess\u00e0ries per complir amb la normativa i protegir els drets dels teus empleats. Contacta amb nosaltres i evita riscos legals:<\/p>\n\n\n\n<div class=\"wp-block-uagb-buttons uagb-buttons__outer-wrap uagb-btn__default-btn uagb-btn-tablet__default-btn uagb-btn-mobile__default-btn uagb-block-ce211f9b\"><div class=\"uagb-buttons__wrap uagb-buttons-layout-wrap \">\n<div class=\"wp-block-uagb-buttons-child uagb-buttons__outer-wrap uagb-block-653b1463 wp-block-button\"><div class=\"uagb-button__wrapper\"><a class=\"uagb-buttons-repeater wp-block-button__link\" aria-label=\"\" href=\"https:\/\/www.cinc.com\/ca\/contacte\/\" rel=\"follow noopener\" target=\"_blank\" role=\"button\"><div class=\"uagb-button__link\">Contacta<\/div><\/a><\/div><\/div>\n<\/div><\/div>\n\n\n\n<p><\/p>\n","protected":false},"excerpt":{"rendered":"<p>Analitzem el cas d&#8217;una sent\u00e8ncia recent que condemna un despatx d&#8217;advocats per deixar accessible un document amb dades sensibles d&#8217;una treballadora.<\/p>\n","protected":false},"author":8,"featured_media":29491,"comment_status":"open","ping_status":"open","sticky":false,"template":"","format":"standard","meta":{"_acf_changed":false,"_uag_custom_page_level_css":"","_jetpack_memberships_contains_paid_content":false,"footnotes":""},"categories":[18],"tags":[79,84],"class_list":["post-29488","post","type-post","status-publish","format-standard","has-post-thumbnail","hentry","category-assessoria","tag-fiscalitat","tag-proteccio-de-dades"],"acf":[],"jetpack_featured_media_url":"https:\/\/www.cinc.com\/wp-content\/uploads\/Vulneracio-proteccio-dades.webp","uagb_featured_image_src":{"full":["https:\/\/www.cinc.com\/wp-content\/uploads\/Vulneracio-proteccio-dades.webp",1920,1080,false],"thumbnail":["https:\/\/www.cinc.com\/wp-content\/uploads\/Vulneracio-proteccio-dades-150x150.webp",150,150,true],"medium":["https:\/\/www.cinc.com\/wp-content\/uploads\/Vulneracio-proteccio-dades-300x169.webp",300,169,true],"medium_large":["https:\/\/www.cinc.com\/wp-content\/uploads\/Vulneracio-proteccio-dades-768x432.webp",768,432,true],"large":["https:\/\/www.cinc.com\/wp-content\/uploads\/Vulneracio-proteccio-dades-1024x576.webp",960,540,true],"1536x1536":["https:\/\/www.cinc.com\/wp-content\/uploads\/Vulneracio-proteccio-dades-1536x864.webp",1536,864,true],"2048x2048":["https:\/\/www.cinc.com\/wp-content\/uploads\/Vulneracio-proteccio-dades.webp",1920,1080,false],"gform-image-choice-sm":["https:\/\/www.cinc.com\/wp-content\/uploads\/Vulneracio-proteccio-dades.webp",300,169,false],"gform-image-choice-md":["https:\/\/www.cinc.com\/wp-content\/uploads\/Vulneracio-proteccio-dades.webp",400,225,false],"gform-image-choice-lg":["https:\/\/www.cinc.com\/wp-content\/uploads\/Vulneracio-proteccio-dades.webp",600,338,false]},"uagb_author_info":{"display_name":"F\u00e0tima Duran","author_link":"https:\/\/www.cinc.com\/ca\/author\/fatima\/"},"uagb_comment_info":0,"uagb_excerpt":"Analitzem el cas d'una sent\u00e8ncia recent que condemna un despatx d'advocats per deixar accessible un document amb dades sensibles d'una treballadora.","jetpack_sharing_enabled":true,"_links":{"self":[{"href":"https:\/\/www.cinc.com\/ca\/wp-json\/wp\/v2\/posts\/29488","targetHints":{"allow":["GET"]}}],"collection":[{"href":"https:\/\/www.cinc.com\/ca\/wp-json\/wp\/v2\/posts"}],"about":[{"href":"https:\/\/www.cinc.com\/ca\/wp-json\/wp\/v2\/types\/post"}],"author":[{"embeddable":true,"href":"https:\/\/www.cinc.com\/ca\/wp-json\/wp\/v2\/users\/8"}],"replies":[{"embeddable":true,"href":"https:\/\/www.cinc.com\/ca\/wp-json\/wp\/v2\/comments?post=29488"}],"version-history":[{"count":5,"href":"https:\/\/www.cinc.com\/ca\/wp-json\/wp\/v2\/posts\/29488\/revisions"}],"predecessor-version":[{"id":29502,"href":"https:\/\/www.cinc.com\/ca\/wp-json\/wp\/v2\/posts\/29488\/revisions\/29502"}],"wp:featuredmedia":[{"embeddable":true,"href":"https:\/\/www.cinc.com\/ca\/wp-json\/wp\/v2\/media\/29491"}],"wp:attachment":[{"href":"https:\/\/www.cinc.com\/ca\/wp-json\/wp\/v2\/media?parent=29488"}],"wp:term":[{"taxonomy":"category","embeddable":true,"href":"https:\/\/www.cinc.com\/ca\/wp-json\/wp\/v2\/categories?post=29488"},{"taxonomy":"post_tag","embeddable":true,"href":"https:\/\/www.cinc.com\/ca\/wp-json\/wp\/v2\/tags?post=29488"}],"curies":[{"name":"wp","href":"https:\/\/api.w.org\/{rel}","templated":true}]}}