{"id":29406,"date":"2025-04-07T12:18:31","date_gmt":"2025-04-07T11:18:31","guid":{"rendered":"https:\/\/www.cinc.com\/?p=29406"},"modified":"2025-04-07T12:18:32","modified_gmt":"2025-04-07T11:18:32","slug":"noves-mesures-fiscals-per-a-joves-collectius-vulnerables-i-empreses-tots-els-canvis-clau","status":"publish","type":"post","link":"https:\/\/www.cinc.com\/ca\/noves-mesures-fiscals-per-a-joves-collectius-vulnerables-i-empreses-tots-els-canvis-clau\/","title":{"rendered":"Noves mesures fiscals per a joves, col\u00b7lectius vulnerables i empreses: tots els canvis clau"},"content":{"rendered":"\n<p>El Govern de la Generalitat ha aprovat un nou paquet de mesures fiscals a trav\u00e9s de dos decrets llei amb l&#8217;objectiu de beneficiar especialment els joves, les persones amb rendes baixes, altres col\u00b7lectius vulnerables i les empreses. Aquestes reformes inclouen modificacions en diversos impostos, com l&#8217;Impost de Transmissions Patrimonials i Actes Jur\u00eddics Documentats (ITP i AJD), l&#8217;Impost de Successions i Donacions, l&#8217;Impost sobre la Renda de les Persones F\u00edsiques (IRPF), aix\u00ed com en l&#8217;impost sobre les estades en establiments tur\u00edstics i tributs aplicables al sector p\u00fablic i empresarial. A continuaci\u00f3, t\u2019expliquem en qu\u00e8 consisteixen les mesures aprovades:<\/p>\n\n\n\n<h2 class=\"wp-block-heading\">1. Impost de Transmissions Patrimonials (ITP)<\/h2>\n\n\n\n<p><\/p>\n\n\n\n<ol class=\"wp-block-list\"><\/ol>\n\n\n\n<ul class=\"wp-block-list\">\n<li>S\u2019eleva de 32 a 35 anys l\u2019edat en qu\u00e8 els joves poden gaudir del tipus del 5% en la compra d\u2019habitatge habitual.<\/li>\n\n\n\n<li>S\u2019ha incl\u00f2s un tipus redu\u00eft del 5% per a v\u00edctimes de viol\u00e8ncia masclista en la compra d\u2019habitatge habitual.<\/li>\n\n\n\n<li>Per a les compres d\u2019immobles amb un valor m\u00e9s elevat, s\u2019han creat dos nous trams: del 12% entre 900.000\u20ac i 1,5M euros, i del 13% si \u00e9s superior a 1,5M euros.<\/li>\n\n\n\n<li>Per a grans tenidors, s\u2019estableix un tipus del 20% en l\u2019adquisici\u00f3 d\u2019immobles.<\/li>\n<\/ul>\n\n\n\n<h2 class=\"wp-block-heading\">2. Impost d&#8217;Actes Jur\u00eddics Documentats (AJD):<\/h2>\n\n\n\n<ul class=\"wp-block-list\">\n<li>Bonificaci\u00f3 del 100% en Actes Jur\u00eddics Documentat (AJD) per facilitar l&#8217;acc\u00e9s a l&#8217;habitatge fins als 35 anys quan la compra est\u00e0 subjecta a l\u2019IVA.<\/li>\n\n\n\n<li>Bonificaci\u00f3 del 50% en operacions que estan subjectes a IVA: transmissi\u00f3 d\u2019edificis d\u2019oficines d\u2019estructura no finalitzada per destinar-los a habitatges de protecci\u00f3 oficial, aix\u00ed com d\u2019aquells immobles que constitueixin la seu social o centre de treball d\u2019empreses.<\/li>\n\n\n\n<li>Tamb\u00e9, s\u2019aplica un tipus del 3,5% en la transmissi\u00f3 d\u2019immobles entre empreses quan es renunci\u00ef a l\u2019exempci\u00f3 d\u2019IVA.<\/li>\n<\/ul>\n\n\n\n<h2 class=\"wp-block-heading\">3. Modificacions de l&#8217;Impost de Successions i Donacions<\/h2>\n\n\n\n<ul class=\"wp-block-list\">\n<li>Reducci\u00f3 del 95% per donaci\u00f3 d\u2019habitatge habitual o dels diners per adquirir-lo a v\u00edctimes de viol\u00e8ncia masclista. Aquesta reducci\u00f3 pot arribar a un m\u00e0xim de 100.000 euros, o a 200.000 euros, en cas de tractar-se d\u2019una discapacitat igual o superior al 65%.<\/li>\n\n\n\n<li>Bonificaci\u00f3 del 99% de la quota en successions a hereus d\u2019una v\u00edctima de viol\u00e8ncia masclista.<\/li>\n<\/ul>\n\n\n\n<h2 class=\"wp-block-heading\">4. Augment de l&#8217;Impost sobre les estades en establiments tur\u00edstics (IEET)<\/h2>\n\n\n\n<ul class=\"wp-block-list\">\n<li>S\u2019inclou un increment de la taxa tur\u00edstica, que duplicar\u00e0 el seu import actual (el pagament oscil\u00b7la entre els 1,2\u20ac i els 7\u20ac per nit).<\/li>\n\n\n\n<li>Es destina un 25% de la recaptaci\u00f3 a la Generalitat en pol\u00edtiques d\u2019habitatge.<\/li>\n\n\n\n<li>Habilitaci\u00f3 als ajuntaments per aprovar un rec\u00e0rrec municipal de fins a 4\u20ac per persona i nit. A Barcelona, es pot ampliar fins a 8\u20ac per persona i nit.<\/li>\n<\/ul>\n\n\n\n<h2 class=\"wp-block-heading\">5. Rebaixa de l&#8217;IRPF per a rendes baixes<\/h2>\n\n\n\n<ol class=\"wp-block-list\">\n<li><br>Per a joves, aturats, vidus\/es i persones amb discapacitat<\/li>\n<\/ol>\n\n\n\n<ul class=\"wp-block-list\">\n<li>S\u2019incrementa als 35 anys el l\u00edmit d\u2019edat per deduir-se el lloguer, amb una deducci\u00f3 m\u00e0xima de 300 a 500 euros, i fins a 1000 euros en cas de tributaci\u00f3 conjunta, de fam\u00edlies nombroses i monoparentals.<\/li>\n\n\n\n<li>El topall de la renda passa de 20.000 a 30.000 euros (equivalent a un salari brut d\u2019entre 35.000 i 40.000 euros).<\/li>\n\n\n\n<li>Ja no \u00e9s necessari que el lloguer superi el 10% de la renda per aplicar la deducci\u00f3.<\/li>\n\n\n\n<li>Per a v\u00edctimes de viol\u00e8ncia masclista, es crea una nova deducci\u00f3 de fins a 20% amb un topall de 1.000 euros (pot arribar als 1.200 euros quan hi ha discapacitat igual o superior al 65%).<\/li>\n<\/ul>\n\n\n\n<h2 class=\"wp-block-heading\">6. Tributs sobre el sector p\u00fablic i empresarial<\/h2>\n\n\n\n<ul class=\"wp-block-list\">\n<li>Es modifica la normativa reguladora per incloure persones f\u00edsiques entre els beneficiaris dels pr\u00e9stecs, en especial, en l\u2019\u00e0mbit de l\u2019habitatge protegit, la sostenibilitat i la protecci\u00f3 mediambiental<\/li>\n\n\n\n<li>Tamb\u00e9 es proposen canvis en la fiscalitat de les empreses p\u00fabliques i altres entitats del sector, amb l\u2019objectiu d\u2019optimitzar recursos i garantir una millor gesti\u00f3 econ\u00f2mica<\/li>\n<\/ul>\n\n\n\n<h2 class=\"wp-block-heading\">Contacta amb CINC Assessoria per a m\u00e9s informaci\u00f3<\/h2>\n\n\n\n<p>Si tens dubtes sobre com aquestes mesures poden afectar la teva empresa o situaci\u00f3 fiscal, el nostre equip d&#8217;experts de CINC Assessoria est\u00e0 a la teva disposici\u00f3. Contacta amb nosaltres per obtenir assessorament personalitzat i resoldre qualsevol q\u00fcesti\u00f3 fiscal que puguis tenir.<\/p>\n\n\n\n<div class=\"wp-block-uagb-buttons uagb-buttons__outer-wrap uagb-btn__default-btn uagb-btn-tablet__default-btn uagb-btn-mobile__default-btn uagb-block-634a271c\"><div class=\"uagb-buttons__wrap uagb-buttons-layout-wrap \">\n<div class=\"wp-block-uagb-buttons-child uagb-buttons__outer-wrap uagb-block-9a7c742c wp-block-button\"><div class=\"uagb-button__wrapper\"><a class=\"uagb-buttons-repeater wp-block-button__link\" aria-label=\"\" href=\"https:\/\/www.cinc.com\/ca\/contacte\/\" rel=\"follow noopener\" target=\"_self\" role=\"button\"><div class=\"uagb-button__link\">Contacta<\/div><\/a><\/div><\/div>\n<\/div><\/div>\n\n\n\n<p><\/p>\n","protected":false},"excerpt":{"rendered":"<p>T&#8217;expliquem amb detall en qu\u00e8 consisteix el nou paquet de mesures de la Generalitat que inclouen modificacions en l&#8217;ITP i AJD, Successions i Donacions, IRPF i estades en establiments tur\u00edstics. <\/p>\n","protected":false},"author":8,"featured_media":29466,"comment_status":"open","ping_status":"open","sticky":false,"template":"","format":"standard","meta":{"_acf_changed":false,"_uag_custom_page_level_css":"","_jetpack_memberships_contains_paid_content":false,"footnotes":""},"categories":[18],"tags":[79],"class_list":["post-29406","post","type-post","status-publish","format-standard","has-post-thumbnail","hentry","category-assessoria","tag-fiscalitat"],"acf":[],"jetpack_featured_media_url":"https:\/\/www.cinc.com\/wp-content\/uploads\/Noves-mesures-fiscals-generalitat-2025.webp","uagb_featured_image_src":{"full":["https:\/\/www.cinc.com\/wp-content\/uploads\/Noves-mesures-fiscals-generalitat-2025.webp",1920,1080,false],"thumbnail":["https:\/\/www.cinc.com\/wp-content\/uploads\/Noves-mesures-fiscals-generalitat-2025-150x150.webp",150,150,true],"medium":["https:\/\/www.cinc.com\/wp-content\/uploads\/Noves-mesures-fiscals-generalitat-2025-300x169.webp",300,169,true],"medium_large":["https:\/\/www.cinc.com\/wp-content\/uploads\/Noves-mesures-fiscals-generalitat-2025-768x432.webp",768,432,true],"large":["https:\/\/www.cinc.com\/wp-content\/uploads\/Noves-mesures-fiscals-generalitat-2025-1024x576.webp",960,540,true],"1536x1536":["https:\/\/www.cinc.com\/wp-content\/uploads\/Noves-mesures-fiscals-generalitat-2025-1536x864.webp",1536,864,true],"2048x2048":["https:\/\/www.cinc.com\/wp-content\/uploads\/Noves-mesures-fiscals-generalitat-2025.webp",1920,1080,false],"gform-image-choice-sm":["https:\/\/www.cinc.com\/wp-content\/uploads\/Noves-mesures-fiscals-generalitat-2025.webp",300,169,false],"gform-image-choice-md":["https:\/\/www.cinc.com\/wp-content\/uploads\/Noves-mesures-fiscals-generalitat-2025.webp",400,225,false],"gform-image-choice-lg":["https:\/\/www.cinc.com\/wp-content\/uploads\/Noves-mesures-fiscals-generalitat-2025.webp",600,338,false]},"uagb_author_info":{"display_name":"F\u00e0tima Duran","author_link":"https:\/\/www.cinc.com\/ca\/author\/fatima\/"},"uagb_comment_info":0,"uagb_excerpt":"T'expliquem amb detall en qu\u00e8 consisteix el nou paquet de mesures de la Generalitat que inclouen modificacions en l'ITP i AJD, Successions i Donacions, IRPF i estades en establiments tur\u00edstics.","jetpack_sharing_enabled":true,"_links":{"self":[{"href":"https:\/\/www.cinc.com\/ca\/wp-json\/wp\/v2\/posts\/29406","targetHints":{"allow":["GET"]}}],"collection":[{"href":"https:\/\/www.cinc.com\/ca\/wp-json\/wp\/v2\/posts"}],"about":[{"href":"https:\/\/www.cinc.com\/ca\/wp-json\/wp\/v2\/types\/post"}],"author":[{"embeddable":true,"href":"https:\/\/www.cinc.com\/ca\/wp-json\/wp\/v2\/users\/8"}],"replies":[{"embeddable":true,"href":"https:\/\/www.cinc.com\/ca\/wp-json\/wp\/v2\/comments?post=29406"}],"version-history":[{"count":2,"href":"https:\/\/www.cinc.com\/ca\/wp-json\/wp\/v2\/posts\/29406\/revisions"}],"predecessor-version":[{"id":29470,"href":"https:\/\/www.cinc.com\/ca\/wp-json\/wp\/v2\/posts\/29406\/revisions\/29470"}],"wp:featuredmedia":[{"embeddable":true,"href":"https:\/\/www.cinc.com\/ca\/wp-json\/wp\/v2\/media\/29466"}],"wp:attachment":[{"href":"https:\/\/www.cinc.com\/ca\/wp-json\/wp\/v2\/media?parent=29406"}],"wp:term":[{"taxonomy":"category","embeddable":true,"href":"https:\/\/www.cinc.com\/ca\/wp-json\/wp\/v2\/categories?post=29406"},{"taxonomy":"post_tag","embeddable":true,"href":"https:\/\/www.cinc.com\/ca\/wp-json\/wp\/v2\/tags?post=29406"}],"curies":[{"name":"wp","href":"https:\/\/api.w.org\/{rel}","templated":true}]}}