{"id":29273,"date":"2025-03-17T12:09:23","date_gmt":"2025-03-17T11:09:23","guid":{"rendered":"https:\/\/www.cinc.com\/?p=29273"},"modified":"2025-03-28T11:12:46","modified_gmt":"2025-03-28T10:12:46","slug":"ets-autonom-a-encara-pots-canviar-la-teva-base-de-cotitzacio-fins-el-30-dabril","status":"publish","type":"post","link":"https:\/\/www.cinc.com\/ca\/ets-autonom-a-encara-pots-canviar-la-teva-base-de-cotitzacio-fins-el-30-dabril\/","title":{"rendered":"Ets aut\u00f2nom\/a? Encara pots canviar la teva base de cotitzaci\u00f3 fins el 30 d\u2019abril"},"content":{"rendered":"\n<p>Els treballadors aut\u00f2noms que vulguin ajustar la seva base de cotitzaci\u00f3 han de fer-ho abans del 30 d&#8217;abril perqu\u00e8 el canvi tingui efecte a partir de l&#8217;1 de maig.<\/p>\n\n\n\n<p>Aquest ajust permet adequar les cotitzacions als rendiments nets previstos per a l&#8217;any en curs, d&#8217;acord amb la normativa vigent des de l&#8217;1 de gener de 2023.<\/p>\n\n\n\n<p>A m\u00e9s, els aut\u00f2noms tenen la possibilitat de modificar la seva base de cotitzaci\u00f3 en altres cinc ocasions al llarg de l&#8217;any 2025, segons els terminis seg\u00fcents:<\/p>\n\n\n\n<p><\/p>\n\n\n\n<ul class=\"wp-block-list\">\n<li>Entre l&#8217;1 de maig i el 30 de juny, amb efecte des de l&#8217;1 de juliol.<\/li>\n\n\n\n<li>Entre l&#8217;1 de juliol i el 31 d&#8217;agost, amb efecte des de l&#8217;1 de setembre.<\/li>\n\n\n\n<li>Entre l&#8217;1 de setembre i el 31 d&#8217;octubre, amb efecte des de l&#8217;1 de novembre.<\/li>\n\n\n\n<li>Entre l&#8217;1 de novembre i el 31 de desembre, amb efecte des de l&#8217;1 de gener de l&#8217;any seg\u00fcent.<\/li>\n<\/ul>\n\n\n\n<p>Aquests per\u00edodes permeten als aut\u00f2noms ajustar les seves cotitzacions en funci\u00f3 de les variacions en els seus ingressos al llarg de l&#8217;any.<\/p>\n\n\n\n<p>Per modificar la base de cotitzaci\u00f3, cal comunicar la sol\u00b7licitud a la Seguretat Social dins dels terminis establerts. En cas de no fer-ho, es continuar\u00e0 cotitzant segons la base pr\u00e8viament seleccionada.<\/p>\n\n\n\n<p>Si tens dubtes sobre com modificar la teva base de cotitzaci\u00f3 o necessites assessorament sobre cotitzacions i seguretat social, pots posar-te en contacte amb el Departament Laboral de CINC Assessoria. El nostre equip d&#8217;experts t&#8217;ajudar\u00e0 a prendre la millor decisi\u00f3 segons la teva situaci\u00f3.<\/p>\n\n\n\n<p><\/p>\n\n\n\n<div class=\"wp-block-uagb-buttons uagb-buttons__outer-wrap uagb-btn__default-btn uagb-btn-tablet__default-btn uagb-btn-mobile__default-btn uagb-block-128fd715\"><div class=\"uagb-buttons__wrap uagb-buttons-layout-wrap \">\n<div class=\"wp-block-uagb-buttons-child uagb-buttons__outer-wrap uagb-block-1994f1a4 wp-block-button\"><div class=\"uagb-button__wrapper\"><a class=\"uagb-buttons-repeater wp-block-button__link\" aria-label=\"\" href=\"https:\/\/www.cinc.com\/ca\/contacte\/\" rel=\"follow noopener\" target=\"_blank\" role=\"button\"><div class=\"uagb-button__link\">Contacta&#8217;ns<\/div><\/a><\/div><\/div>\n<\/div><\/div>\n","protected":false},"excerpt":{"rendered":"<p>Els treballadors aut\u00f2noms que vulguin ajustar la seva base de cotitzaci\u00f3 han de fer-ho abans del 30 d&#8217;abril perqu\u00e8 el canvi tingui efecte a partir de l&#8217;1 de maig. Aquest ajust permet adequar les cotitzacions als rendiments nets previstos per a l&#8217;any en curs, d&#8217;acord amb la normativa vigent des de l&#8217;1 de gener de [&hellip;]<\/p>\n","protected":false},"author":302,"featured_media":29268,"comment_status":"open","ping_status":"open","sticky":false,"template":"","format":"standard","meta":{"_acf_changed":false,"_uag_custom_page_level_css":"","_jetpack_memberships_contains_paid_content":false,"footnotes":""},"categories":[18,1],"tags":[183,86],"class_list":["post-29273","post","type-post","status-publish","format-standard","has-post-thumbnail","hentry","category-assessoria","category-uncategorized-ca","tag-autonoms","tag-laboral-2"],"acf":[],"jetpack_featured_media_url":"https:\/\/www.cinc.com\/wp-content\/uploads\/Fotos-Blog-CINC-WordPress-_62_.webp","uagb_featured_image_src":{"full":["https:\/\/www.cinc.com\/wp-content\/uploads\/Fotos-Blog-CINC-WordPress-_62_.webp",1920,1080,false],"thumbnail":["https:\/\/www.cinc.com\/wp-content\/uploads\/Fotos-Blog-CINC-WordPress-_62_-150x150.webp",150,150,true],"medium":["https:\/\/www.cinc.com\/wp-content\/uploads\/Fotos-Blog-CINC-WordPress-_62_-300x169.webp",300,169,true],"medium_large":["https:\/\/www.cinc.com\/wp-content\/uploads\/Fotos-Blog-CINC-WordPress-_62_-768x432.webp",768,432,true],"large":["https:\/\/www.cinc.com\/wp-content\/uploads\/Fotos-Blog-CINC-WordPress-_62_-1024x576.webp",960,540,true],"1536x1536":["https:\/\/www.cinc.com\/wp-content\/uploads\/Fotos-Blog-CINC-WordPress-_62_-1536x864.webp",1536,864,true],"2048x2048":["https:\/\/www.cinc.com\/wp-content\/uploads\/Fotos-Blog-CINC-WordPress-_62_.webp",1920,1080,false],"gform-image-choice-sm":["https:\/\/www.cinc.com\/wp-content\/uploads\/Fotos-Blog-CINC-WordPress-_62_.webp",300,169,false],"gform-image-choice-md":["https:\/\/www.cinc.com\/wp-content\/uploads\/Fotos-Blog-CINC-WordPress-_62_.webp",400,225,false],"gform-image-choice-lg":["https:\/\/www.cinc.com\/wp-content\/uploads\/Fotos-Blog-CINC-WordPress-_62_.webp",600,338,false]},"uagb_author_info":{"display_name":"Houda","author_link":"https:\/\/www.cinc.com\/ca\/author\/houda\/"},"uagb_comment_info":0,"uagb_excerpt":"Els treballadors aut\u00f2noms que vulguin ajustar la seva base de cotitzaci\u00f3 han de fer-ho abans del 30 d&#8217;abril perqu\u00e8 el canvi tingui efecte a partir de l&#8217;1 de maig. Aquest ajust permet adequar les cotitzacions als rendiments nets previstos per a l&#8217;any en curs, d&#8217;acord amb la normativa vigent des de l&#8217;1 de gener de&hellip;","jetpack_sharing_enabled":true,"_links":{"self":[{"href":"https:\/\/www.cinc.com\/ca\/wp-json\/wp\/v2\/posts\/29273","targetHints":{"allow":["GET"]}}],"collection":[{"href":"https:\/\/www.cinc.com\/ca\/wp-json\/wp\/v2\/posts"}],"about":[{"href":"https:\/\/www.cinc.com\/ca\/wp-json\/wp\/v2\/types\/post"}],"author":[{"embeddable":true,"href":"https:\/\/www.cinc.com\/ca\/wp-json\/wp\/v2\/users\/302"}],"replies":[{"embeddable":true,"href":"https:\/\/www.cinc.com\/ca\/wp-json\/wp\/v2\/comments?post=29273"}],"version-history":[{"count":1,"href":"https:\/\/www.cinc.com\/ca\/wp-json\/wp\/v2\/posts\/29273\/revisions"}],"predecessor-version":[{"id":29274,"href":"https:\/\/www.cinc.com\/ca\/wp-json\/wp\/v2\/posts\/29273\/revisions\/29274"}],"wp:featuredmedia":[{"embeddable":true,"href":"https:\/\/www.cinc.com\/ca\/wp-json\/wp\/v2\/media\/29268"}],"wp:attachment":[{"href":"https:\/\/www.cinc.com\/ca\/wp-json\/wp\/v2\/media?parent=29273"}],"wp:term":[{"taxonomy":"category","embeddable":true,"href":"https:\/\/www.cinc.com\/ca\/wp-json\/wp\/v2\/categories?post=29273"},{"taxonomy":"post_tag","embeddable":true,"href":"https:\/\/www.cinc.com\/ca\/wp-json\/wp\/v2\/tags?post=29273"}],"curies":[{"name":"wp","href":"https:\/\/api.w.org\/{rel}","templated":true}]}}