{"id":29233,"date":"2025-03-14T10:15:42","date_gmt":"2025-03-14T09:15:42","guid":{"rendered":"https:\/\/www.cinc.com\/?p=29233"},"modified":"2025-03-14T10:15:43","modified_gmt":"2025-03-14T09:15:43","slug":"7-novetats-fiscals-per-a-empreses-que-han-entrat-en-vigor-aquest-2025","status":"publish","type":"post","link":"https:\/\/www.cinc.com\/ca\/7-novetats-fiscals-per-a-empreses-que-han-entrat-en-vigor-aquest-2025\/","title":{"rendered":"7 novetats fiscals per a empreses que han entrat en vigor aquest 2025"},"content":{"rendered":"\n<p>Enguany han entrat en vigor diverses novetats fiscals que afecten a l\u2019\u00e0mbit empresarial. Aquestes modificacions impactaran en la dedu\u00efbilitat de despeses, la reserva de capitalitzaci\u00f3 i els tipus impositius aplicables a diferents entitats. A continuaci\u00f3, detallem els canvis principals:<\/p>\n\n\n\n<div class=\"wp-block-uagb-advanced-heading uagb-block-1d8f60d1\"><h2 class=\"uagb-heading-text\">Despeses no dedu\u00efbles: Impost Complementari<\/h2><\/div>\n\n\n\n<p>A partir del 2025, no tindran la consideraci\u00f3 de despeses fiscalment dedu\u00efbles les derivades de la comptabilitzaci\u00f3 de l&#8217;impost complementari.<\/p>\n\n\n\n<div class=\"wp-block-uagb-advanced-heading uagb-block-25825c26\"><h2 class=\"uagb-heading-text\">Reserva de capitalitzaci\u00f3: Reducci\u00f3 de la base imposable<\/h2><\/div>\n\n\n\n<p>Per als per\u00edodes impositius que s&#8217;inici\u00efn a partir de l&#8217;1 de gener de 2025, la reducci\u00f3 a la base imposable en concepte de reserva de capitalitzaci\u00f3 s&#8217;eleva del 15% al \u200b\u200b20% de l&#8217;increment de fons propis. Tot i aix\u00f2, aquest benefici es vincula a l&#8217;increment de la plantilla mitjana del contribuent.<\/p>\n\n\n\n<div class=\"wp-block-uagb-advanced-heading uagb-block-f6fafc8e\"><h2 class=\"uagb-heading-text\">L\u00edmit de reducci\u00f3 de la base imposable per reserva de capitalitzaci\u00f3<\/h2><\/div>\n\n\n\n<p>S&#8217;estableix un l\u00edmit a la reducci\u00f3 de la base imposable en concepte de reserva de capitalitzaci\u00f3 per als per\u00edodes impositius iniciats des de l&#8217;1 de gener del 2025.<\/p>\n\n\n\n<p><\/p>\n\n\n\n<div class=\"wp-block-uagb-advanced-heading uagb-block-229afa4e\"><h2 class=\"uagb-heading-text\">Tipus de gravamen aplicables a entitats amb ingressos inferiors a 1 mili\u00f3 d&#8217;euros<\/h2><\/div>\n\n\n\n<p>Les entitats amb una xifra de negocis inferior a 1 mili\u00f3 d&#8217;euros aplicaran un tipus impositiu del 17% per part de base imposable compresa entre 0 i 50.000 euros, i del 20% per la resta. S\u2019estableix un r\u00e8gim transitori per als exercicis 2025-2026.<\/p>\n\n\n\n<p><\/p>\n\n\n\n<div class=\"wp-block-uagb-advanced-heading uagb-block-d77653e1\"><h2 class=\"uagb-heading-text\">Tipus de gravamen per a entitats de redu\u00efda dimensi\u00f3<\/h2><\/div>\n\n\n\n<p>Les entitats de redu\u00efda dimensi\u00f3 tributaran al 20% a partir de l&#8217;1 de gener del 2025, amb un r\u00e8gim transitori aplicable fins al 2028.<\/p>\n\n\n\n<div class=\"wp-block-uagb-advanced-heading uagb-block-564fa4aa\"><h2 class=\"uagb-heading-text\">Tipus de gravamen per a entitats cooperatives<\/h2><\/div>\n\n\n\n<p>Les societats cooperatives fiscalment protegides tributaran a tipus resultants de minorar en tres punts percentuals els tipus que preveu l&#8217;article 29 de la Llei de l&#8217;impost sobre societats, aplicats als resultats cooperatius.<br><\/p>\n\n\n\n<div class=\"wp-block-uagb-advanced-heading uagb-block-27bbe8eb\"><h2 class=\"uagb-heading-text\">Tributaci\u00f3 m\u00ednima per a entitats amb ingressos inferiors a 1 mili\u00f3 d\u2019euros<\/h2><\/div>\n\n\n\n<p>A partir del 2025, la determinaci\u00f3 de la quota l\u00edquida m\u00ednima per a entitats amb ingressos inferiors a 1 mili\u00f3 d&#8217;euros s&#8217;ha d&#8217;ajustar als tipus impositius de l&#8217;article 29 de la LIS.<\/p>\n\n\n\n<p>Si tens qualsevol dubte sobre aquestes novetats i el seu impacte a la teva empresa, no dubtis a contactar amb el Departament Fiscal de CINC Assessoria.<br><\/p>\n\n\n\n<div class=\"wp-block-uagb-buttons uagb-buttons__outer-wrap uagb-btn__default-btn uagb-btn-tablet__default-btn uagb-btn-mobile__default-btn uagb-block-0346d99f\"><div class=\"uagb-buttons__wrap uagb-buttons-layout-wrap \">\n<div class=\"wp-block-uagb-buttons-child uagb-buttons__outer-wrap uagb-block-e0a7c6a2 wp-block-button\"><div class=\"uagb-button__wrapper\"><a class=\"uagb-buttons-repeater wp-block-button__link\" aria-label=\"\" href=\"https:\/\/www.cinc.com\/ca\/contacte\/\" rel=\"follow noopener\" target=\"_blank\" role=\"button\"><div class=\"uagb-button__link\">Contacta&#8217;ns<\/div><\/a><\/div><\/div>\n<\/div><\/div>\n\n\n\n<p><\/p>\n","protected":false},"excerpt":{"rendered":"<p>Com afecten a la teva empresa els canvis fiscals del 2025? T&#8217;expliquem les claus per adaptar-te amb \u00e8xit amb l&#8217;ajuda de CINC Assessoria.<\/p>\n","protected":false},"author":302,"featured_media":29229,"comment_status":"open","ping_status":"open","sticky":false,"template":"","format":"standard","meta":{"_acf_changed":false,"_uag_custom_page_level_css":"","_jetpack_memberships_contains_paid_content":false,"footnotes":""},"categories":[18],"tags":[240],"class_list":["post-29233","post","type-post","status-publish","format-standard","has-post-thumbnail","hentry","category-assessoria","tag-fiscal-2"],"acf":[],"jetpack_featured_media_url":"https:\/\/www.cinc.com\/wp-content\/uploads\/Fotos-Blog-CINC-WordPress-_60_.webp","uagb_featured_image_src":{"full":["https:\/\/www.cinc.com\/wp-content\/uploads\/Fotos-Blog-CINC-WordPress-_60_.webp",1920,1080,false],"thumbnail":["https:\/\/www.cinc.com\/wp-content\/uploads\/Fotos-Blog-CINC-WordPress-_60_-150x150.webp",150,150,true],"medium":["https:\/\/www.cinc.com\/wp-content\/uploads\/Fotos-Blog-CINC-WordPress-_60_-300x169.webp",300,169,true],"medium_large":["https:\/\/www.cinc.com\/wp-content\/uploads\/Fotos-Blog-CINC-WordPress-_60_-768x432.webp",768,432,true],"large":["https:\/\/www.cinc.com\/wp-content\/uploads\/Fotos-Blog-CINC-WordPress-_60_-1024x576.webp",960,540,true],"1536x1536":["https:\/\/www.cinc.com\/wp-content\/uploads\/Fotos-Blog-CINC-WordPress-_60_-1536x864.webp",1536,864,true],"2048x2048":["https:\/\/www.cinc.com\/wp-content\/uploads\/Fotos-Blog-CINC-WordPress-_60_.webp",1920,1080,false],"gform-image-choice-sm":["https:\/\/www.cinc.com\/wp-content\/uploads\/Fotos-Blog-CINC-WordPress-_60_.webp",300,169,false],"gform-image-choice-md":["https:\/\/www.cinc.com\/wp-content\/uploads\/Fotos-Blog-CINC-WordPress-_60_.webp",400,225,false],"gform-image-choice-lg":["https:\/\/www.cinc.com\/wp-content\/uploads\/Fotos-Blog-CINC-WordPress-_60_.webp",600,338,false]},"uagb_author_info":{"display_name":"Houda","author_link":"https:\/\/www.cinc.com\/ca\/author\/houda\/"},"uagb_comment_info":0,"uagb_excerpt":"Com afecten a la teva empresa els canvis fiscals del 2025? T'expliquem les claus per adaptar-te amb \u00e8xit amb l'ajuda de CINC Assessoria.","jetpack_sharing_enabled":true,"_links":{"self":[{"href":"https:\/\/www.cinc.com\/ca\/wp-json\/wp\/v2\/posts\/29233","targetHints":{"allow":["GET"]}}],"collection":[{"href":"https:\/\/www.cinc.com\/ca\/wp-json\/wp\/v2\/posts"}],"about":[{"href":"https:\/\/www.cinc.com\/ca\/wp-json\/wp\/v2\/types\/post"}],"author":[{"embeddable":true,"href":"https:\/\/www.cinc.com\/ca\/wp-json\/wp\/v2\/users\/302"}],"replies":[{"embeddable":true,"href":"https:\/\/www.cinc.com\/ca\/wp-json\/wp\/v2\/comments?post=29233"}],"version-history":[{"count":1,"href":"https:\/\/www.cinc.com\/ca\/wp-json\/wp\/v2\/posts\/29233\/revisions"}],"predecessor-version":[{"id":29234,"href":"https:\/\/www.cinc.com\/ca\/wp-json\/wp\/v2\/posts\/29233\/revisions\/29234"}],"wp:featuredmedia":[{"embeddable":true,"href":"https:\/\/www.cinc.com\/ca\/wp-json\/wp\/v2\/media\/29229"}],"wp:attachment":[{"href":"https:\/\/www.cinc.com\/ca\/wp-json\/wp\/v2\/media?parent=29233"}],"wp:term":[{"taxonomy":"category","embeddable":true,"href":"https:\/\/www.cinc.com\/ca\/wp-json\/wp\/v2\/categories?post=29233"},{"taxonomy":"post_tag","embeddable":true,"href":"https:\/\/www.cinc.com\/ca\/wp-json\/wp\/v2\/tags?post=29233"}],"curies":[{"name":"wp","href":"https:\/\/api.w.org\/{rel}","templated":true}]}}