{"id":2920,"date":"2020-06-04T00:00:00","date_gmt":"2020-06-04T00:00:00","guid":{"rendered":"https:\/\/www.cinc.com\/els-riscos-de-la-tecnologia-5g-que-afecten-a-la-privacitat-dels-usuaris\/"},"modified":"2025-05-02T11:48:07","modified_gmt":"2025-05-02T10:48:07","slug":"els-riscos-de-la-tecnologia-5g-que-afecten-a-la-privacitat-dels-usuaris","status":"publish","type":"post","link":"https:\/\/www.cinc.com\/ca\/els-riscos-de-la-tecnologia-5g-que-afecten-a-la-privacitat-dels-usuaris\/","title":{"rendered":"Els riscos de la tecnologia 5G que afecten a la privacitat dels usuaris"},"content":{"rendered":"<div style=\"text-align: justify;\">\n<div>La tecnologia 5G va comen\u00e7ar a desplegar-se a Europa a principis de 2019, i la previsi\u00f3 \u00e9s que tingui un gran impacte en la societat digital. Les principals millores que la 5G ofereix als usuaris s\u00f3n, entre d\u2019altres, l\u2019alta velocitat de transfer\u00e8ncia, la major capacitat de connexi\u00f3 i la baixa lat\u00e8ncia (temps de resposta entre acci\u00f3 i reacci\u00f3) en les comunicacions que permetr\u00e0 les accions en temps real.<\/div>\n<div><\/div>\n<div>No obstant, aquesta millora a nivell tecnol\u00f2gic no est\u00e0 exempta de riscos, sobretot per la seva afectaci\u00f3 a la privacitat. Segons l\u2019informe de l\u2019 AEPD, aquests serien els principals riscos:<\/div>\n<div><\/div>\n<ul>\n<li>La tecnologia 5G permetr\u00e0 una geolocalitzaci\u00f3 m\u00e9s precisa de l\u2019usuari, basada en el fet que utilitza moltes m\u00e9s estacions base i que hi ha menys dist\u00e0ncia entre elles.<\/li>\n<li>L\u2019increment\u00a0 de les dades que circulen per la xarxa, multiplicat\u00a0 per la quantitat de dispositius que hi haur\u00e0 connectats per cada usuari, facilitar\u00e0 la identificaci\u00f3 m\u00e9s precisa de les persones i el desenvolupament de procediments que permetran la presa de decisions autom\u00e0tiques sobre\u00a0 les mateixes sense necessitat de la seva intervenci\u00f3.<\/li>\n<li>Es preveu un augment del numero d\u2019agents que intervindran en el tractament de les dades personals, fet que pot comportar que\u00a0 tinguin diferents objectius de privacitat\u00a0 i que\u00a0 no existeixi una delimitaci\u00f3 clara de la responsabilitat de cada un d\u2019ells.<\/li>\n<li>Aquest n\u00famero elevat d\u2019agents en les cadenes de comunicaci\u00f3 tamb\u00e9 determina que falti un model homogeni de seguretat. Cada agent pot complir amb diferents est\u00e0ndards de seguretat, motiu pel que la seguretat global ser\u00e0 l\u2019equivalent a la de l\u2019element m\u00e9s d\u00e8bil.<\/li>\n<li>Augment exponencial del ciberatacs motivat\u00a0 per l\u2019increment de serveis, de connectivitat i de punts d\u2019entrada i sortida.<\/li>\n<\/ul>\n<div>Tot i que aquesta no \u00e9s una llista exhaustiva, tots aquests elements s\u2019han de tenir en compte en les\u00a0 primeres fases dels dissenys dels tractaments amb la finalitat d\u2019implementar les mesures t\u00e8cniques\u00a0 i organitzatives que els mitiguin i que tinguin en ment en tot moment la privacitat dels usuaris.<\/div>\n<div><\/div>\n<div>L\u2019 AEPD conclou, recordant a tots els intervinents en la implementaci\u00f3, la gesti\u00f3 i explotaci\u00f3 de la\u00a0 xarxa 5G les seg\u00fcents recomanacions, d\u2019entre les quals destaquem:<\/div>\n<ul>\n<li>S\u2019ha de potenciar que la informaci\u00f3 que es proporcioni a l\u2019interessat sigui clara i comprensible, sobretot pel que fa a la identificaci\u00f3 dels responsables, a les finalitats del tractament i a l\u2019acc\u00e9s i utilitzaci\u00f3 de mesures de control per part dels usuaris.<\/li>\n<li>S\u2019han d\u2019implementar mecanismes de transpar\u00e8ncia i tra\u00e7abilitat.<\/li>\n<li>S\u2019han de definir de manera clara els rols i responsabilitats i determinar clarament les obligacions de\u00a0 tots els intervinents (desenvolupadors, fabricants, operadors i agents).<\/li>\n<li>Es necessari implementar un sistema de mesures de control dels propis\u00a0 usuaris sobre les dades personals i de minimitzaci\u00f3 de dades.<\/li>\n<li>Adaptar la normativa per a establir les garanties adequades al tractament de la informaci\u00f3 i, sobretot, en relaci\u00f3 a la seva conservaci\u00f3.<\/li>\n<\/ul>\n<div>Per a qualsevol dubte, podeu contactar amb el Departament de Protecci\u00f3 de Dades de CINC Assessoria (monica.vilallave@cinc.es).<\/div>\n<\/div>\n","protected":false},"excerpt":{"rendered":"<p style=\"text-align: justify;\">\n\tLa tecnologia 5G va comen&ccedil;ar a desplegar-se a Europa a principis de 2019, i la previsi&oacute; &eacute;s que tingui un gran impacte en la societat digital. Les principals millores que la 5G ofereix als usuaris s&oacute;n, entre d&rsquo;altres, l&rsquo;alta velocitat de transfer&egrave;ncia, la major capacitat de connexi&oacute; i la baixa lat&egrave;ncia (temps de resposta entre acci&oacute; i reacci&oacute;) en les comunicacions que permetr&agrave; les accions en temps real.&nbsp;<\/p>\n","protected":false},"author":2,"featured_media":2921,"comment_status":"open","ping_status":"open","sticky":false,"template":"","format":"standard","meta":{"_acf_changed":false,"_uag_custom_page_level_css":"","_jetpack_memberships_contains_paid_content":false,"footnotes":""},"categories":[18],"tags":[],"class_list":["post-2920","post","type-post","status-publish","format-standard","has-post-thumbnail","hentry","category-assessoria"],"acf":[],"jetpack_featured_media_url":"https:\/\/www.cinc.com\/wp-content\/uploads\/2023\/03\/877.jpg","uagb_featured_image_src":{"full":["https:\/\/www.cinc.com\/wp-content\/uploads\/2023\/03\/877.jpg",1113,363,false],"thumbnail":["https:\/\/www.cinc.com\/wp-content\/uploads\/2023\/03\/877.jpg",150,49,false],"medium":["https:\/\/www.cinc.com\/wp-content\/uploads\/2023\/03\/877.jpg",300,98,false],"medium_large":["https:\/\/www.cinc.com\/wp-content\/uploads\/2023\/03\/877.jpg",768,250,false],"large":["https:\/\/www.cinc.com\/wp-content\/uploads\/2023\/03\/877.jpg",960,313,false],"1536x1536":["https:\/\/www.cinc.com\/wp-content\/uploads\/2023\/03\/877.jpg",1113,363,false],"2048x2048":["https:\/\/www.cinc.com\/wp-content\/uploads\/2023\/03\/877.jpg",1113,363,false],"gform-image-choice-sm":["https:\/\/www.cinc.com\/wp-content\/uploads\/2023\/03\/877.jpg",300,98,false],"gform-image-choice-md":["https:\/\/www.cinc.com\/wp-content\/uploads\/2023\/03\/877.jpg",400,130,false],"gform-image-choice-lg":["https:\/\/www.cinc.com\/wp-content\/uploads\/2023\/03\/877.jpg",600,196,false]},"uagb_author_info":{"display_name":"Utrans","author_link":"https:\/\/www.cinc.com\/ca\/author\/utrans\/"},"uagb_comment_info":0,"uagb_excerpt":"La tecnologia 5G va comen&ccedil;ar a desplegar-se a Europa a principis de 2019, i la previsi&oacute; &eacute;s que tingui un gran impacte en la societat digital. Les principals millores que la 5G ofereix als usuaris s&oacute;n, entre d&rsquo;altres, l&rsquo;alta velocitat de transfer&egrave;ncia, la major capacitat de connexi&oacute; i la baixa lat&egrave;ncia (temps de resposta entre&hellip;","jetpack_sharing_enabled":true,"_links":{"self":[{"href":"https:\/\/www.cinc.com\/ca\/wp-json\/wp\/v2\/posts\/2920","targetHints":{"allow":["GET"]}}],"collection":[{"href":"https:\/\/www.cinc.com\/ca\/wp-json\/wp\/v2\/posts"}],"about":[{"href":"https:\/\/www.cinc.com\/ca\/wp-json\/wp\/v2\/types\/post"}],"author":[{"embeddable":true,"href":"https:\/\/www.cinc.com\/ca\/wp-json\/wp\/v2\/users\/2"}],"replies":[{"embeddable":true,"href":"https:\/\/www.cinc.com\/ca\/wp-json\/wp\/v2\/comments?post=2920"}],"version-history":[{"count":1,"href":"https:\/\/www.cinc.com\/ca\/wp-json\/wp\/v2\/posts\/2920\/revisions"}],"predecessor-version":[{"id":29817,"href":"https:\/\/www.cinc.com\/ca\/wp-json\/wp\/v2\/posts\/2920\/revisions\/29817"}],"wp:featuredmedia":[{"embeddable":true,"href":"https:\/\/www.cinc.com\/ca\/wp-json\/wp\/v2\/media\/2921"}],"wp:attachment":[{"href":"https:\/\/www.cinc.com\/ca\/wp-json\/wp\/v2\/media?parent=2920"}],"wp:term":[{"taxonomy":"category","embeddable":true,"href":"https:\/\/www.cinc.com\/ca\/wp-json\/wp\/v2\/categories?post=2920"},{"taxonomy":"post_tag","embeddable":true,"href":"https:\/\/www.cinc.com\/ca\/wp-json\/wp\/v2\/tags?post=2920"}],"curies":[{"name":"wp","href":"https:\/\/api.w.org\/{rel}","templated":true}]}}