{"id":29170,"date":"2025-03-13T12:22:54","date_gmt":"2025-03-13T11:22:54","guid":{"rendered":"https:\/\/www.cinc.com\/?p=29170"},"modified":"2025-03-28T11:10:28","modified_gmt":"2025-03-28T10:10:28","slug":"cinc-commemora-el-dia-de-la-dona-amb-dos-esdeveniments-inspiradors","status":"publish","type":"post","link":"https:\/\/www.cinc.com\/ca\/cinc-commemora-el-dia-de-la-dona-amb-dos-esdeveniments-inspiradors\/","title":{"rendered":"CINC commemora el Dia de la Dona amb dos esdeveniments inspiradors"},"content":{"rendered":"\n<p>El passat 7 de mar\u00e7, en el marc del Dia Internacional de la Dona, <strong>CINC va organitzar dos esdeveniments especials dirigits a dones<\/strong>, amb l\u2019objectiu de fomentar el seu lideratge i creixement personal i professional.<\/p>\n\n\n\n<p>A <strong>CINC Barcelona<\/strong>, vam tenir el plaer de comptar amb <strong>Juanita Acevedo<\/strong>, experta en marca personal, qui va impartir el taller <em>&#8220;Re-connecta amb els teus valors i passa a l\u2019acci\u00f3&#8221;<\/em>. La sessi\u00f3 va reunir m\u00e9s de <strong>30 dones<\/strong>, en un espai on l\u2019energia i la participaci\u00f3 van ser protagonistes. Juanita va aconseguir generar un ambient inspirador, ajudant les assistents a redescobrir el seu prop\u00f2sit i potenciar la seva pres\u00e8ncia professional.<\/p>\n\n\n\n<p><\/p>\n\n\n\n<figure class=\"wp-block-image size-large\"><img loading=\"lazy\" decoding=\"async\" width=\"1024\" height=\"576\" src=\"https:\/\/www.cinc.com\/wp-content\/uploads\/acte-juanita-acevedo-1024x576.webp\" alt=\"\" class=\"wp-image-29279\" srcset=\"https:\/\/www.cinc.com\/wp-content\/uploads\/acte-juanita-acevedo-1024x576.webp 1024w, https:\/\/www.cinc.com\/wp-content\/uploads\/acte-juanita-acevedo-300x169.webp 300w, https:\/\/www.cinc.com\/wp-content\/uploads\/acte-juanita-acevedo-768x432.webp 768w, https:\/\/www.cinc.com\/wp-content\/uploads\/acte-juanita-acevedo-1536x864.webp 1536w, https:\/\/www.cinc.com\/wp-content\/uploads\/acte-juanita-acevedo.webp 1920w\" sizes=\"auto, (max-width: 1024px) 100vw, 1024px\" \/><\/figure>\n\n\n\n<p><\/p>\n\n\n\n<figure class=\"wp-block-embed is-type-video is-provider-youtube wp-block-embed-youtube wp-embed-aspect-4-3 wp-has-aspect-ratio\"><div class=\"wp-block-embed__wrapper\">\n<iframe loading=\"lazy\" title=\"Taller D\u00eda de la Mujer en CINC: Inspiraci\u00f3n, Valores y Conexi\u00f3n \u2728\" width=\"960\" height=\"720\" src=\"https:\/\/www.youtube.com\/embed\/XBHGjyTu0S0?feature=oembed&#038;enablejsapi=1&#038;origin=https:\/\/www.cinc.com\" frameborder=\"0\" allow=\"accelerometer; autoplay; clipboard-write; encrypted-media; gyroscope; picture-in-picture; web-share\" referrerpolicy=\"strict-origin-when-cross-origin\" allowfullscreen><\/iframe>\n<\/div><\/figure>\n\n\n\n<p><\/p>\n\n\n\n<p>D\u2019altra banda, a <strong>CINC Girona<\/strong>, en col\u00b7laboraci\u00f3 amb la <strong>AGE (Associaci\u00f3 Gironina de Dones Empres\u00e0ries)<\/strong>, vam organitzar el taller <em>&#8220;Respirar, Connectar, Riure&#8221;<\/em>, impartit per la <strong>M\u00f3nica Aldegunde<\/strong>. A trav\u00e9s de t\u00e8cniques de respiraci\u00f3 conscient, les assistents van viure una experi\u00e8ncia din\u00e0mica i transformadora, connectant amb el seu benestar i autoconeixement.<\/p>\n\n\n\n<p><\/p>\n\n\n\n<figure class=\"wp-block-image size-large\"><img loading=\"lazy\" decoding=\"async\" width=\"1024\" height=\"576\" src=\"https:\/\/www.cinc.com\/wp-content\/uploads\/Fotos-Blog-CINC-WordPress-5-1024x576.jpg\" alt=\"\" class=\"wp-image-29296\" srcset=\"https:\/\/www.cinc.com\/wp-content\/uploads\/Fotos-Blog-CINC-WordPress-5-1024x576.jpg 1024w, https:\/\/www.cinc.com\/wp-content\/uploads\/Fotos-Blog-CINC-WordPress-5-300x169.jpg 300w, https:\/\/www.cinc.com\/wp-content\/uploads\/Fotos-Blog-CINC-WordPress-5-768x432.jpg 768w, https:\/\/www.cinc.com\/wp-content\/uploads\/Fotos-Blog-CINC-WordPress-5-1536x864.jpg 1536w, https:\/\/www.cinc.com\/wp-content\/uploads\/Fotos-Blog-CINC-WordPress-5.jpg 1920w\" sizes=\"auto, (max-width: 1024px) 100vw, 1024px\" \/><\/figure>\n\n\n\n<p><\/p>\n\n\n\n<p>Ambd\u00f3s esdeveniments van finalitzar amb una fant\u00e0stica sessi\u00f3 de <strong>networking i un brunch amb copa de cava<\/strong>, una oportunitat \u00fanica per compartir experi\u00e8ncies i crear noves connexions.<\/p>\n\n\n\n<p>A <strong>CINC reafirmem el nostre comprom\u00eds amb el lideratge femen\u00ed<\/strong>, impulsant espais on les dones puguin desenvolupar-se i enfortir-se professionalment. Seguim treballant per oferir m\u00e9s iniciatives que inspirin i potenci\u00efn el seu creixement!<\/p>\n\n\n\n<p><\/p>\n","protected":false},"excerpt":{"rendered":"<p>A CINC celebrem el Dia de la Dona amb actes per impulsar el lideratge i creixement femen\u00ed.<\/p>\n","protected":false},"author":302,"featured_media":29165,"comment_status":"open","ping_status":"open","sticky":false,"template":"","format":"standard","meta":{"_acf_changed":false,"_uag_custom_page_level_css":"","_jetpack_memberships_contains_paid_content":false,"footnotes":""},"categories":[210,24],"tags":[236,235],"class_list":["post-29170","post","type-post","status-publish","format-standard","has-post-thumbnail","hentry","category-esdeveniments","category-grup-cinc","tag-dia-de-la-dona","tag-esdeveniments"],"acf":[],"jetpack_featured_media_url":"https:\/\/www.cinc.com\/wp-content\/uploads\/image00006.webp","uagb_featured_image_src":{"full":["https:\/\/www.cinc.com\/wp-content\/uploads\/image00006.webp",1920,1080,false],"thumbnail":["https:\/\/www.cinc.com\/wp-content\/uploads\/image00006-150x150.webp",150,150,true],"medium":["https:\/\/www.cinc.com\/wp-content\/uploads\/image00006-300x169.webp",300,169,true],"medium_large":["https:\/\/www.cinc.com\/wp-content\/uploads\/image00006-768x432.webp",768,432,true],"large":["https:\/\/www.cinc.com\/wp-content\/uploads\/image00006-1024x576.webp",960,540,true],"1536x1536":["https:\/\/www.cinc.com\/wp-content\/uploads\/image00006-1536x864.webp",1536,864,true],"2048x2048":["https:\/\/www.cinc.com\/wp-content\/uploads\/image00006.webp",1920,1080,false],"gform-image-choice-sm":["https:\/\/www.cinc.com\/wp-content\/uploads\/image00006.webp",300,169,false],"gform-image-choice-md":["https:\/\/www.cinc.com\/wp-content\/uploads\/image00006.webp",400,225,false],"gform-image-choice-lg":["https:\/\/www.cinc.com\/wp-content\/uploads\/image00006.webp",600,338,false]},"uagb_author_info":{"display_name":"Houda","author_link":"https:\/\/www.cinc.com\/ca\/author\/houda\/"},"uagb_comment_info":0,"uagb_excerpt":"A CINC celebrem el Dia de la Dona amb actes per impulsar el lideratge i creixement femen\u00ed.","jetpack_sharing_enabled":true,"_links":{"self":[{"href":"https:\/\/www.cinc.com\/ca\/wp-json\/wp\/v2\/posts\/29170","targetHints":{"allow":["GET"]}}],"collection":[{"href":"https:\/\/www.cinc.com\/ca\/wp-json\/wp\/v2\/posts"}],"about":[{"href":"https:\/\/www.cinc.com\/ca\/wp-json\/wp\/v2\/types\/post"}],"author":[{"embeddable":true,"href":"https:\/\/www.cinc.com\/ca\/wp-json\/wp\/v2\/users\/302"}],"replies":[{"embeddable":true,"href":"https:\/\/www.cinc.com\/ca\/wp-json\/wp\/v2\/comments?post=29170"}],"version-history":[{"count":4,"href":"https:\/\/www.cinc.com\/ca\/wp-json\/wp\/v2\/posts\/29170\/revisions"}],"predecessor-version":[{"id":29302,"href":"https:\/\/www.cinc.com\/ca\/wp-json\/wp\/v2\/posts\/29170\/revisions\/29302"}],"wp:featuredmedia":[{"embeddable":true,"href":"https:\/\/www.cinc.com\/ca\/wp-json\/wp\/v2\/media\/29165"}],"wp:attachment":[{"href":"https:\/\/www.cinc.com\/ca\/wp-json\/wp\/v2\/media?parent=29170"}],"wp:term":[{"taxonomy":"category","embeddable":true,"href":"https:\/\/www.cinc.com\/ca\/wp-json\/wp\/v2\/categories?post=29170"},{"taxonomy":"post_tag","embeddable":true,"href":"https:\/\/www.cinc.com\/ca\/wp-json\/wp\/v2\/tags?post=29170"}],"curies":[{"name":"wp","href":"https:\/\/api.w.org\/{rel}","templated":true}]}}