{"id":29162,"date":"2025-03-13T11:47:43","date_gmt":"2025-03-13T10:47:43","guid":{"rendered":"https:\/\/www.cinc.com\/?p=29162"},"modified":"2025-03-17T09:14:38","modified_gmt":"2025-03-17T08:14:38","slug":"eidas2-claus-i-noves-obligacions-per-a-les-empreses","status":"publish","type":"post","link":"https:\/\/www.cinc.com\/ca\/eidas2-claus-i-noves-obligacions-per-a-les-empreses\/","title":{"rendered":"eIDAS2: Claus i noves obligacions per a les empreses"},"content":{"rendered":"\n<p>La digitalitzaci\u00f3 a Europa avan\u00e7a r\u00e0pidament, i un dels projectes clau en aquest proc\u00e9s \u00e9s l\u2019eIDAS2, la iniciativa que donar\u00e0 forma a la Cartera Europea d&#8217;Identitat Digital. Impulsada per la Comissi\u00f3 Europea, aquesta normativa busca establir un sistema d&#8217;identificaci\u00f3 digital segur i unificat per a ciutadans i empreses a tota la Uni\u00f3 Europea.<br><\/p>\n\n\n\n<div class=\"wp-block-uagb-advanced-heading uagb-block-267eb441\"><h2 class=\"uagb-heading-text\">Quin \u00e9s l&#8217;objectiu d&#8217;eIDAS2?<\/h2><\/div>\n\n\n\n<p>L&#8217;objectiu principal d&#8217;eIDAS2 \u00e9s permetre que qualsevol persona es pugui identificar i accedir a serveis p\u00fablics i privats en qualsevol pa\u00eds de la UE mitjan\u00e7ant una identitat digital segura i verificable, sense dependre de plataformes privades. Aix\u00f2 aportar\u00e0 beneficis com:<br><\/p>\n\n\n\n<ul class=\"wp-block-list\">\n<li>Simplificaci\u00f3 dels tr\u00e0mits administratius.<\/li>\n\n\n\n<li>Major seguretat en la gesti\u00f3 de les identitats digitals.<\/li>\n\n\n\n<li>Interoperabilitat entre sistemes nacionals i comunitaris.<\/li>\n<\/ul>\n\n\n\n<p>Tanmateix, tamb\u00e9 planteja desafiaments en termes de protecci\u00f3 de dades i compliment del Reglament General de Protecci\u00f3 de Dades (RGPD).<\/p>\n\n\n\n<div class=\"wp-block-uagb-advanced-heading uagb-block-07ac44c4\"><h2 class=\"uagb-heading-text\">Com es relaciona eIDAS2 amb el RGPD?<\/h2><\/div>\n\n\n\n<p>El <strong>RGPD<\/strong> estableix principis fonamentals per al tractament de dades personals, com ara:<br><\/p>\n\n\n\n<ul class=\"wp-block-list\">\n<li>Consentiment de l&#8217;usuari.<\/li>\n\n\n\n<li>Minimitzaci\u00f3 de dades.<\/li>\n\n\n\n<li>Dret a l&#8217;oblit.<\/li>\n<\/ul>\n\n\n\n<p>Per tal que l\u2019eIDAS2 compleixi amb aquests principis, l&#8217;Ag\u00e8ncia Espanyola de Protecci\u00f3 de Dades (AEPD) destaca tres aspectes clau:<br><\/p>\n\n\n\n<ol start=\"1\" class=\"wp-block-list\">\n<li>Transpar\u00e8ncia: els usuaris han de con\u00e8ixer quines dades es recullen i com s&#8217;utilitzen.<\/li>\n\n\n\n<li>Seguretat: la infraestructura de la identitat digital ha de garantir la confidencialitat i integritat de la informaci\u00f3.<\/li>\n\n\n\n<li>Interoperabilitat: el sistema ha de ser compatible amb diferents marcs normatius sense comprometre la privacitat.<\/li>\n<\/ol>\n\n\n\n<p>A m\u00e9s, la creaci\u00f3 de la Cartera Europea d&#8217;Identitat Digital implica que les dades personals dels ciutadans seran emmagatzemades i gestionades a nivell comunitari, cosa que requereix un marc legal s\u00f2lid per prevenir usos indeguts o accessos no autoritzats.<br><\/p>\n\n\n\n<div class=\"wp-block-uagb-advanced-heading uagb-block-52d78272\"><h2 class=\"uagb-heading-text\">Com afecta eIDAS2 a les empreses?<\/h2><\/div>\n\n\n\n<p>Per a les empreses, l&#8217;arribada d&#8217;eIDAS2 representa tant reptes com oportunitats:<\/p>\n\n\n\n<ul class=\"wp-block-list\">\n<li>Adaptaci\u00f3 a nous processos de verificaci\u00f3 d&#8217;identitat.<\/li>\n\n\n\n<li>Major seguretat en les transaccions digitals.<\/li>\n\n\n\n<li>Compliment normatiu m\u00e9s exigent en protecci\u00f3 de dades<br><\/li>\n<\/ul>\n\n\n\n<div class=\"wp-block-uagb-advanced-heading uagb-block-8d84ff0c\"><h2 class=\"uagb-heading-text\">Com pot CINC Assessoria ajudar la teva empresa?<\/h2><\/div>\n\n\n\n<p>Complir amb el RGPD ser\u00e0 m\u00e9s important que mai amb la implementaci\u00f3 d&#8217;eIDAS2. A CINC Assessoria, ajudem les empreses a adaptar-se a aquest nou entorn digital, assegurant que implementin pr\u00e0ctiques de protecci\u00f3 de dades alineades amb la normativa vigent.<br><\/p>\n\n\n\n<div class=\"wp-block-uagb-advanced-heading uagb-block-efd693c3\"><h2 class=\"uagb-heading-text\">Necessites assessorament en protecci\u00f3 de dades i compliment del RGPD?<\/h2><\/div>\n\n\n\n<p>Contacta amb el nostre equip de Professionals especialitzats en <a href=\"https:\/\/www.cinc.com\/ca\/assessoria-dempreses\/proteccio-de-dades\/\">Protecci\u00f3 de Dades<\/a><strong> <\/strong>i t&#8217;ajudarem a garantir que la teva empresa estigui preparada per als nous desafiaments de la identitat digital.<\/p>\n\n\n\n<p><\/p>\n\n\n\n<div class=\"wp-block-uagb-buttons uagb-buttons__outer-wrap uagb-btn__default-btn uagb-btn-tablet__default-btn uagb-btn-mobile__default-btn uagb-block-7951048c\"><div class=\"uagb-buttons__wrap uagb-buttons-layout-wrap \">\n<div class=\"wp-block-uagb-buttons-child uagb-buttons__outer-wrap uagb-block-0bd6760b wp-block-button\"><div class=\"uagb-button__wrapper\"><a class=\"uagb-buttons-repeater wp-block-button__link\" aria-label=\"\" href=\"https:\/\/www.cinc.com\/ca\/contacte\/\" rel=\"follow noopener\" target=\"_blank\" role=\"button\"><div class=\"uagb-button__link\">Contacta&#8217;ns<\/div><\/a><\/div><\/div>\n<\/div><\/div>\n\n\n\n<p><\/p>\n","protected":false},"excerpt":{"rendered":"<p>L\u2019eIDAS2 transformar\u00e0 la identitat digital a Europa. T\u2019expliquem com afectar\u00e0 ciutadans i empreses.<\/p>\n","protected":false},"author":302,"featured_media":29157,"comment_status":"open","ping_status":"open","sticky":false,"template":"","format":"standard","meta":{"_acf_changed":false,"_uag_custom_page_level_css":"","_jetpack_memberships_contains_paid_content":false,"footnotes":""},"categories":[18,103],"tags":[],"class_list":["post-29162","post","type-post","status-publish","format-standard","has-post-thumbnail","hentry","category-assessoria","category-proteccio-de-dades"],"acf":[],"jetpack_featured_media_url":"https:\/\/www.cinc.com\/wp-content\/uploads\/321.webp","uagb_featured_image_src":{"full":["https:\/\/www.cinc.com\/wp-content\/uploads\/321.webp",1920,1080,false],"thumbnail":["https:\/\/www.cinc.com\/wp-content\/uploads\/321-150x150.webp",150,150,true],"medium":["https:\/\/www.cinc.com\/wp-content\/uploads\/321-300x169.webp",300,169,true],"medium_large":["https:\/\/www.cinc.com\/wp-content\/uploads\/321-768x432.webp",768,432,true],"large":["https:\/\/www.cinc.com\/wp-content\/uploads\/321-1024x576.webp",960,540,true],"1536x1536":["https:\/\/www.cinc.com\/wp-content\/uploads\/321-1536x864.webp",1536,864,true],"2048x2048":["https:\/\/www.cinc.com\/wp-content\/uploads\/321.webp",1920,1080,false],"gform-image-choice-sm":["https:\/\/www.cinc.com\/wp-content\/uploads\/321.webp",300,169,false],"gform-image-choice-md":["https:\/\/www.cinc.com\/wp-content\/uploads\/321.webp",400,225,false],"gform-image-choice-lg":["https:\/\/www.cinc.com\/wp-content\/uploads\/321.webp",600,338,false]},"uagb_author_info":{"display_name":"Houda","author_link":"https:\/\/www.cinc.com\/ca\/author\/houda\/"},"uagb_comment_info":0,"uagb_excerpt":"L\u2019eIDAS2 transformar\u00e0 la identitat digital a Europa. T\u2019expliquem com afectar\u00e0 ciutadans i empreses.","jetpack_sharing_enabled":true,"_links":{"self":[{"href":"https:\/\/www.cinc.com\/ca\/wp-json\/wp\/v2\/posts\/29162","targetHints":{"allow":["GET"]}}],"collection":[{"href":"https:\/\/www.cinc.com\/ca\/wp-json\/wp\/v2\/posts"}],"about":[{"href":"https:\/\/www.cinc.com\/ca\/wp-json\/wp\/v2\/types\/post"}],"author":[{"embeddable":true,"href":"https:\/\/www.cinc.com\/ca\/wp-json\/wp\/v2\/users\/302"}],"replies":[{"embeddable":true,"href":"https:\/\/www.cinc.com\/ca\/wp-json\/wp\/v2\/comments?post=29162"}],"version-history":[{"count":5,"href":"https:\/\/www.cinc.com\/ca\/wp-json\/wp\/v2\/posts\/29162\/revisions"}],"predecessor-version":[{"id":29260,"href":"https:\/\/www.cinc.com\/ca\/wp-json\/wp\/v2\/posts\/29162\/revisions\/29260"}],"wp:featuredmedia":[{"embeddable":true,"href":"https:\/\/www.cinc.com\/ca\/wp-json\/wp\/v2\/media\/29157"}],"wp:attachment":[{"href":"https:\/\/www.cinc.com\/ca\/wp-json\/wp\/v2\/media?parent=29162"}],"wp:term":[{"taxonomy":"category","embeddable":true,"href":"https:\/\/www.cinc.com\/ca\/wp-json\/wp\/v2\/categories?post=29162"},{"taxonomy":"post_tag","embeddable":true,"href":"https:\/\/www.cinc.com\/ca\/wp-json\/wp\/v2\/tags?post=29162"}],"curies":[{"name":"wp","href":"https:\/\/api.w.org\/{rel}","templated":true}]}}