{"id":29153,"date":"2025-03-13T11:26:43","date_gmt":"2025-03-13T10:26:43","guid":{"rendered":"https:\/\/www.cinc.com\/?p=29153"},"modified":"2025-03-18T13:17:28","modified_gmt":"2025-03-18T12:17:28","slug":"entrevista-a-la-fundacio-jubert-figueras","status":"publish","type":"post","link":"https:\/\/www.cinc.com\/ca\/entrevista-a-la-fundacio-jubert-figueras\/","title":{"rendered":"Entrevista a la Fundaci\u00f3 Jubert Figueras"},"content":{"rendered":"\n<p><strong>Sector:<\/strong> Fundaci\u00f3<br><strong>Ubicaci\u00f3: <\/strong>Barcelona<br><strong>Lloc Web: <\/strong><a href=\"https:\/\/jubertfigueras.org\/\"><strong>https:\/\/jubertfigueras.org\/<\/strong><\/a><\/p>\n\n\n\n<div class=\"wp-block-uagb-advanced-heading uagb-block-f5d3986d\"><h2 class=\"uagb-heading-text\">Com i amb quin prop\u00f2sit va n\u00e9ixer la Fundaci\u00f3 Jubert Figueras?<\/h2><\/div>\n\n\n\n<p>Vint anys enrere, Paola Jubert, fundadora de la FJF i l\u2019actual directora, treballava com a metgessa de cures intensives. Una nit, mentre estava de gu\u00e0rdia a un hospital de Barcelona, un home va ingressar despr\u00e9s de ser operat del cor. La seva dona va poder entrar a la sala a visitar-lo, per\u00f2 quan va ser l\u2019hora de marxar li va manifestar a la Paola trobar-se desemparada i sense lloc on passar la nit. Les expectatives de la dona es redu\u00efen a dormir al terra de l\u2019hospital o en un banc del carrer.<\/p>\n\n\n\n<p>En aquell moment, la Paola Jubert va buscar un allotjament econ\u00f2mic proper perqu\u00e8 la dona pogu\u00e9s descansar, per\u00f2 va quedar-se dubitativa sobre aquella situaci\u00f3: com es podria facilitar que les persones acompanyants de malalts rebessin un tracte digne mentre es troben en una situaci\u00f3 de despla\u00e7ament?<\/p>\n\n\n\n<p>La Fundaci\u00f3 Jubert Figueras neix d\u2019una experi\u00e8ncia viscuda en primera persona i la voluntat de garantir els m\u00ednims de vida digna de les persones cuidadores que es desplacen per tenir cura d\u2019un malalt. <br><\/p>\n\n\n\n<div class=\"wp-block-uagb-advanced-heading uagb-block-845a1f43\"><h2 class=\"uagb-heading-text\">El vostre enfocament \u00e9s proporcionar allotjament a familiars de persones\u00a0hospitalitzades. Com impacta aquest suport en la vida de les fam\u00edlies que ateneu?<\/h2><\/div>\n\n\n\n<p>Els estudis demostren que la pres\u00e8ncia d&#8217;una persona cuidadora afavoreix a una millor recuperaci\u00f3 del malalt, per\u00f2 per tal que la fam\u00edlia pugui acompanyar b\u00e9, ha de poder cobrir primer les seves necessitats b\u00e0siques. Disposar d&#8217;un allotjament a prop de l&#8217;hospital permet a les fam\u00edlies tenir un espai on descansar, dutxar-se i preparar menjar calent, alhora que comparteixen experi\u00e8ncies amb altres fam\u00edlies cuidadores despla\u00e7ades.<\/p>\n\n\n\n<p>Pel que fa a l&#8217;impacte econ\u00f2mic per a les fam\u00edlies, el preu mitj\u00e0 d&#8217;una nit d&#8217;hotel a Barcelona \u00e9s de 190 \u20ac (segons l&#8217;estudi de 2024 del gremi hoteler de Barcelona). L&#8217;estada mitjana de l&#8217;any passat als nostres pisos va ser de 31 dies, per tant, nom\u00e9s en nits d&#8217;hotel els hem estalviat 5.900 \u20ac per fam\u00edlia. Un dels nostres valors fundacionals \u00e9s evitar que els cuidadors despla\u00e7ats caiguin en risc de pobresa o hagin de demanar pr\u00e9stecs per fer front a la seva situaci\u00f3.\u00a0<br><\/p>\n\n\n\n<div class=\"wp-block-uagb-advanced-heading uagb-block-4e8baeb3\"><h2 class=\"uagb-heading-text\">Quins s\u00f3n els principals reptes a qu\u00e8 us enfronteu a l&#8217;hora d&#8217;oferir aquest servei?<\/h2><\/div>\n\n\n\n<p>El principal repte que tenim \u00e9s que la demanda supera \u00e0mpliament la nostra oferta d&#8217;allotjament. De les 527 sol\u00b7licituds que vam rebre el 2024, gaireb\u00e9 la meitat (40%) de les peticions no es poden atendre per falta de recursos habitacionals.<\/p>\n\n\n\n<p>Aix\u00ed mateix, la pressi\u00f3 del mercat immobiliari i l\u2019especulaci\u00f3 ens dificulta trobar allotjaments que siguin favorables per a les fam\u00edlies: pel preu del lloguer, per la proximitat a l\u2019hospital o amb bona connexi\u00f3 en transport p\u00fablics, amb infraestructures per a persones amb mobilitat redu\u00efda&#8230;<\/p>\n\n\n\n<p>Tamb\u00e9 \u00e9s un repte a tenir en compte que l\u2019allotjament per si sol no resol la situaci\u00f3 de vulnerabilitat de les fam\u00edlies, ja que necessita un pla d&#8217;integraci\u00f3 que inclogui suport psicol\u00f2gic i social.<br><\/p>\n\n\n\n<div class=\"wp-block-uagb-advanced-heading uagb-block-0585515f\"><h2 class=\"uagb-heading-text\">Treballeu en un \u00e0mbit molt hum\u00e0 i sensible. Podr\u00edeu compartir alguna hist\u00f2ria que us hagi marcat especialment?<\/h2><\/div>\n\n\n\n<p>Els P\u00e9rez Casas, una fam\u00edlia formada pel pare, mare i fill residents nord-americans, estaven gaudint d&#8217;una setmana de vacances d&#8217;estiu a Barcelona quan la mare es va posar de part prematur amb necessitat de ces\u00e0ria urgent. Davant d&#8217;aquesta intervenci\u00f3 d&#8217;urg\u00e8ncia i d&#8217;un nou nad\u00f3 que havia d&#8217;estar a la incubadora, la fam\u00edlia havia de romandre a Catalunya a l&#8217;espera de l&#8217;evoluci\u00f3 del beb\u00e8, per\u00f2 no podien allargar m\u00e9s l&#8217;estada al seu hotel, tant per motius econ\u00f2mics com per desconeixement del temps previst. Des de la Fundaci\u00f3 Jubert Figueras els vam allotjar i vam donar suport durant quatre mesos, fins que a vig\u00edlies de Nadal, l&#8217;equip m\u00e8dic de l&#8217;hospital els va donar l&#8217;alta perqu\u00e8 tota la fam\u00edlia pogu\u00e9s tornar a casa.\u00a0<br><\/p>\n\n\n\n<div class=\"wp-block-uagb-advanced-heading uagb-block-72c7dfdf\"><h2 class=\"uagb-heading-text\">A m\u00e9s de l&#8217;allotjament, oferiu altres tipus de suport o acompanyament a les fam\u00edlies?<\/h2><\/div>\n\n\n\n<p>Oferim suport als nostres cuidadors allotjats perqu\u00e8 sovint passen per un doble trasbals emocional: la malaltia greu del seu ser estimat i el trasllat del seu domicili habitual. Tenim un programa d&#8217;acompanyament a les fam\u00edlies que compta amb el nostre personal de treball social i amb un equip de voluntariat que dona suport emocional i companyia durant la seva estada.<br><\/p>\n\n\n\n<div class=\"wp-block-uagb-advanced-heading uagb-block-80622b39\"><h2 class=\"uagb-heading-text\">Quines estrat\u00e8gies seguiu per donar visibilitat a la vostra feina i atraure m\u00e9s recursos?<\/h2><\/div>\n\n\n\n<p>M\u00e9s enll\u00e0 d&#8217;estar presents a les principals xarxes socials, on actualitzem regularment la informaci\u00f3 sobre la Fundaci\u00f3 i les fam\u00edlies allotjades, tamb\u00e9 enviem un newsletter mensual a la nostra base de subscriptors en qu\u00e8 expliquem m\u00e9s detalls sobre el dia a dia de l&#8217;entitat i els resultats de la nostra activitat.<\/p>\n\n\n\n<p>Per altra banda, fem dues campanyes de captaci\u00f3 de fons per a empreses i particulars&nbsp;cada l&#8217;any que ens permeten, no nom\u00e9s oferir una alternativa de donaci\u00f3 diferent, sin\u00f3 tamb\u00e9 donar-nos a con\u00e8ixer en \u00e8poques festives i alegres. Fem una campanya de Nadal, en qu\u00e8 venem un regal solidari (l&#8217;any passat va ser una clau de xocolata i una kokedama de pons\u00e8tia), i la campanya de Sant Jordi, la nostra iniciativa m\u00e9s longeva, en qu\u00e8 entreguem roses solid\u00e0ries a domicili o a la nostra paradeta de la Rambla de Catalunya de Barcelona.&nbsp;<\/p>\n\n\n\n<p>Tamb\u00e9 col\u00b7laborem cada any en l&#8217;assignatura d&#8217;Aprenentatge i Servei Comunitari amb l&#8217;alumnat d&#8217;ESO d&#8217;un institut p\u00fablic de Barcelona, amb la qual difonem i sensibilitzem\u00a0sobre la nostra tasca a la ciutadania m\u00e9s jove.<br><\/p>\n\n\n\n<div class=\"wp-block-uagb-advanced-heading uagb-block-a9ed0dfb\"><h2 class=\"uagb-heading-text\">Quin paper hi juga la col\u00b7laboraci\u00f3 amb empreses i entitats com CINC en el vostre dia a dia?<\/h2><\/div>\n\n\n\n<p>Col\u00b7laborar amb entitats com CINC ens permet difondre la nostra missi\u00f3 a una nova xarxa d&#8217;empreses que se sentin sensibilitzades amb la nostra tasca i vulguin col\u00b7laborar amb nosaltres: ja sigui de manera puntual amb una donaci\u00f3 o participant en la campanya de Nadal\/Sant Jordi o b\u00e9 establint una relaci\u00f3 recurrent com a finan\u00e7adors dels nostres programes. Al nostre nou pis de Girona comptem amb el suport de Marlex i IB2 Seguretat.<\/p>\n\n\n\n<p><\/p>\n","protected":false},"excerpt":{"rendered":"<p>La Fundaci\u00f3 Jubert Figueras ofereix allotjament digne a cuidadors despla\u00e7ats per atendre un malalt.<\/p>\n","protected":false},"author":302,"featured_media":29149,"comment_status":"open","ping_status":"open","sticky":false,"template":"","format":"standard","meta":{"_acf_changed":false,"_uag_custom_page_level_css":"","_jetpack_memberships_contains_paid_content":false,"footnotes":""},"categories":[19],"tags":[],"class_list":["post-29153","post","type-post","status-publish","format-standard","has-post-thumbnail","hentry","category-entrevistes"],"acf":[],"jetpack_featured_media_url":"https:\/\/www.cinc.com\/wp-content\/uploads\/WEB-jubert-figueres-scaled.webp","uagb_featured_image_src":{"full":["https:\/\/www.cinc.com\/wp-content\/uploads\/WEB-jubert-figueres-scaled.webp",2560,1440,false],"thumbnail":["https:\/\/www.cinc.com\/wp-content\/uploads\/WEB-jubert-figueres-150x150.webp",150,150,true],"medium":["https:\/\/www.cinc.com\/wp-content\/uploads\/WEB-jubert-figueres-300x169.webp",300,169,true],"medium_large":["https:\/\/www.cinc.com\/wp-content\/uploads\/WEB-jubert-figueres-768x432.webp",768,432,true],"large":["https:\/\/www.cinc.com\/wp-content\/uploads\/WEB-jubert-figueres-1024x576.webp",960,540,true],"1536x1536":["https:\/\/www.cinc.com\/wp-content\/uploads\/WEB-jubert-figueres-1536x864.webp",1536,864,true],"2048x2048":["https:\/\/www.cinc.com\/wp-content\/uploads\/WEB-jubert-figueres-2048x1152.webp",2048,1152,true],"gform-image-choice-sm":["https:\/\/www.cinc.com\/wp-content\/uploads\/WEB-jubert-figueres-scaled.webp",300,169,false],"gform-image-choice-md":["https:\/\/www.cinc.com\/wp-content\/uploads\/WEB-jubert-figueres-scaled.webp",400,225,false],"gform-image-choice-lg":["https:\/\/www.cinc.com\/wp-content\/uploads\/WEB-jubert-figueres-scaled.webp",600,338,false]},"uagb_author_info":{"display_name":"Houda","author_link":"https:\/\/www.cinc.com\/ca\/author\/houda\/"},"uagb_comment_info":0,"uagb_excerpt":"La Fundaci\u00f3 Jubert Figueras ofereix allotjament digne a cuidadors despla\u00e7ats per atendre un malalt.","jetpack_sharing_enabled":true,"_links":{"self":[{"href":"https:\/\/www.cinc.com\/ca\/wp-json\/wp\/v2\/posts\/29153","targetHints":{"allow":["GET"]}}],"collection":[{"href":"https:\/\/www.cinc.com\/ca\/wp-json\/wp\/v2\/posts"}],"about":[{"href":"https:\/\/www.cinc.com\/ca\/wp-json\/wp\/v2\/types\/post"}],"author":[{"embeddable":true,"href":"https:\/\/www.cinc.com\/ca\/wp-json\/wp\/v2\/users\/302"}],"replies":[{"embeddable":true,"href":"https:\/\/www.cinc.com\/ca\/wp-json\/wp\/v2\/comments?post=29153"}],"version-history":[{"count":2,"href":"https:\/\/www.cinc.com\/ca\/wp-json\/wp\/v2\/posts\/29153\/revisions"}],"predecessor-version":[{"id":29305,"href":"https:\/\/www.cinc.com\/ca\/wp-json\/wp\/v2\/posts\/29153\/revisions\/29305"}],"wp:featuredmedia":[{"embeddable":true,"href":"https:\/\/www.cinc.com\/ca\/wp-json\/wp\/v2\/media\/29149"}],"wp:attachment":[{"href":"https:\/\/www.cinc.com\/ca\/wp-json\/wp\/v2\/media?parent=29153"}],"wp:term":[{"taxonomy":"category","embeddable":true,"href":"https:\/\/www.cinc.com\/ca\/wp-json\/wp\/v2\/categories?post=29153"},{"taxonomy":"post_tag","embeddable":true,"href":"https:\/\/www.cinc.com\/ca\/wp-json\/wp\/v2\/tags?post=29153"}],"curies":[{"name":"wp","href":"https:\/\/api.w.org\/{rel}","templated":true}]}}