{"id":2895,"date":"2020-05-21T00:00:00","date_gmt":"2020-05-21T00:00:00","guid":{"rendered":"https:\/\/www.cinc.com\/empreses-amb-treballadors-en-erto-que-no-han-cobrat-encara-com-funciona-el-procediment-de-reclamacio\/"},"modified":"2025-05-02T11:48:25","modified_gmt":"2025-05-02T10:48:25","slug":"empreses-amb-treballadors-en-erto-que-no-han-cobrat-encara-com-funciona-el-procediment-de-reclamacio","status":"publish","type":"post","link":"https:\/\/www.cinc.com\/ca\/empreses-amb-treballadors-en-erto-que-no-han-cobrat-encara-com-funciona-el-procediment-de-reclamacio\/","title":{"rendered":"Empreses amb treballadors en ERTO que no han cobrat encara: com funciona el procediment de reclamaci\u00f3"},"content":{"rendered":"<div style=\"text-align: justify;\">\n<div>Arran de l&#8217;aprovaci\u00f3 dels ERTO per for\u00e7a major, ha sorgit una allau de peticions de prestacions per atur, i algunes empreses es troben que els seus empleats no han pogut cobrar encara. Tot i que la sol\u00b7licitud de l&#8217;ERTO l&#8217;hagi realitzat l&#8217;empresa, cal recordar que \u00e9s el mateix empleat qui ha de fer la reclamaci\u00f3 al SEPE de forma telem\u00e0tica a trav\u00e9s del seu web.<\/div>\n<div><\/div>\n<div>Aquest fet pot donar-se per dues circumst\u00e0ncies: que el pagament no s&#8217;hagi realitzat, o b\u00e9 que el SEPE hagi rebutjat o abonat una quantitat incorrecta. Segons el cas, la persona treballadora tindr\u00e0 dues opcions:<\/div>\n<div><\/div>\n<div>En el primer sup\u00f2sit (es t\u00e9 dret a la prestaci\u00f3, per\u00f2 no s&#8217;ha rebut), haur\u00e0 de presentar una reclamaci\u00f3 patrimonial davant el SEPE, que podr\u00e0 realitzar des del dia seg\u00fcent a qu\u00e8 es t\u00e9 dret a cobrar la prestaci\u00f3. L&#8217;Administraci\u00f3 disposa un termini de sis mesos per contestar; per tant, si passat aquest temps no hi ha hagut resposta, s&#8217;entendr\u00e0 com a silenci administratiu i el treballador podr\u00e0 procedir a realitzar una demanda judicial. Si la resoluci\u00f3 fos desfavorable, el termini per presentar la demanda seria de dos mesos des d&#8217;aquesta notificaci\u00f3.<\/div>\n<div><\/div>\n<div>En el segon sup\u00f2sit (petici\u00f3 rebutjada o la quantitat abonada no \u00e9s correcta), el treballador tindr\u00e0 30 dies h\u00e0bils per reclamar al SEPE. Si no obt\u00e9 resposta en un termini de 45 dies des de la reclamaci\u00f3, pot dipositar una demanda davant els jutjats socials en els seg\u00fcents 30 dies h\u00e0bils.<\/div>\n<\/div>\n","protected":false},"excerpt":{"rendered":"<div style=\"text-align: justify;\">\n\tArran de l&#39;aprovaci&oacute; dels ERTO per for&ccedil;a major, ha sorgit una allau de peticions de prestacions per atur, i algunes empreses es troben que els seus empleats no han pogut cobrar encara. Tot i que la sol&middot;licitud de l&#39;ERTO l&#39;hagi realitzat l&#39;empresa, cal recordar que &eacute;s el mateix empleat qui ha de fer la reclamaci&oacute; al SEPE de forma telem&agrave;tica a trav&eacute;s del seu web.<\/div>\n","protected":false},"author":2,"featured_media":2896,"comment_status":"open","ping_status":"open","sticky":false,"template":"","format":"standard","meta":{"_acf_changed":false,"_uag_custom_page_level_css":"","_jetpack_memberships_contains_paid_content":false,"footnotes":""},"categories":[18],"tags":[],"class_list":["post-2895","post","type-post","status-publish","format-standard","has-post-thumbnail","hentry","category-assessoria"],"acf":[],"jetpack_featured_media_url":"https:\/\/www.cinc.com\/wp-content\/uploads\/2023\/03\/871.jpg","uagb_featured_image_src":{"full":["https:\/\/www.cinc.com\/wp-content\/uploads\/2023\/03\/871.jpg",1113,361,false],"thumbnail":["https:\/\/www.cinc.com\/wp-content\/uploads\/2023\/03\/871.jpg",150,49,false],"medium":["https:\/\/www.cinc.com\/wp-content\/uploads\/2023\/03\/871.jpg",300,97,false],"medium_large":["https:\/\/www.cinc.com\/wp-content\/uploads\/2023\/03\/871.jpg",768,249,false],"large":["https:\/\/www.cinc.com\/wp-content\/uploads\/2023\/03\/871.jpg",960,311,false],"1536x1536":["https:\/\/www.cinc.com\/wp-content\/uploads\/2023\/03\/871.jpg",1113,361,false],"2048x2048":["https:\/\/www.cinc.com\/wp-content\/uploads\/2023\/03\/871.jpg",1113,361,false],"gform-image-choice-sm":["https:\/\/www.cinc.com\/wp-content\/uploads\/2023\/03\/871.jpg",300,97,false],"gform-image-choice-md":["https:\/\/www.cinc.com\/wp-content\/uploads\/2023\/03\/871.jpg",400,130,false],"gform-image-choice-lg":["https:\/\/www.cinc.com\/wp-content\/uploads\/2023\/03\/871.jpg",600,195,false]},"uagb_author_info":{"display_name":"Utrans","author_link":"https:\/\/www.cinc.com\/ca\/author\/utrans\/"},"uagb_comment_info":0,"uagb_excerpt":"Arran de l&#39;aprovaci&oacute; dels ERTO per for&ccedil;a major, ha sorgit una allau de peticions de prestacions per atur, i algunes empreses es troben que els seus empleats no han pogut cobrar encara. Tot i que la sol&middot;licitud de l&#39;ERTO l&#39;hagi realitzat l&#39;empresa, cal recordar que &eacute;s el mateix empleat qui ha de fer la reclamaci&oacute;&hellip;","jetpack_sharing_enabled":true,"_links":{"self":[{"href":"https:\/\/www.cinc.com\/ca\/wp-json\/wp\/v2\/posts\/2895","targetHints":{"allow":["GET"]}}],"collection":[{"href":"https:\/\/www.cinc.com\/ca\/wp-json\/wp\/v2\/posts"}],"about":[{"href":"https:\/\/www.cinc.com\/ca\/wp-json\/wp\/v2\/types\/post"}],"author":[{"embeddable":true,"href":"https:\/\/www.cinc.com\/ca\/wp-json\/wp\/v2\/users\/2"}],"replies":[{"embeddable":true,"href":"https:\/\/www.cinc.com\/ca\/wp-json\/wp\/v2\/comments?post=2895"}],"version-history":[{"count":1,"href":"https:\/\/www.cinc.com\/ca\/wp-json\/wp\/v2\/posts\/2895\/revisions"}],"predecessor-version":[{"id":29819,"href":"https:\/\/www.cinc.com\/ca\/wp-json\/wp\/v2\/posts\/2895\/revisions\/29819"}],"wp:featuredmedia":[{"embeddable":true,"href":"https:\/\/www.cinc.com\/ca\/wp-json\/wp\/v2\/media\/2896"}],"wp:attachment":[{"href":"https:\/\/www.cinc.com\/ca\/wp-json\/wp\/v2\/media?parent=2895"}],"wp:term":[{"taxonomy":"category","embeddable":true,"href":"https:\/\/www.cinc.com\/ca\/wp-json\/wp\/v2\/categories?post=2895"},{"taxonomy":"post_tag","embeddable":true,"href":"https:\/\/www.cinc.com\/ca\/wp-json\/wp\/v2\/tags?post=2895"}],"curies":[{"name":"wp","href":"https:\/\/api.w.org\/{rel}","templated":true}]}}