{"id":28873,"date":"2025-02-10T11:13:25","date_gmt":"2025-02-10T10:13:25","guid":{"rendered":"https:\/\/www.cinc.com\/?p=28873"},"modified":"2025-02-10T11:13:26","modified_gmt":"2025-02-10T10:13:26","slug":"el-govern-aprova-la-pujada-del-salari-minim-interprofessional-a-1-184-euros-mensuals","status":"publish","type":"post","link":"https:\/\/www.cinc.com\/ca\/el-govern-aprova-la-pujada-del-salari-minim-interprofessional-a-1-184-euros-mensuals\/","title":{"rendered":"El Govern aprova la pujada del Salari M\u00ednim Interprofessional a 1.184 euros mensuals"},"content":{"rendered":"\n<p>El Consell de Ministres ha aprovat un nou increment del Salari M\u00ednim Interprofessional (SMI) per al 2025, elevant-lo fins als 1.184 euros al mes en 14 pagues. Aix\u00f2 suposa un augment del 4,4% respecte a l&#8217;any anterior, cosa que beneficiar\u00e0 m\u00e9s de 2,1 milions de treballadors a Espanya. Aquesta pujada s&#8217;aplicar\u00e0 amb car\u00e0cter retroactiu des de l&#8217;1 de gener del 2025.<\/p>\n\n\n\n<h2 class=\"wp-block-heading\">Com afecta la pujada de l&#8217;SMI a treballadors i empreses?<\/h2>\n\n\n\n<p>L&#8217;augment del salari m\u00ednim impacta directament en diversos sectors de l&#8217;economia, principalment aquells amb una alta concentraci\u00f3 de treballadors amb salaris baixos, com l&#8217;hostaleria, el comer\u00e7, l&#8217;agricultura i els serveis. En particular, aquest increment beneficiar\u00e0 m\u00e9s joves, dones i empleats amb contractes temporals.<\/p>\n\n\n\n<p>D&#8217;altra banda, les empreses hauran d&#8217;ajustar els costos salarials, fet que podria generar un impacte en la contractaci\u00f3, especialment en les petites i mitjanes empreses (pimes). Alguns sectors han expressat la seva preocupaci\u00f3 per aquesta q\u00fcesti\u00f3, mentre que els sindicats han fet la mesura com un pas necessari per millorar el poder adquisitiu dels treballadors.<\/p>\n\n\n\n<h2 class=\"wp-block-heading\">Debat entre Govern, sindicats i empresaris<\/h2>\n\n\n\n<p>La mesura ha estat acordada entre el Govern i els sindicats Comissions Obreres (CCOO) i la Uni\u00f3 General de Treballadors (UGT), mentre que les organitzacions empresarials CEOE i Cepime no han donat suport a la decisi\u00f3. Els empresaris consideren que un augment del 3,4% hauria estat m\u00e9s adequat, argumentant que un increment m\u00e9s gran podria generar dificultats econ\u00f2miques en alguns sectors.<br>Un altre punt de debat \u00e9s l&#8217;exempci\u00f3 de l&#8217;SMI a l&#8217;impost sobre la renda de les persones f\u00edsiques (IRPF), una q\u00fcesti\u00f3 que segueix pendent de resoluci\u00f3 per part del Ministeri d&#8217;Hisenda.<\/p>\n\n\n\n<h2 class=\"wp-block-heading\">Impacte en les cotitzacions i beneficis socials<\/h2>\n\n\n\n<p>Amb la pujada de l&#8217;SMI, tamb\u00e9 s&#8217;incrementen les cotitzacions a la Seguretat Social, que t\u00e9 un impacte en les prestacions per desocupaci\u00f3 i pensions futures. A m\u00e9s, aquest augment pot influir en subsidis i ajuts econ\u00f2mics vinculats a l&#8217;SMI, com ara les prestacions per desocupaci\u00f3, l&#8217;Ingr\u00e9s M\u00ednim Vital o les ajudes a fam\u00edlies en situaci\u00f3 de vulnerabilitat.<\/p>\n\n\n\n<h2 class=\"wp-block-heading\">Com adaptar la teva empresa a la pujada de l&#8217;SMI?<\/h2>\n\n\n\n<p>Les empreses han de revisar la seva estructura salarial i ajustar els contractes laborals per complir la nova normativa. Per aix\u00f2, \u00e9s recomanable comptar amb assessorament especialitzat que ajudi a minimitzar l&#8217;impacte en la gesti\u00f3 de costos i la planificaci\u00f3 financera.<\/p>\n\n\n\n<p>Si tens dubtes sobre com aquesta pujada de l&#8217;SMI pot afectar la teva empresa o situaci\u00f3 laboral, contacta amb el <a href=\"https:\/\/www.cinc.com\/ca\/assessoria-dempreses\/assessoria-laboral\/\">Departament Laboral<\/a> de CINC Assessoria. El nostre equip d&#8217;experts pot ajudar-te a resoldre qualsevol consulta i adaptar-te als canvis normatius de manera eficient.<\/p>\n\n\n\n<div class=\"wp-block-uagb-buttons uagb-buttons__outer-wrap uagb-btn__default-btn uagb-btn-tablet__default-btn uagb-btn-mobile__default-btn uagb-block-78c65a8f\"><div class=\"uagb-buttons__wrap uagb-buttons-layout-wrap \">\n<div class=\"wp-block-uagb-buttons-child uagb-buttons__outer-wrap uagb-block-a1d157ff wp-block-button\"><div class=\"uagb-button__wrapper\"><a class=\"uagb-buttons-repeater wp-block-button__link\" aria-label=\"\" href=\"https:\/\/www.cinc.com\/ca\/contacte\/\" rel=\"follow noopener\" target=\"_self\" role=\"button\"><div class=\"uagb-button__link\">Contacta amb nosaltres<\/div><\/a><\/div><\/div>\n<\/div><\/div>\n\n\n\n<p><\/p>\n","protected":false},"excerpt":{"rendered":"<p>El Govern aprova la pujada del Salari M\u00ednim Interprofessional (SMI) a 1.184 euros el 2024, amb un augment del 4,4%. Descobreix com afecta empreses i treballadors i quines implicacions t\u00e9 en cotitzacions i ajuts.<\/p>\n","protected":false},"author":8,"featured_media":28876,"comment_status":"open","ping_status":"open","sticky":false,"template":"","format":"standard","meta":{"_acf_changed":false,"_uag_custom_page_level_css":"","_jetpack_memberships_contains_paid_content":false,"footnotes":""},"categories":[18],"tags":[86],"class_list":["post-28873","post","type-post","status-publish","format-standard","has-post-thumbnail","hentry","category-assessoria","tag-laboral-2"],"acf":[],"jetpack_featured_media_url":"https:\/\/www.cinc.com\/wp-content\/uploads\/subida-salario-minimo-2025.webp","uagb_featured_image_src":{"full":["https:\/\/www.cinc.com\/wp-content\/uploads\/subida-salario-minimo-2025.webp",1920,1080,false],"thumbnail":["https:\/\/www.cinc.com\/wp-content\/uploads\/subida-salario-minimo-2025-150x150.webp",150,150,true],"medium":["https:\/\/www.cinc.com\/wp-content\/uploads\/subida-salario-minimo-2025-300x169.webp",300,169,true],"medium_large":["https:\/\/www.cinc.com\/wp-content\/uploads\/subida-salario-minimo-2025-768x432.webp",768,432,true],"large":["https:\/\/www.cinc.com\/wp-content\/uploads\/subida-salario-minimo-2025-1024x576.webp",960,540,true],"1536x1536":["https:\/\/www.cinc.com\/wp-content\/uploads\/subida-salario-minimo-2025-1536x864.webp",1536,864,true],"2048x2048":["https:\/\/www.cinc.com\/wp-content\/uploads\/subida-salario-minimo-2025.webp",1920,1080,false],"gform-image-choice-sm":["https:\/\/www.cinc.com\/wp-content\/uploads\/subida-salario-minimo-2025-300x300.webp",300,300,true],"gform-image-choice-md":["https:\/\/www.cinc.com\/wp-content\/uploads\/subida-salario-minimo-2025-400x400.webp",400,400,true],"gform-image-choice-lg":["https:\/\/www.cinc.com\/wp-content\/uploads\/subida-salario-minimo-2025-600x600.webp",600,600,true]},"uagb_author_info":{"display_name":"F\u00e0tima Duran","author_link":"https:\/\/www.cinc.com\/ca\/author\/fatima\/"},"uagb_comment_info":0,"uagb_excerpt":"El Govern aprova la pujada del Salari M\u00ednim Interprofessional (SMI) a 1.184 euros el 2024, amb un augment del 4,4%. Descobreix com afecta empreses i treballadors i quines implicacions t\u00e9 en cotitzacions i ajuts.","jetpack_sharing_enabled":true,"_links":{"self":[{"href":"https:\/\/www.cinc.com\/ca\/wp-json\/wp\/v2\/posts\/28873","targetHints":{"allow":["GET"]}}],"collection":[{"href":"https:\/\/www.cinc.com\/ca\/wp-json\/wp\/v2\/posts"}],"about":[{"href":"https:\/\/www.cinc.com\/ca\/wp-json\/wp\/v2\/types\/post"}],"author":[{"embeddable":true,"href":"https:\/\/www.cinc.com\/ca\/wp-json\/wp\/v2\/users\/8"}],"replies":[{"embeddable":true,"href":"https:\/\/www.cinc.com\/ca\/wp-json\/wp\/v2\/comments?post=28873"}],"version-history":[{"count":3,"href":"https:\/\/www.cinc.com\/ca\/wp-json\/wp\/v2\/posts\/28873\/revisions"}],"predecessor-version":[{"id":28881,"href":"https:\/\/www.cinc.com\/ca\/wp-json\/wp\/v2\/posts\/28873\/revisions\/28881"}],"wp:featuredmedia":[{"embeddable":true,"href":"https:\/\/www.cinc.com\/ca\/wp-json\/wp\/v2\/media\/28876"}],"wp:attachment":[{"href":"https:\/\/www.cinc.com\/ca\/wp-json\/wp\/v2\/media?parent=28873"}],"wp:term":[{"taxonomy":"category","embeddable":true,"href":"https:\/\/www.cinc.com\/ca\/wp-json\/wp\/v2\/categories?post=28873"},{"taxonomy":"post_tag","embeddable":true,"href":"https:\/\/www.cinc.com\/ca\/wp-json\/wp\/v2\/tags?post=28873"}],"curies":[{"name":"wp","href":"https:\/\/api.w.org\/{rel}","templated":true}]}}