{"id":28778,"date":"2025-01-28T12:06:52","date_gmt":"2025-01-28T11:06:52","guid":{"rendered":"https:\/\/www.cinc.com\/?p=28778"},"modified":"2025-02-12T09:39:01","modified_gmt":"2025-02-12T08:39:01","slug":"claus-per-complir-amb-el-rgpd-en-el-dia-internacional-de-la-proteccio-de-dades","status":"publish","type":"post","link":"https:\/\/www.cinc.com\/ca\/claus-per-complir-amb-el-rgpd-en-el-dia-internacional-de-la-proteccio-de-dades\/","title":{"rendered":"Claus per complir amb el RGPD en el Dia Internacional de la Protecci\u00f3 de Dades"},"content":{"rendered":"\n<p>Cada 28 de gener es recorda la import\u00e0ncia de protegir la informaci\u00f3 personal amb motiu del Dia Internacional de la Protecci\u00f3 de Dades, una data que convida a reflexionar sobre els reptes de la privacitat en un m\u00f3n cada cop m\u00e9s digitalitzat. Des de CINC Assessoria, experts en Protecci\u00f3 de Dades, et convidem a reflexionar sobre la import\u00e0ncia de protegir les teves dades personals i les dels teus clients.<\/p>\n\n\n\n<h2 class=\"wp-block-heading\">Per qu\u00e8 \u00e9s essencial protegir les dades?<\/h2>\n\n\n\n<p>La informaci\u00f3 personal que els clients confien a la teva empresa, com noms, adreces o dades banc\u00e0ries, \u00e9s un dels actius m\u00e9s valuosos que gestiones. Qualsevol vulneraci\u00f3 pot traduir-se no nom\u00e9s en sancions legals, sin\u00f3 tamb\u00e9 en la p\u00e8rdua de la confian\u00e7a que has constru\u00eft amb ells. <\/p>\n\n\n\n<p>Complir amb el RGPD (Reglament General de Protecci\u00f3 de Dades) no \u00e9s opcional: les multes pel seu incompliment poden arribar als 20 milions d&#8217;euros o el 4% de la facturaci\u00f3 anual. Per\u00f2 m\u00e9s enll\u00e0 de la normativa, protegir les dades \u00e9s una q\u00fcesti\u00f3 de responsabilitat empresarial i de reputaci\u00f3. <\/p>\n\n\n\n<p><\/p>\n\n\n\n<h2 class=\"wp-block-heading\">Quines conseq\u00fc\u00e8ncies t\u00e9 no protegir correctament les dades?<\/h2>\n\n\n\n<ol start=\"1\" class=\"wp-block-list\">\n<li><strong>Multes i sancions legals: <\/strong>L&#8217;incompliment del RGPD pot derivar en multes significatives, que arriben fins a 20 milions d&#8217;euros o el 4% de la facturaci\u00f3 anual, depenent de la gravetat de la infracci\u00f3.<\/li>\n\n\n\n<li><strong>P\u00e8rdua de confian\u00e7a dels clients: <\/strong>Una bretxa de seguretat no nom\u00e9s exposa dades sensibles, sin\u00f3 que tamb\u00e9 afecta directament la reputaci\u00f3 de l&#8217;empresa, cosa que pot traduir-se en la p\u00e8rdua de clients i oportunitats de negoci.<\/li>\n\n\n\n<li><strong>Impacte econ\u00f2mic considerable:<\/strong> Els atacs cibern\u00e8tics no nom\u00e9s generen costos directes, com la recuperaci\u00f3 de dades, sin\u00f3 tamb\u00e9 despeses indirectes relacionades amb demandes legals, danys reputacionals i p\u00e8rdua d&#8217;ingressos.<\/li>\n<\/ol>\n\n\n\n<h2 class=\"wp-block-heading\">Consells per protegir les dades<\/h2>\n\n\n\n<p>La bona not\u00edcia \u00e9s que protegir les dades no ha de ser un mal de cap:<\/p>\n\n\n\n<p><\/p>\n\n\n\n<ul class=\"wp-block-list\">\n<li>Coneix les dades que gestiones: Analitza quina informaci\u00f3 gestiones i com ho fas.<\/li>\n\n\n\n<li>Forma el teu equip: Capacita els teus empleats per prevenir errors humans.<\/li>\n\n\n\n<li>Tecnologia al rescat: Aplica mesures de seguretat: Implementa eines com el xifratge i l&#8217;autenticaci\u00f3 en dos passos. \u00a1S\u00f3n com posar panys extra als teus tresors! <\/li>\n\n\n\n<li>Pla B llest: Tingues un protocol clar per reaccionar si alguna cosa surt malament. M\u00e9s val prevenir que lamentar. <\/li>\n<\/ul>\n\n\n\n<h2 class=\"wp-block-heading\">Protegeix la teva empresa amb l&#8217;ajuda de CINC.<\/h2>\n\n\n\n<p>A CINC, no nom\u00e9s parlem de protecci\u00f3 de dades, sin\u00f3 que t&#8217;ajudem a implementar-la. El nostre Departament d&#8217;Assessoria ofereix serveis especialitzats per garantir que la teva empresa compleixi amb el RGPD i estigui preparada per afrontar els reptes de l&#8217;era digital. Des d&#8217;auditories fins a formaci\u00f3, estem aqu\u00ed perqu\u00e8 et puguis centrar en el que millor saps fer: fer cr\u00e9ixer el teu negoci.<\/p>\n\n\n\n<p>Per a m\u00e9s informaci\u00f3, no dubtis en<a href=\"https:\/\/www.cinc.com\/ca\/contacte\/\"> contactar<\/a> amb el nostre <a href=\"https:\/\/www.cinc.com\/ca\/assessoria-dempreses\/proteccio-de-dades\/\">Departament de Protecci\u00f3 de Dades<\/a>.<\/p>\n\n\n\n<p><\/p>\n","protected":false},"excerpt":{"rendered":"<p>Descobreix la import\u00e0ncia del Dia Internacional de la Protecci\u00f3 de Dades, celebrat el 28 de gener, i com aquesta data ens convida a reflexionar sobre la gesti\u00f3 de la nostra informaci\u00f3 personal en un m\u00f3n digital cada cop m\u00e9s interconnectat.<\/p>\n","protected":false},"author":8,"featured_media":28781,"comment_status":"open","ping_status":"open","sticky":false,"template":"","format":"standard","meta":{"_acf_changed":false,"_uag_custom_page_level_css":"","_jetpack_memberships_contains_paid_content":false,"footnotes":""},"categories":[103],"tags":[84],"class_list":["post-28778","post","type-post","status-publish","format-standard","has-post-thumbnail","hentry","category-proteccio-de-dades","tag-proteccio-de-dades"],"acf":[],"jetpack_featured_media_url":"https:\/\/www.cinc.com\/wp-content\/uploads\/Fotos-Blog-CINC-WordPress-51-1.webp","uagb_featured_image_src":{"full":["https:\/\/www.cinc.com\/wp-content\/uploads\/Fotos-Blog-CINC-WordPress-51-1.webp",1920,1080,false],"thumbnail":["https:\/\/www.cinc.com\/wp-content\/uploads\/Fotos-Blog-CINC-WordPress-51-1-150x150.webp",150,150,true],"medium":["https:\/\/www.cinc.com\/wp-content\/uploads\/Fotos-Blog-CINC-WordPress-51-1-300x169.webp",300,169,true],"medium_large":["https:\/\/www.cinc.com\/wp-content\/uploads\/Fotos-Blog-CINC-WordPress-51-1-768x432.webp",768,432,true],"large":["https:\/\/www.cinc.com\/wp-content\/uploads\/Fotos-Blog-CINC-WordPress-51-1-1024x576.webp",960,540,true],"1536x1536":["https:\/\/www.cinc.com\/wp-content\/uploads\/Fotos-Blog-CINC-WordPress-51-1-1536x864.webp",1536,864,true],"2048x2048":["https:\/\/www.cinc.com\/wp-content\/uploads\/Fotos-Blog-CINC-WordPress-51-1.webp",1920,1080,false],"gform-image-choice-sm":["https:\/\/www.cinc.com\/wp-content\/uploads\/Fotos-Blog-CINC-WordPress-51-1-300x300.webp",300,300,true],"gform-image-choice-md":["https:\/\/www.cinc.com\/wp-content\/uploads\/Fotos-Blog-CINC-WordPress-51-1-400x400.webp",400,400,true],"gform-image-choice-lg":["https:\/\/www.cinc.com\/wp-content\/uploads\/Fotos-Blog-CINC-WordPress-51-1-600x600.webp",600,600,true]},"uagb_author_info":{"display_name":"F\u00e0tima Duran","author_link":"https:\/\/www.cinc.com\/ca\/author\/fatima\/"},"uagb_comment_info":0,"uagb_excerpt":"Descobreix la import\u00e0ncia del Dia Internacional de la Protecci\u00f3 de Dades, celebrat el 28 de gener, i com aquesta data ens convida a reflexionar sobre la gesti\u00f3 de la nostra informaci\u00f3 personal en un m\u00f3n digital cada cop m\u00e9s interconnectat.","jetpack_sharing_enabled":true,"_links":{"self":[{"href":"https:\/\/www.cinc.com\/ca\/wp-json\/wp\/v2\/posts\/28778","targetHints":{"allow":["GET"]}}],"collection":[{"href":"https:\/\/www.cinc.com\/ca\/wp-json\/wp\/v2\/posts"}],"about":[{"href":"https:\/\/www.cinc.com\/ca\/wp-json\/wp\/v2\/types\/post"}],"author":[{"embeddable":true,"href":"https:\/\/www.cinc.com\/ca\/wp-json\/wp\/v2\/users\/8"}],"replies":[{"embeddable":true,"href":"https:\/\/www.cinc.com\/ca\/wp-json\/wp\/v2\/comments?post=28778"}],"version-history":[{"count":3,"href":"https:\/\/www.cinc.com\/ca\/wp-json\/wp\/v2\/posts\/28778\/revisions"}],"predecessor-version":[{"id":28893,"href":"https:\/\/www.cinc.com\/ca\/wp-json\/wp\/v2\/posts\/28778\/revisions\/28893"}],"wp:featuredmedia":[{"embeddable":true,"href":"https:\/\/www.cinc.com\/ca\/wp-json\/wp\/v2\/media\/28781"}],"wp:attachment":[{"href":"https:\/\/www.cinc.com\/ca\/wp-json\/wp\/v2\/media?parent=28778"}],"wp:term":[{"taxonomy":"category","embeddable":true,"href":"https:\/\/www.cinc.com\/ca\/wp-json\/wp\/v2\/categories?post=28778"},{"taxonomy":"post_tag","embeddable":true,"href":"https:\/\/www.cinc.com\/ca\/wp-json\/wp\/v2\/tags?post=28778"}],"curies":[{"name":"wp","href":"https:\/\/api.w.org\/{rel}","templated":true}]}}