{"id":28668,"date":"2025-01-14T10:16:18","date_gmt":"2025-01-14T09:16:18","guid":{"rendered":"https:\/\/www.cinc.com\/?p=28668"},"modified":"2025-02-10T12:03:24","modified_gmt":"2025-02-10T11:03:24","slug":"reduccio-de-jornada-laboral-i-registre-horari-informatitzat-que-prepara-el-govern-per-al-2025","status":"publish","type":"post","link":"https:\/\/www.cinc.com\/ca\/reduccio-de-jornada-laboral-i-registre-horari-informatitzat-que-prepara-el-govern-per-al-2025\/","title":{"rendered":"Reducci\u00f3 de jornada laboral i registre horari informatitzat: qu\u00e8 prepara el Govern per al 2025?"},"content":{"rendered":"\n<p>El Govern est\u00e0 ultimant novetats en mat\u00e8ria laboral per al 2025: la implementaci\u00f3 de la reducci\u00f3 de la jornada laboral a 37,5 hores setmanals i la seva intenci\u00f3 d\u2019instaurar un registre horari informatitzat accessible per a inspecci\u00f3, sindicats i treballadors. Amb aquesta nova norma, tamb\u00e9 es refor\u00e7ar\u00e0 el dret a la desconnexi\u00f3 digital, tant en el treball presencial com en el teletreball.<\/p>\n\n\n\n<h2 class=\"wp-block-heading\">Quan entra en vigor la reducci\u00f3 de jornada a 37,5 hores?<\/h2>\n\n\n\n<p>Aquesta mesura s\u2019implementar\u00e0 durant aquest any, segons el que estableix la normativa vigent. El seu principal objectiu \u00e9s avan\u00e7ar cap a un model laboral m\u00e9s equilibrat i compatible amb la conciliaci\u00f3 personal. Despr\u00e9s de la seva aprovaci\u00f3, les empreses hauran de revisar i adaptar els seus convenis col\u00b7lectius i contractes de treball.<\/p>\n\n\n\n<h2 class=\"wp-block-heading\">En qu\u00e8 consisteix el registre horari informatitzat?<\/h2>\n\n\n\n<p>El Govern planeja, per al 2025, implantar un sistema informatitzat de registre horari que permeti a empreses, sindicats i treballadors controlar de manera precisa les hores treballades. Aquest sistema, encara en fase de desenvolupament, ser\u00e0 accessible per a la inspecci\u00f3 laboral i s\u2019espera que ofereixi m\u00e9s transpar\u00e8ncia. L\u2019objectiu \u00e9s crear una eina tecnol\u00f2gica que faciliti la gesti\u00f3 dels horaris i minimitzi possibles conflictes laborals.<\/p>\n\n\n\n<h2 class=\"wp-block-heading\">Est\u00e0 definit ja el sistema de registre horari?<\/h2>\n\n\n\n<p>No, encara no hi ha detalls concrets sobre com ser\u00e0 el programa inform\u00e0tic. Es tracta d\u2019una intenci\u00f3 del Govern i, a mesura que avanci la legislatura, coneixerem m\u00e9s detalls. Tanmateix, \u00e9s important que les empreses comencin a avaluar els seus processos interns per estar preparades quan aquesta mesura es concreti.<\/p>\n\n\n\n<p>\u00c9s possible que, encara que la llei entri en vigor a mitjans d\u2019aquest any, contempli un termini de 6 mesos perqu\u00e8 les empreses adaptin la seva aplicaci\u00f3. Per tant, l\u2019obligaci\u00f3 de garantir el registre de jornada es continuar\u00e0 regint per la normativa vigent durant aquest per\u00edode de transici\u00f3.<\/p>\n\n\n\n<h2 class=\"wp-block-heading\">Com impacten aquestes mesures en les empreses?<\/h2>\n\n\n\n<p>La reducci\u00f3 de jornada implica ajustos organitzatius, mentre que el registre horari podria requerir inversions en tecnologia. Ambdues mesures tenen el potencial de millorar la gesti\u00f3 i la transpar\u00e8ncia laboral. Les empreses hauran d\u2019adoptar una actitud proactiva per adaptar-se a aquests canvis i garantir el compliment de les normatives futures.<\/p>\n\n\n\n<p>A m\u00e9s, les empreses hauran de garantir el compliment d\u2019aquesta norma: l\u2019abs\u00e8ncia de registres de jornada laboral i la falsificaci\u00f3 de dades comporten infraccions greus, que podrien anar dels 1.000 als 10.000 euros.<\/p>\n\n\n\n<p>Si tens dubtes sobre aquestes novetats i el seu impacte en la teva empresa, no dubtis a <a href=\"https:\/\/www.cinc.com\/ca\/contacte\/\">contactar<\/a> amb el Departament laboral de <a href=\"https:\/\/www.cinc.com\/ca\/assessoria-dempreses\/\">CINC Assessoria.<\/a><\/p>\n","protected":false},"excerpt":{"rendered":"<p>El Govern implementar\u00e0 la reducci\u00f3 de la jornada laboral a 37,5 hores setmanals i un registre horari informatitzat el 2025. Descobreix com afectar\u00e0 les empreses i els treballadors.<\/p>\n","protected":false},"author":8,"featured_media":28670,"comment_status":"open","ping_status":"open","sticky":false,"template":"","format":"standard","meta":{"_acf_changed":false,"_uag_custom_page_level_css":"","_jetpack_memberships_contains_paid_content":false,"footnotes":""},"categories":[18],"tags":[],"class_list":["post-28668","post","type-post","status-publish","format-standard","has-post-thumbnail","hentry","category-assessoria"],"acf":[],"jetpack_featured_media_url":"https:\/\/www.cinc.com\/wp-content\/uploads\/Fotos-Blog-CINC-WordPress-45-1.webp","uagb_featured_image_src":{"full":["https:\/\/www.cinc.com\/wp-content\/uploads\/Fotos-Blog-CINC-WordPress-45-1.webp",1920,1080,false],"thumbnail":["https:\/\/www.cinc.com\/wp-content\/uploads\/Fotos-Blog-CINC-WordPress-45-1-150x150.webp",150,150,true],"medium":["https:\/\/www.cinc.com\/wp-content\/uploads\/Fotos-Blog-CINC-WordPress-45-1-300x169.webp",300,169,true],"medium_large":["https:\/\/www.cinc.com\/wp-content\/uploads\/Fotos-Blog-CINC-WordPress-45-1-768x432.webp",768,432,true],"large":["https:\/\/www.cinc.com\/wp-content\/uploads\/Fotos-Blog-CINC-WordPress-45-1-1024x576.webp",960,540,true],"1536x1536":["https:\/\/www.cinc.com\/wp-content\/uploads\/Fotos-Blog-CINC-WordPress-45-1-1536x864.webp",1536,864,true],"2048x2048":["https:\/\/www.cinc.com\/wp-content\/uploads\/Fotos-Blog-CINC-WordPress-45-1.webp",1920,1080,false],"gform-image-choice-sm":["https:\/\/www.cinc.com\/wp-content\/uploads\/Fotos-Blog-CINC-WordPress-45-1-300x300.webp",300,300,true],"gform-image-choice-md":["https:\/\/www.cinc.com\/wp-content\/uploads\/Fotos-Blog-CINC-WordPress-45-1-400x400.webp",400,400,true],"gform-image-choice-lg":["https:\/\/www.cinc.com\/wp-content\/uploads\/Fotos-Blog-CINC-WordPress-45-1-600x600.webp",600,600,true]},"uagb_author_info":{"display_name":"F\u00e0tima Duran","author_link":"https:\/\/www.cinc.com\/ca\/author\/fatima\/"},"uagb_comment_info":0,"uagb_excerpt":"El Govern implementar\u00e0 la reducci\u00f3 de la jornada laboral a 37,5 hores setmanals i un registre horari informatitzat el 2025. Descobreix com afectar\u00e0 les empreses i els treballadors.","jetpack_sharing_enabled":true,"_links":{"self":[{"href":"https:\/\/www.cinc.com\/ca\/wp-json\/wp\/v2\/posts\/28668","targetHints":{"allow":["GET"]}}],"collection":[{"href":"https:\/\/www.cinc.com\/ca\/wp-json\/wp\/v2\/posts"}],"about":[{"href":"https:\/\/www.cinc.com\/ca\/wp-json\/wp\/v2\/types\/post"}],"author":[{"embeddable":true,"href":"https:\/\/www.cinc.com\/ca\/wp-json\/wp\/v2\/users\/8"}],"replies":[{"embeddable":true,"href":"https:\/\/www.cinc.com\/ca\/wp-json\/wp\/v2\/comments?post=28668"}],"version-history":[{"count":2,"href":"https:\/\/www.cinc.com\/ca\/wp-json\/wp\/v2\/posts\/28668\/revisions"}],"predecessor-version":[{"id":28674,"href":"https:\/\/www.cinc.com\/ca\/wp-json\/wp\/v2\/posts\/28668\/revisions\/28674"}],"wp:featuredmedia":[{"embeddable":true,"href":"https:\/\/www.cinc.com\/ca\/wp-json\/wp\/v2\/media\/28670"}],"wp:attachment":[{"href":"https:\/\/www.cinc.com\/ca\/wp-json\/wp\/v2\/media?parent=28668"}],"wp:term":[{"taxonomy":"category","embeddable":true,"href":"https:\/\/www.cinc.com\/ca\/wp-json\/wp\/v2\/categories?post=28668"},{"taxonomy":"post_tag","embeddable":true,"href":"https:\/\/www.cinc.com\/ca\/wp-json\/wp\/v2\/tags?post=28668"}],"curies":[{"name":"wp","href":"https:\/\/api.w.org\/{rel}","templated":true}]}}