{"id":2855,"date":"2020-05-14T00:00:00","date_gmt":"2020-05-14T00:00:00","guid":{"rendered":"https:\/\/www.cinc.com\/prorroga-fins-al-30-de-juny-dels-ertos-per-causa-de-forca-major-i-altres-mesures-en-materia-laboral\/"},"modified":"2020-05-14T00:00:00","modified_gmt":"2020-05-14T00:00:00","slug":"prorroga-fins-al-30-de-juny-dels-ertos-per-causa-de-forca-major-i-altres-mesures-en-materia-laboral","status":"publish","type":"post","link":"https:\/\/www.cinc.com\/ca\/prorroga-fins-al-30-de-juny-dels-ertos-per-causa-de-forca-major-i-altres-mesures-en-materia-laboral\/","title":{"rendered":"Pr\u00f2rroga fins al 30 de juny dels ERTOs per causa de for\u00e7a major i altres mesures en mat\u00e8ria laboral"},"content":{"rendered":"<div style=\"text-align: justify;\">\n<div>\n\t\tDespr&eacute;s de diverses setmanes de negociaci&oacute;, el Ministeri de Treball i els agents socials han arribat a un acord per a l&#39;adopci&oacute; de mesures destinades a la protecci&oacute; de l&#39;ocupaci&oacute; i de l&#39;activitat productiva.<\/div>\n<div>\n\t\t&nbsp;<\/div>\n<div>\n\t\tAquestes mesures de protecci&oacute; queden recollides mitjan&ccedil;ant el Reial Decret Llei 18\/2020 de 12 de maig, amb entrada en vigor des del dia 13 de maig.<\/div>\n<div>\n\t\t&nbsp;<\/div>\n<div>\n<h2 class=\"h2Noticia\">\n\t\t\tPr&ograve;rroga de la causa de for&ccedil;a major<\/h2>\n<hr \/><\/div>\n<div>\n\t\tLes empreses que no puguin reiniciar la seva activitat per causa de for&ccedil;a major podran prorrogar l&rsquo;ERTO mentre durin aquestes condicions, i en cap cas m&eacute;s enll&agrave; del 30 de juny de 2020.<\/div>\n<div>\n\t\t&nbsp;<\/div>\n<div>\n\t\tAquelles que comptin amb un ERTO per causa de for&ccedil;a major que puguin recuperar parcialment la seva activitat, es trobaran en situaci&oacute; de for&ccedil;a major parcial fins al 30 de juny de 2020. La reincorporaci&oacute; de treballadors es far&agrave; en la mesura que sigui necess&agrave;ria per al desenvolupament de l&#39;activitat, prevalent els ajustos en termes de reducci&oacute; de jornada.<\/div>\n<div>\n\t\t&nbsp;<\/div>\n<div>\n<h2 class=\"h2Noticia\">\n\t\t\tCom afecta la pr&ograve;rroga en les mesures extraordin&agrave;ries adoptades durant la crisi del COVID-19?<\/h2>\n<hr \/><\/div>\n<div>\n\t\tEn mat&egrave;ria de prestacions per atur, aquestes es mantenen fins al 30 de juny de 2020 per als treballadors afectats per un ERTO, a excepci&oacute; dels qui comptin amb un contracte fix discontinu, en els quals es mantenen les prestacions fins al 31 de desembre de 2020 (recordem que aquesta prestacions es concedeixen sense necessitat de complir amb el per&iacute;ode de car&egrave;ncia).<\/div>\n<div>\n\t\t&nbsp;<\/div>\n<div>\n\t\tEn mat&egrave;ria de cotitzacions de la Seguretat Social, respecte de les meritades en els mesos de maig i juny de l&#39;any 2020, l&#39;exoneraci&oacute; es disposa de la seg&uuml;ent manera:<\/div>\n<div>\n\t\t&nbsp;<\/div>\n<div>\n\t\t<strong>a) Empreses amb menys de 50 treballadors:<\/strong><\/div>\n<div>\n\t\t&nbsp;<\/div>\n<div>\n\t\tRespecte de les empreses i entitats que no poden reiniciar la seva activitat, queden exonerades del 100% de l&#39;aportaci&oacute; empresarial.<\/div>\n<div>\n\t\t&nbsp;<\/div>\n<div>\n\t\tPer a les empreses i entitats que reinicien les seves activitats parcialment, des de la data d&#39;efectes de ren&uacute;ncia i tenint en compte els per&iacute;odes i percentatges de jornada del treballador, l&#39;exoneraci&oacute; podr&agrave; arribar al 85% de l&#39;aportaci&oacute; empresarial amb concepte de cotitzacions del mes de maig de 2020 i el 70% en concepte de cotitzacions del mes de juny de 2020.<\/div>\n<div>\n\t\t&nbsp;<\/div>\n<div>\n\t\tEn aquelles persones que continu&iuml;n amb les seves activitats suspeses en empreses que han reiniciat parcialment l&#39;activitat, des de la data d&#39;efectes de ren&uacute;ncia i, tenint en compte els per&iacute;odes i percentatges de jornada afectats per la suspensi&oacute;, l&#39;exoneraci&oacute; podr&agrave; arribar al 60% de l&#39;aportaci&oacute; empresarial amb concepte de cotitzacions del mes de maig 2020 i el 45% en concepte de cotitzacions del mes de juny 2020.<\/div>\n<div>\n\t\t&nbsp;<\/div>\n<div>\n\t\t<strong>b) Empreses amb 50 treballadors o m&eacute;s:<\/strong><\/div>\n<div>\n\t\t&nbsp;<\/div>\n<div>\n\t\tRespecte de les empreses i entitats que no poden reiniciar la seva activitat, queden exonerades de el 75% de l&#39;aportaci&oacute; empresarial.<\/div>\n<div>\n\t\t&nbsp;<\/div>\n<div>\n\t\tA les empreses i entitats que reinicien les seves activitats parcialment, des de la data d&#39;efectes de ren&uacute;ncia i tenint en compte els per&iacute;odes i percentatges de jornada del treballador, l&#39;exoneraci&oacute; podr&agrave; arribar al 60% de l&#39;aportaci&oacute; empresarial amb concepte de cotitzacions del mes de maig 2020 i el 45% en concepte de cotitzacions del mes de juny 2020.<\/div>\n<div>\n\t\t&nbsp;<\/div>\n<div>\n\t\tEn les persones que continu&iuml;n amb les seves activitats suspeses en l&#39;empresa que hagin reiniciat parcialment l&#39;activitat, des de la data d&#39;efectes de ren&uacute;ncia i, tenint en compte els per&iacute;odes i percentatges de jornada afectats per la suspensi&oacute;, l&#39;exoneraci&oacute; podr&agrave; arribar al 45% de la aportaci&oacute; empresarial amb concepte de cotitzacions del mes de maig 2020 i el 30% en concepte de cotitzacions del mes de juny 2020<\/div>\n<div>\n\t\t&nbsp;<\/div>\n<div>\n\t\tEl c&ograve;mput de treballadors per a l&#39;aplicaci&oacute; d&#39;aquestes mesures ser&agrave; amb aquells que estiguessin en situaci&oacute; d&#39;alta a la Seguretat Social a data de 29 de febrer de 2020.<\/div>\n<div>\n\t\t&nbsp;<\/div>\n<p>\t<img decoding=\"async\" src=\"https:\/\/www.cinc.com\/img\/actualitat\/exoneracio-forca-major.jpg\" width=\"100%\" \/><\/p>\n<div>\n<h2 class='h2Noticia'>Altres mesures destacades<\/h2>\n<hr\/>\n<\/div>\n<div>\n\t\t&nbsp;<\/div>\n<div>\n\t\t<strong>Limitacions en el repartiment de dividends<\/strong><\/div>\n<div>\n\t\t&nbsp;<\/div>\n<div>\n\t\tLes societats mercantils amb 50 treballadors o m&eacute;s que s&#39;acullin a la pr&ograve;rroga de la for&ccedil;a major i que utilitzin els recursos p&uacute;blics destinats a les mesures referides en aquesta circular, no podran repartir els dividends corresponents a l&#39;exercici fiscal 2020, tret que pr&egrave;viament es procedeixi a abonar les exoneracions aplicades.<\/div>\n<div>\n\t\t&nbsp;<\/div>\n<div>\n\t\t<strong>Moderaci&oacute; de la condici&oacute; de manteniment d&#39;ocupaci&oacute;<\/strong><\/div>\n<div>\n\t\t&nbsp;<\/div>\n<div>\n\t\tEl comprom&iacute;s de l&#39;empresa de mantenir l&#39;ocupaci&oacute; durant 6 mesos s&#39;entendr&agrave; des de la incorporaci&oacute; a la feina efectiva de persones afectades per un ERTO, totes o part d&#39;elles, sigui amb jornada parcial o completa.<\/div>\n<div>\n\t\t&nbsp;<\/div>\n<div>\n\t\tL&#39;incompliment del comprom&iacute;s amb l&#39;acomiadament o extinci&oacute; de contracte de qualsevol persona afectada per l&rsquo;ERTO comportar&agrave; l&#39;obligaci&oacute; de l&#39;empresa de reintegrar la totalitat de l&#39;import de les cotitzacions i pagaments exonerats, amb rec&agrave;rrec i interessos de demora.<\/div>\n<div>\n\t\t&nbsp;<\/div>\n<div>\n\t\tEn el sup&ograve;sit de contractes temporals, no es consideraran incomplerts quan el contracte s&#39;extingeixi per expiraci&oacute; temporal, realitzaci&oacute; d&#39;obra o servei o quan l&#39;activitat objecte de contractaci&oacute; no pugui realitzar-se.<\/div>\n<div>\n\t\t&nbsp;<\/div>\n<div>\n\t\tTampoc s&#39;ent&eacute;n incomplert el comprom&iacute;s en aquelles empreses en qu&egrave; concorri risc de concurs de creditors.<\/div>\n<\/div>\n<p>\n\t&nbsp;<\/p>\n","protected":false},"excerpt":{"rendered":"<p style=\"text-align: justify;\">\n\tDespr&eacute;s de diverses setmanes de negociaci&oacute;, el Ministeri de Treball i els agents socials han arribat a un acord per a l&#39;adopci&oacute; de mesures destinades a la protecci&oacute; de l&#39;ocupaci&oacute; i de l&#39;activitat productiva<\/p>\n","protected":false},"author":2,"featured_media":2856,"comment_status":"open","ping_status":"open","sticky":false,"template":"","format":"standard","meta":{"_acf_changed":false,"_uag_custom_page_level_css":"","_jetpack_memberships_contains_paid_content":false,"footnotes":""},"categories":[18],"tags":[],"class_list":["post-2855","post","type-post","status-publish","format-standard","has-post-thumbnail","hentry","category-assessoria"],"acf":[],"jetpack_featured_media_url":"https:\/\/www.cinc.com\/wp-content\/uploads\/2023\/03\/863.jpg","uagb_featured_image_src":{"full":["https:\/\/www.cinc.com\/wp-content\/uploads\/2023\/03\/863.jpg",1113,361,false],"thumbnail":["https:\/\/www.cinc.com\/wp-content\/uploads\/2023\/03\/863.jpg",150,49,false],"medium":["https:\/\/www.cinc.com\/wp-content\/uploads\/2023\/03\/863.jpg",300,97,false],"medium_large":["https:\/\/www.cinc.com\/wp-content\/uploads\/2023\/03\/863.jpg",768,249,false],"large":["https:\/\/www.cinc.com\/wp-content\/uploads\/2023\/03\/863.jpg",960,311,false],"1536x1536":["https:\/\/www.cinc.com\/wp-content\/uploads\/2023\/03\/863.jpg",1113,361,false],"2048x2048":["https:\/\/www.cinc.com\/wp-content\/uploads\/2023\/03\/863.jpg",1113,361,false],"gform-image-choice-sm":["https:\/\/www.cinc.com\/wp-content\/uploads\/2023\/03\/863.jpg",300,97,false],"gform-image-choice-md":["https:\/\/www.cinc.com\/wp-content\/uploads\/2023\/03\/863.jpg",400,130,false],"gform-image-choice-lg":["https:\/\/www.cinc.com\/wp-content\/uploads\/2023\/03\/863.jpg",600,195,false]},"uagb_author_info":{"display_name":"Utrans","author_link":"https:\/\/www.cinc.com\/ca\/author\/utrans\/"},"uagb_comment_info":0,"uagb_excerpt":"Despr&eacute;s de diverses setmanes de negociaci&oacute;, el Ministeri de Treball i els agents socials han arribat a un acord per a l&#39;adopci&oacute; de mesures destinades a la protecci&oacute; de l&#39;ocupaci&oacute; i de l&#39;activitat productiva","jetpack_sharing_enabled":true,"_links":{"self":[{"href":"https:\/\/www.cinc.com\/ca\/wp-json\/wp\/v2\/posts\/2855","targetHints":{"allow":["GET"]}}],"collection":[{"href":"https:\/\/www.cinc.com\/ca\/wp-json\/wp\/v2\/posts"}],"about":[{"href":"https:\/\/www.cinc.com\/ca\/wp-json\/wp\/v2\/types\/post"}],"author":[{"embeddable":true,"href":"https:\/\/www.cinc.com\/ca\/wp-json\/wp\/v2\/users\/2"}],"replies":[{"embeddable":true,"href":"https:\/\/www.cinc.com\/ca\/wp-json\/wp\/v2\/comments?post=2855"}],"version-history":[{"count":0,"href":"https:\/\/www.cinc.com\/ca\/wp-json\/wp\/v2\/posts\/2855\/revisions"}],"wp:featuredmedia":[{"embeddable":true,"href":"https:\/\/www.cinc.com\/ca\/wp-json\/wp\/v2\/media\/2856"}],"wp:attachment":[{"href":"https:\/\/www.cinc.com\/ca\/wp-json\/wp\/v2\/media?parent=2855"}],"wp:term":[{"taxonomy":"category","embeddable":true,"href":"https:\/\/www.cinc.com\/ca\/wp-json\/wp\/v2\/categories?post=2855"},{"taxonomy":"post_tag","embeddable":true,"href":"https:\/\/www.cinc.com\/ca\/wp-json\/wp\/v2\/tags?post=2855"}],"curies":[{"name":"wp","href":"https:\/\/api.w.org\/{rel}","templated":true}]}}