{"id":28529,"date":"2025-01-07T09:50:19","date_gmt":"2025-01-07T08:50:19","guid":{"rendered":"https:\/\/www.cinc.com\/?p=28529"},"modified":"2025-01-14T09:36:22","modified_gmt":"2025-01-14T08:36:22","slug":"mes-que-quatre-parets-les-sales-de-formacio-com-a-eina-estrategica-de-creixement-empresarial","status":"publish","type":"post","link":"https:\/\/www.cinc.com\/ca\/mes-que-quatre-parets-les-sales-de-formacio-com-a-eina-estrategica-de-creixement-empresarial\/","title":{"rendered":"Les sales de formaci\u00f3 com a eina estrat\u00e8gica de creixement empresarial"},"content":{"rendered":"\n<p>Sabies que l&#8217;entorn on s&#8217;imparteix una formaci\u00f3 pot marcar la difer\u00e8ncia entre un equip inspirat i un de desmotivat? Tot i que sovint centrem la nostra atenci\u00f3 en el contingut de les capacitacions, l\u2019espai en qu\u00e8 es duen a terme t\u00e9 un impacte directe en la productivitat i en la retenci\u00f3 del coneixement. Segons un estudi recent de <em>The Learning Spaces Project<\/em>, el disseny de l\u2019entorn pot influir fins a un 30% en l\u2019efic\u00e0cia de l\u2019aprenentatge. Per\u00f2, qu\u00e8 fa que una sala de formaci\u00f3 deixi de ser un simple espai i es converteixi en una eina estrat\u00e8gica?<\/p>\n\n\n\n<h2 class=\"wp-block-heading\">El poder de l\u2019espai en l\u2019aprenentatge i la col\u00b7laboraci\u00f3<\/h2>\n\n\n\n<p>Les sales de formaci\u00f3 equipades no s\u00f3n nom\u00e9s un lloc on reunir persones: s\u00f3n entorns curosament dissenyats per potenciar l\u2019aprenentatge, la creativitat i la interacci\u00f3. Des de la il\u00b7luminaci\u00f3 i l\u2019ac\u00fastica fins al mobiliari i la tecnologia disponible, cada element est\u00e0 pensat per crear un ambient propici per a la concentraci\u00f3 i l\u2019intercanvi d\u2019idees.<\/p>\n\n\n\n<p>Per exemple, un espai ben il\u00b7luminat i amb acc\u00e9s a tecnologia avan\u00e7ada, com projectors d\u2019\u00faltima generaci\u00f3 o pantalles interactives, fomenta una experi\u00e8ncia immersiva que ajuda els assistents a mantenir-se compromesos. A m\u00e9s, la disposici\u00f3 modular del mobiliari permet crear din\u00e0miques grupals efectives, adaptant-se a les necessitats espec\u00edfiques de cada formaci\u00f3.<\/p>\n\n\n\n<h2 class=\"wp-block-heading\">Una inversi\u00f3 amb retorn empresarial<\/h2>\n\n\n\n<p>No es tracta nom\u00e9s de comoditat: invertir en sales de formaci\u00f3 professionals t\u00e9 un impacte tangible en el rendiment empresarial. Aix\u00ed ho demostren estudis com el de <em>Harvard Business Review<\/em>, que destaquen que les empreses que inverteixen en la formaci\u00f3 dels seus empleats en entorns adequats experimenten un augment del 20% en la retenci\u00f3 del talent i un increment del 15% en la productivitat. A m\u00e9s, els espais ben equipats faciliten l\u2019aprenentatge pr\u00e0ctic, millorant la implementaci\u00f3 de les habilitats adquirides en el dia a dia laboral.<\/p>\n\n\n\n<p>D\u2019altra banda, un entorn professional ben presentat tamb\u00e9 reflecteix la imatge de l\u2019empresa davant clients, socis i col\u00b7laboradors, refor\u00e7ant-ne la reputaci\u00f3 i el comprom\u00eds amb l\u2019excel\u00b7l\u00e8ncia.<\/p>\n\n\n\n<h2 class=\"wp-block-heading\">Espais que impulsen el creixement<\/h2>\n\n\n\n<p>Des de tallers intensius fins a presentacions corporatives, les sales de formaci\u00f3 s\u2019han convertit en centres d\u2019innovaci\u00f3 i desenvolupament estrat\u00e8gic per a empreses de totes les mides. Es tracta d\u2019espais flexibles, equipats amb tecnologia d\u2019avantguarda i dissenyats per fomentar la col\u00b7laboraci\u00f3, que permeten als equips treballar de manera m\u00e9s eficient i creativa.<\/p>\n\n\n\n<p>Empreses l\u00edders han transformat el seu enfocament de capacitaci\u00f3 prioritzant sales professionals, obtenint no nom\u00e9s millors resultats en la formaci\u00f3, sin\u00f3 tamb\u00e9 un impacte positiu en el clima laboral i en la cohesi\u00f3 dels equips.<\/p>\n\n\n\n<p><\/p>\n\n\n\n<h4 class=\"wp-block-heading\">Sales de formaci\u00f3 a CINC: espais que marquen la difer\u00e8ncia<\/h4>\n\n\n\n<p>A CINC, entenem que l\u2019entorn adequat \u00e9s fonamental per a l\u2019\u00e8xit de qualsevol formaci\u00f3. Per aix\u00f2, les nostres sales estan dissenyades per satisfer les necessitats m\u00e9s exigents:<\/p>\n\n\n\n<p>\u2022 <strong>Ubicaci\u00f3 privilegiada<\/strong> al cor de Barcelona, Girona i Figueres.<br>\u2022 <strong>Equipament tecnol\u00f2gic d\u2019\u00faltima generaci\u00f3<\/strong>, des de pantalles fins a connexi\u00f3 WiFi d\u2019alta velocitat.<br>\u2022 <strong>Espais vers\u00e0tils<\/strong> que s\u2019adapten a qualsevol format de reuni\u00f3, formaci\u00f3 o esdeveniment corporatiu.<br>\u2022 <strong>Personal de suport dedicat<\/strong> per garantir que tot funcioni a la perfecci\u00f3.<\/p>\n\n\n\n<p>Ja sigui que necessitis un espai per a una reuni\u00f3 estrat\u00e8gica, un taller intensiu o una formaci\u00f3 especialitzada, a CINC trobar\u00e0s l\u2019entorn perfecte perqu\u00e8 les teves formacions d\u2019empresa siguin un \u00e8xit.<\/p>\n\n\n\n<p><a href=\"https:\/\/www.cinc.com\/ca\/contacte\/\">Contacta <\/a>amb nosaltres i descobreix com les nostres sales de formaci\u00f3 poden convertir-se en l\u2019aliat estrat\u00e8gic que la teva empresa necessita. Estem aqu\u00ed per ajudar-te a cr\u00e9ixer!<\/p>\n","protected":false},"excerpt":{"rendered":"<p>Descobreix com les sales de formaci\u00f3 poden impulsar el creixement de la teva empresa. Un espai ben dissenyat millora la productivitat, la retenci\u00f3 del coneixement i la imatge corporativa.  <\/p>\n","protected":false},"author":8,"featured_media":28535,"comment_status":"open","ping_status":"open","sticky":false,"template":"","format":"standard","meta":{"_acf_changed":false,"_uag_custom_page_level_css":"","_jetpack_memberships_contains_paid_content":false,"footnotes":""},"categories":[207],"tags":[129],"class_list":["post-28529","post","type-post","status-publish","format-standard","has-post-thumbnail","hentry","category-business-hub","tag-grup-cinc"],"acf":[],"jetpack_featured_media_url":"https:\/\/www.cinc.com\/wp-content\/uploads\/Salas-de-formacion-1000-x-800-px-9-1.webp","uagb_featured_image_src":{"full":["https:\/\/www.cinc.com\/wp-content\/uploads\/Salas-de-formacion-1000-x-800-px-9-1.webp",1000,800,false],"thumbnail":["https:\/\/www.cinc.com\/wp-content\/uploads\/Salas-de-formacion-1000-x-800-px-9-1-150x150.webp",150,150,true],"medium":["https:\/\/www.cinc.com\/wp-content\/uploads\/Salas-de-formacion-1000-x-800-px-9-1-300x240.webp",300,240,true],"medium_large":["https:\/\/www.cinc.com\/wp-content\/uploads\/Salas-de-formacion-1000-x-800-px-9-1-768x614.webp",768,614,true],"large":["https:\/\/www.cinc.com\/wp-content\/uploads\/Salas-de-formacion-1000-x-800-px-9-1.webp",960,768,false],"1536x1536":["https:\/\/www.cinc.com\/wp-content\/uploads\/Salas-de-formacion-1000-x-800-px-9-1.webp",1000,800,false],"2048x2048":["https:\/\/www.cinc.com\/wp-content\/uploads\/Salas-de-formacion-1000-x-800-px-9-1.webp",1000,800,false],"gform-image-choice-sm":["https:\/\/www.cinc.com\/wp-content\/uploads\/Salas-de-formacion-1000-x-800-px-9-1-300x300.webp",300,300,true],"gform-image-choice-md":["https:\/\/www.cinc.com\/wp-content\/uploads\/Salas-de-formacion-1000-x-800-px-9-1-400x400.webp",400,400,true],"gform-image-choice-lg":["https:\/\/www.cinc.com\/wp-content\/uploads\/Salas-de-formacion-1000-x-800-px-9-1-600x600.webp",600,600,true]},"uagb_author_info":{"display_name":"F\u00e0tima Duran","author_link":"https:\/\/www.cinc.com\/ca\/author\/fatima\/"},"uagb_comment_info":0,"uagb_excerpt":"Descobreix com les sales de formaci\u00f3 poden impulsar el creixement de la teva empresa. Un espai ben dissenyat millora la productivitat, la retenci\u00f3 del coneixement i la imatge corporativa.","jetpack_sharing_enabled":true,"_links":{"self":[{"href":"https:\/\/www.cinc.com\/ca\/wp-json\/wp\/v2\/posts\/28529","targetHints":{"allow":["GET"]}}],"collection":[{"href":"https:\/\/www.cinc.com\/ca\/wp-json\/wp\/v2\/posts"}],"about":[{"href":"https:\/\/www.cinc.com\/ca\/wp-json\/wp\/v2\/types\/post"}],"author":[{"embeddable":true,"href":"https:\/\/www.cinc.com\/ca\/wp-json\/wp\/v2\/users\/8"}],"replies":[{"embeddable":true,"href":"https:\/\/www.cinc.com\/ca\/wp-json\/wp\/v2\/comments?post=28529"}],"version-history":[{"count":4,"href":"https:\/\/www.cinc.com\/ca\/wp-json\/wp\/v2\/posts\/28529\/revisions"}],"predecessor-version":[{"id":28659,"href":"https:\/\/www.cinc.com\/ca\/wp-json\/wp\/v2\/posts\/28529\/revisions\/28659"}],"wp:featuredmedia":[{"embeddable":true,"href":"https:\/\/www.cinc.com\/ca\/wp-json\/wp\/v2\/media\/28535"}],"wp:attachment":[{"href":"https:\/\/www.cinc.com\/ca\/wp-json\/wp\/v2\/media?parent=28529"}],"wp:term":[{"taxonomy":"category","embeddable":true,"href":"https:\/\/www.cinc.com\/ca\/wp-json\/wp\/v2\/categories?post=28529"},{"taxonomy":"post_tag","embeddable":true,"href":"https:\/\/www.cinc.com\/ca\/wp-json\/wp\/v2\/tags?post=28529"}],"curies":[{"name":"wp","href":"https:\/\/api.w.org\/{rel}","templated":true}]}}