{"id":28240,"date":"2024-12-09T11:35:30","date_gmt":"2024-12-09T10:35:30","guid":{"rendered":"https:\/\/www.cinc.com\/?p=28240"},"modified":"2024-12-09T11:35:31","modified_gmt":"2024-12-09T10:35:31","slug":"entrevista-a-deretil","status":"publish","type":"post","link":"https:\/\/www.cinc.com\/ca\/entrevista-a-deretil\/","title":{"rendered":"Entrevista a Deretil"},"content":{"rendered":"\n<p><strong>Any de fundaci\u00f3:<\/strong> 1961<br><strong>Sector:<\/strong> Fabricaci\u00f3 de productes farmac\u00e8utics de base, especialitzada en la producci\u00f3 d&#8217;antibi\u00f2tics semisint\u00e8tics com les penicil\u00b7lines i les cefalosporines.<br><strong>Ubicaci\u00f3:<\/strong> L&#8217;empresa t\u00e9 la seva f\u00e0brica a Cuevas de Almanzora (Almeria) i l&#8217;oficina a CINC Barcelona.<br><strong>Lloc web:<\/strong> <a href=\"http:\/\/www.deretil.com\">www.deretil.com<\/a><\/p>\n\n\n\n<p>Entrevistem Antonio Arroyo, Director General de Deretil.<\/p>\n\n\n\n<p><\/p>\n\n\n\n<h2 class=\"wp-block-heading\">A qu\u00e8 es dedica Deretil i quines s\u00f3n les seves principals l\u00ednies de negoci?<\/h2>\n\n\n\n<p>El Grup Deretil disposa d\u2019un ampli portafoli de productes amb un gran potencial comercial i industrial que permet operar efica\u00e7ment als mercats en qu\u00e8 est\u00e0 present. La seva cartera de productes inclou des de cadenes laterals per a la fabricaci\u00f3 d&#8217;antibi\u00f2tics betalact\u00e0mics fins a solucions sostenibles per a l&#8217;agricultura amb el m\u00e0xim respecte pel medi ambient, aix\u00ed com ingredients bioactius d&#8217;origen natural per als sectors de la nutrici\u00f3 humana i la cosm\u00e8tica.<\/p>\n\n\n\n<p>Les activitats del Grup Deretil s\u2019estructuren entorn de les seg\u00fcents l\u00ednies de negoci:<\/p>\n\n\n\n<ol class=\"wp-block-list\">\n<li>Producci\u00f3 d&#8217;intermedis qu\u00edmics (cadenes laterals) utilitzats en la fabricaci\u00f3 d&#8217;antibi\u00f2tics betalact\u00e0mics.<\/li>\n\n\n\n<li>Desenvolupament, fabricaci\u00f3 i comercialitzaci\u00f3 de solucions sostenibles per a la nutrici\u00f3, la bioestimulaci\u00f3 i la bioprotecci\u00f3 de cultius.<\/li>\n\n\n\n<li>Desenvolupament i fabricaci\u00f3 d&#8217;ingredients bioactius d&#8217;origen natural per a la nutrici\u00f3 i la cosm\u00e8tica.<\/li>\n<\/ol>\n\n\n\n<h2 class=\"wp-block-heading\">Des de la seva fundaci\u00f3 el 1961, com ha evolucionat l&#8217;empresa i quins han estat els fites m\u00e9s importants en la seva traject\u00f2ria?<\/h2>\n\n\n\n<p>Deretil compta amb una dilatada experi\u00e8ncia de m\u00e9s de 60 anys en la ind\u00fastria farmac\u00e8utica, mantenint una posici\u00f3 \u00fanica com a l\u00edder mundial en la producci\u00f3 i subministrament de cadenes laterals per a la fabricaci\u00f3 d&#8217;antibi\u00f2tics betalact\u00e0mics a trav\u00e9s d\u2019un proc\u00e9s innovador i diferencial lliure de dissolvents.<\/p>\n\n\n\n<p>L\u2019any 2010 va n\u00e9ixer <strong>Deretil Agronutritional<\/strong> amb l\u2019objectiu de contribuir a una agricultura sostenible, reduint l\u2019\u00fas de pesticides i promovent el m\u00e0xim respecte pel medi ambient.<\/p>\n\n\n\n<p>El 2013, <strong>Deretil Nature<\/strong> va iniciar la seva activitat industrial com a resultat de la decisi\u00f3 del Grup Deretil d\u2019ampliar el comprom\u00eds amb els segments de l\u2019alimentaci\u00f3 funcional i la cosm\u00e8tica, creant una nova companyia dedicada a aquests mercats.<\/p>\n\n\n\n<h2 class=\"wp-block-heading\">Actualment, Deretil t\u00e9 un abast global. En quants pa\u00efsos t\u00e9 pres\u00e8ncia i com gestiona la seva expansi\u00f3 internacional?<\/h2>\n\n\n\n<p>El Grup Deretil opera a nivell mundial amb pres\u00e8ncia principal a <strong>Europa, \u00c0sia i Am\u00e8rica<\/strong>. L\u2019oferta de l\u2019empresa s\u2019adre\u00e7a majorit\u00e0riament a laboratoris farmac\u00e8utics de primer nivell que produeixen ingredients qu\u00edmics actius, distribu\u00efdors, importadors i altres fabricants.<\/p>\n\n\n\n<p>La gesti\u00f3 de l\u2019expansi\u00f3 internacional es basa en establir relacions comercials a llarg termini i oferir contractes a mida per tal de contribuir a les operacions estrat\u00e8giques dels seus socis.<\/p>\n\n\n\n<h2 class=\"wp-block-heading\">Com assegura Deretil la sostenibilitat en els processos productius, especialment en el sector de la qu\u00edmica?<\/h2>\n\n\n\n<p>Deretil garanteix la sostenibilitat en els seus processos productius alineant-se amb l\u2019<strong>Agenda 2030 de l\u2019ONU<\/strong> i adoptant una visi\u00f3 hol\u00edstica que busca generar valor a llarg termini per als seus clients, empleats i comunitats locals. L\u2019any 2023, va obtenir la certificaci\u00f3 com a <strong>Empresa Responsable<\/strong> en el marc de la iniciativa global <em>Responsible Care<\/em> i va crear una <strong>Comissi\u00f3 de Sostenibilitat<\/strong>.<\/p>\n\n\n\n<p>Implementem un <strong>Sistema de Gesti\u00f3 Ambiental certificat segons la ISO 14001<\/strong> i promovem l\u2019<strong>economia circular<\/strong> amb un proc\u00e9s de producci\u00f3 verd i una depuradora biol\u00f2gica pionera. A m\u00e9s, mantenim alts est\u00e0ndards de qualitat amb certificacions com la <strong>ISO 9001 i 45001<\/strong>, i promovem la salut, la seguretat i el desenvolupament local. Tamb\u00e9 col\u00b7laborem amb la plataforma <strong>PSCI<\/strong> per prevenir la resist\u00e8ncia antimicrobiana.<\/p>\n\n\n\n<p>En el futur, Deretil t\u00e9 previst continuar integrant criteris de sostenibilitat en el seu model de negoci per millorar la salut i el benestar social, i fomentar una agricultura sostenible respectuosa amb el medi ambient.<\/p>\n\n\n\n<h2 class=\"wp-block-heading\">Quin \u00e9s el paper de la innovaci\u00f3 dins de Deretil i com integren noves tecnologies en la seva activitat?<\/h2>\n\n\n\n<p> A Grup Deretil tenim un ferm comprom\u00eds amb la investigaci\u00f3, el desenvolupament i la innovaci\u00f3 amb l\u2019objectiu de desenvolupar els millors productes possibles. El nostre Departament d\u2019I+D t\u00e9 com a missi\u00f3 generar valor i contribuir a la millora de la qualitat de vida de la societat mitjan\u00e7ant la investigaci\u00f3 i el desenvolupament de productes i serveis per a les ind\u00fastries de la nutrici\u00f3, la cosm\u00e8tica, l\u2019agroalimentaci\u00f3 i la farmac\u00e8utica.<\/p>\n\n\n\n<p>Les principals activitats d\u2019I+D+i que realitzem s\u00f3n el desenvolupament de productes i negocis, processos d\u2019obtenci\u00f3 de principis actius naturals, assaigs de validaci\u00f3 funcional i tecnol\u00f2gica de productes, millora de productes, desenvolupament i optimitzaci\u00f3 de processos de producci\u00f3, obtenci\u00f3 de productes de valor afegit a partir de subproductes de la ind\u00fastria aliment\u00e0ria i realitzaci\u00f3 d\u2019an\u00e0lisis tecnol\u00f2giques de competidors.<\/p>\n\n\n\n<p><\/p>\n\n\n\n<h2 class=\"wp-block-heading\">Quina import\u00e0ncia t\u00e9 la responsabilitat social corporativa per a Deretil i quines iniciatives han desenvolupat en aquest \u00e0mbit?<\/h2>\n\n\n\n<p>Per a Grup Deretil, la responsabilitat social corporativa (RSC) \u00e9s fonamental, i el seu Comit\u00e8 de Direcci\u00f3 treballa en establir pol\u00edtiques i estrat\u00e8gies centrades en la sostenibilitat i l\u2019\u00e8tica. El 2023 es va crear una Comissi\u00f3 de Sostenibilitat per gestionar els riscos no financers, supervisar el desenvolupament de pol\u00edtiques i controlar la informaci\u00f3 sobre sostenibilitat, amb informes peri\u00f2dics al Comit\u00e8 de Direcci\u00f3.<\/p>\n\n\n\n<p>El comprom\u00eds de Deretil amb el desenvolupament sostenible tamb\u00e9 s\u2019est\u00e9n als seus prove\u00efdors i subcontractistes, promovent pr\u00e0ctiques sostenibles a la seva cadena de subministrament. A m\u00e9s, l\u2019empresa \u00e9s conscient de l\u2019impacte de la seva activitat en les comunitats locals i busca generar un efecte positiu en elles, millorant el di\u00e0leg amb els seus grups d\u2019inter\u00e8s per contribuir al desenvolupament sostenible i al benestar social.<\/p>\n\n\n\n<p>Deretil es compromet a complir amb principis \u00e8tics i normatives vigents a trav\u00e9s del seu Codi \u00c8tic, que ha de ser seguit per tots els seus empleats i entitats associades. Aquest codi es comunica i es difon entre la seva plantilla i grups d\u2019inter\u00e8s per garantir una activitat responsable i respectuosa amb la societat i el medi ambient.<\/p>\n\n\n\n<p><\/p>\n\n\n\n<h2 class=\"wp-block-heading\">Com visualitzeu el futur de l\u2019empresa i quins s\u00f3n els propers reptes a nivell global?<\/h2>\n\n\n\n<p>La ra\u00f3 de ser del Grup Deretil \u00e9s continuar desenvolupant-se com un referent en els mercats en qu\u00e8 opera, al mateix temps que posa a les persones i al planeta al centre de l\u2019organitzaci\u00f3, oferint productes per a la salut i el benestar de la societat, i fomentant una agricultura sostenible amb m\u00e0xim respecte al medi ambient.<\/p>\n\n\n\n<p>Les activitats del Grup Deretil es situen en un entorn complex i competitiu, per la qual cosa \u00e9s fonamental articular una estrat\u00e8gia adaptada als reptes i oportunitats que es presenten en sectors cada vegada m\u00e9s din\u00e0mics i globals, amb l&#8217;objectiu de garantir un creixement rentable i sostenible a llarg termini que permeti, alhora, generar valor compartit per a tots els grups d\u2019inter\u00e8s. En aquest sentit, el model de creixement del Grup Deretil es configura al voltant dels seg\u00fcents cinc eixos estrat\u00e8gics:<\/p>\n\n\n\n<p>\u2022 Qualitat de producte i servei,<br>\u2022 Investigaci\u00f3, desenvolupament i innovaci\u00f3,<br>\u2022 Diversificaci\u00f3 i globalitzaci\u00f3,<br>\u2022 Excel\u00b7l\u00e8ncia operacional,<br>\u2022 Desenvolupament sostenible.<\/p>\n\n\n\n<h2 class=\"wp-block-heading\">Qu\u00e8 \u00e9s all\u00f2 que m\u00e9s valoreu de CINC?<\/h2>\n\n\n\n<p>L&#8217;oferta d&#8217;un edifici i serveis que responen perfectament a les nostres necessitats corporatives i l&#8217;efic\u00e0cia i l&#8217;efici\u00e8ncia que ens ofereix en la gesti\u00f3 di\u00e0ria.<\/p>\n","protected":false},"excerpt":{"rendered":"<p>Descobreix Deretil, l\u00edder en antibi\u00f2tics i solucions sostenibles, amb m\u00e9s de 60 anys d\u2019innovaci\u00f3 i comprom\u00eds social. Llegeix l\u2019entrevista per con\u00e8ixer el seu impacte en la salut i el medi ambient.<\/p>\n","protected":false},"author":8,"featured_media":28234,"comment_status":"open","ping_status":"open","sticky":false,"template":"","format":"standard","meta":{"_acf_changed":false,"_uag_custom_page_level_css":"","_jetpack_memberships_contains_paid_content":false,"footnotes":""},"categories":[19],"tags":[108],"class_list":["post-28240","post","type-post","status-publish","format-standard","has-post-thumbnail","hentry","category-entrevistes","tag-entrevista"],"acf":[],"jetpack_featured_media_url":"https:\/\/www.cinc.com\/wp-content\/uploads\/Fotos-Blog-CINC-WordPress-31-1.webp","uagb_featured_image_src":{"full":["https:\/\/www.cinc.com\/wp-content\/uploads\/Fotos-Blog-CINC-WordPress-31-1.webp",1920,1080,false],"thumbnail":["https:\/\/www.cinc.com\/wp-content\/uploads\/Fotos-Blog-CINC-WordPress-31-1-150x150.webp",150,150,true],"medium":["https:\/\/www.cinc.com\/wp-content\/uploads\/Fotos-Blog-CINC-WordPress-31-1-300x169.webp",300,169,true],"medium_large":["https:\/\/www.cinc.com\/wp-content\/uploads\/Fotos-Blog-CINC-WordPress-31-1-768x432.webp",768,432,true],"large":["https:\/\/www.cinc.com\/wp-content\/uploads\/Fotos-Blog-CINC-WordPress-31-1-1024x576.webp",960,540,true],"1536x1536":["https:\/\/www.cinc.com\/wp-content\/uploads\/Fotos-Blog-CINC-WordPress-31-1-1536x864.webp",1536,864,true],"2048x2048":["https:\/\/www.cinc.com\/wp-content\/uploads\/Fotos-Blog-CINC-WordPress-31-1.webp",1920,1080,false],"gform-image-choice-sm":["https:\/\/www.cinc.com\/wp-content\/uploads\/Fotos-Blog-CINC-WordPress-31-1.webp",300,169,false],"gform-image-choice-md":["https:\/\/www.cinc.com\/wp-content\/uploads\/Fotos-Blog-CINC-WordPress-31-1.webp",400,225,false],"gform-image-choice-lg":["https:\/\/www.cinc.com\/wp-content\/uploads\/Fotos-Blog-CINC-WordPress-31-1.webp",600,338,false]},"uagb_author_info":{"display_name":"F\u00e0tima Duran","author_link":"https:\/\/www.cinc.com\/ca\/author\/fatima\/"},"uagb_comment_info":0,"uagb_excerpt":"Descobreix Deretil, l\u00edder en antibi\u00f2tics i solucions sostenibles, amb m\u00e9s de 60 anys d\u2019innovaci\u00f3 i comprom\u00eds social. Llegeix l\u2019entrevista per con\u00e8ixer el seu impacte en la salut i el medi ambient.","jetpack_sharing_enabled":true,"_links":{"self":[{"href":"https:\/\/www.cinc.com\/ca\/wp-json\/wp\/v2\/posts\/28240","targetHints":{"allow":["GET"]}}],"collection":[{"href":"https:\/\/www.cinc.com\/ca\/wp-json\/wp\/v2\/posts"}],"about":[{"href":"https:\/\/www.cinc.com\/ca\/wp-json\/wp\/v2\/types\/post"}],"author":[{"embeddable":true,"href":"https:\/\/www.cinc.com\/ca\/wp-json\/wp\/v2\/users\/8"}],"replies":[{"embeddable":true,"href":"https:\/\/www.cinc.com\/ca\/wp-json\/wp\/v2\/comments?post=28240"}],"version-history":[{"count":4,"href":"https:\/\/www.cinc.com\/ca\/wp-json\/wp\/v2\/posts\/28240\/revisions"}],"predecessor-version":[{"id":28259,"href":"https:\/\/www.cinc.com\/ca\/wp-json\/wp\/v2\/posts\/28240\/revisions\/28259"}],"wp:featuredmedia":[{"embeddable":true,"href":"https:\/\/www.cinc.com\/ca\/wp-json\/wp\/v2\/media\/28234"}],"wp:attachment":[{"href":"https:\/\/www.cinc.com\/ca\/wp-json\/wp\/v2\/media?parent=28240"}],"wp:term":[{"taxonomy":"category","embeddable":true,"href":"https:\/\/www.cinc.com\/ca\/wp-json\/wp\/v2\/categories?post=28240"},{"taxonomy":"post_tag","embeddable":true,"href":"https:\/\/www.cinc.com\/ca\/wp-json\/wp\/v2\/tags?post=28240"}],"curies":[{"name":"wp","href":"https:\/\/api.w.org\/{rel}","templated":true}]}}