{"id":2820,"date":"2020-05-04T00:00:00","date_gmt":"2020-05-04T00:00:00","guid":{"rendered":"https:\/\/www.cinc.com\/ajuts-de-la-generalitat-per-a-autonoms-i-empreses-de-disseny-de-moda-i-fabricacio-textil\/"},"modified":"2020-05-04T00:00:00","modified_gmt":"2020-05-04T00:00:00","slug":"ajuts-de-la-generalitat-per-a-autonoms-i-empreses-de-disseny-de-moda-i-fabricacio-textil","status":"publish","type":"post","link":"https:\/\/www.cinc.com\/ca\/ajuts-de-la-generalitat-per-a-autonoms-i-empreses-de-disseny-de-moda-i-fabricacio-textil\/","title":{"rendered":"Ajuts de la Generalitat per a aut\u00f2noms i empreses de disseny de moda i fabricaci\u00f3 t\u00e8xtil"},"content":{"rendered":"<div style=\"text-align: justify;\">\n<div>\n<div>\n<div>\n\t\t\t\tEl Consorci de Comer&ccedil;, Artesania i Moda de Catalunya ha publicat unes l&iacute;nies de subvencions per tal de donar resposta als efectes causats per la declaraci&oacute; de l&rsquo;estat d&rsquo;alarma decretat el 14 de mar&ccedil; pel RD-463\/2020.<\/div>\n<div>\n\t\t\t\t&nbsp;<\/div>\n<div>\n\t\t\t\tD&rsquo;entre els ajuts disponibles, destaquem els del programa per a la reactivaci&oacute; de la moda catalana, que t&eacute; com a finalitat reactivar el sector de la moda donant suport a la fabricaci&oacute; i comercialitzaci&oacute; dels productes de moda catalans i augmentar el grau d&rsquo;internacionalitzaci&oacute; de les marques i dissenyadors catalans.<\/div>\n<div>\n\t\t\t\t&nbsp;<\/div>\n<div>\n\t\t\t\t<strong>Qui pot beneficiar-se d&rsquo;aquesta subvenci&oacute;?<\/strong><\/div>\n<div>\n\t\t\t\t&nbsp;<\/div>\n<div>\n\t\t\t\tProfessionals aut&ograve;noms i empreses de disseny de moda i empreses t&egrave;xtils que es dediquin en exclusiva a la fabricaci&oacute; de productes per al sector de la moda.<\/div>\n<div>\n\t\t\t\tHauran d&rsquo;acreditar que, per ordre del Reial Decret 463\/2020, de 14 de mar&ccedil;, pel qual es va declarar l&rsquo;estat d&rsquo;alarma, van haver de tancar, o b&eacute; hauran certificar un descens de la facturaci&oacute; de, com a m&iacute;nim el 70% (inclosa la facturaci&oacute; on-line) en la suma de la facturaci&oacute; dels mesos de mar&ccedil; i abril del 2020, respecte al mateix per&iacute;ode de l&rsquo;any anterior.&nbsp;<\/div>\n<div>\n\t\t\t\t&nbsp;<\/div>\n<div>\n\t\t\t\tNo podran ser beneficiaris d&rsquo;aquest ajut importadors i distribu&iuml;dors, i nom&eacute;s podr&agrave; ser beneficiari una persona f&iacute;sica o jur&iacute;dica per a cada marca comercial.<\/div>\n<div>\n\t\t\t\t&nbsp;<\/div>\n<div>\n\t\t\t\t<strong>Quines despeses es podran subvencionar?<\/strong><\/div>\n<div>\n\t\t\t\t&nbsp;<\/div>\n<div>\n\t\t\t\tEs consideraran subvencionables aquelles despeses que s&rsquo;imputin al desenvolupament de les accions per respondre de manera inequ&iacute;voca a la seva naturalesa, resultin estrictament necess&agrave;ries, s&rsquo;hagin realitzat durant el per&iacute;ode d&rsquo;execuci&oacute; de l&rsquo;actuaci&oacute; i hagin estat efectivament pagades pel beneficiari abans de la finalitzaci&oacute; del termini de presentaci&oacute; de la justificaci&oacute; econ&ograve;mica.&nbsp;<\/div>\n<div>\n\t\t\t\t&nbsp;<\/div>\n<div>\n\t\t\t\t<strong>Quina &eacute;s la quantia de l&rsquo;ajut?<\/strong><\/div>\n<div>\n\t\t\t\t&nbsp;<\/div>\n<div>\n\t\t\t\tFins el 100% de les despeses subvencionables. La subvenci&oacute; t&eacute; un import m&agrave;xim de 2.500 euros per beneficiari.&nbsp;&nbsp;<\/div>\n<div>\n\t\t\t\t&nbsp;<\/div>\n<div>\n\t\t\t\t<strong>Quins s&oacute;n els requisits per demanar l&rsquo;ajut?<\/strong><\/div>\n<div>\n\t\t\t\t&nbsp;<\/div>\n<div>\n\t\t\t\tL&rsquo;empresa haur&agrave; de presentar declaraci&oacute; responsable, en la qual certifiqui que en base a l&rsquo;article 10 del RD 463\/2020, es va veure obligada a cessar l&rsquo;activitat, o b&eacute; acrediti un descens de la facturaci&oacute; de, com a m&iacute;nim, un 70%, prenent de refer&egrave;ncia els mesos de mar&ccedil; i abril del 2020, respecte al mateix per&iacute;ode de l&rsquo;any anterior.<\/div>\n<div>\n\t\t\t\t&nbsp;<\/div>\n<div>\n\t\t\t\tAquest programa &eacute;s incompatible amb el programa 6 per a la reactivaci&oacute; de l&rsquo;empresa artesana i el programa 4 de suport a la inversi&oacute; per a la nova implantaci&oacute; de comer&ccedil;os i millora comercial dels establiments.<\/div>\n<div>\n\t\t\t\t&nbsp;<\/div>\n<div>\n\t\t\t\t<strong>Quin &eacute;s el termini per sol&middot;licitar l&rsquo;ajut?&nbsp;<\/strong><\/div>\n<div>\n\t\t\t\t&nbsp;<\/div>\n<div>\n\t\t\t\tTermina el 31 de desembre o fins que s&rsquo;exhaureixi el pressupost.&nbsp;<\/div>\n<\/p><\/div>\n<\/p><\/div>\n<\/div>\n<p>\n\t&nbsp;<\/p>\n","protected":false},"excerpt":{"rendered":"<div>\n<div>\n\t\tEl Consorci de Comer&ccedil;, Artesania i Moda de Catalunya ha publicat unes l&iacute;nies de subvencions per tal de donar resposta als efectes causats per la declaraci&oacute; de l&rsquo;estat d&rsquo;alarma decretat el 14 de mar&ccedil; pel Reial Decret 463\/2020.<\/div>\n<div>\n\t\t&nbsp;<\/div>\n<\/div>\n<div>\n\t&nbsp;<\/div>\n","protected":false},"author":2,"featured_media":2821,"comment_status":"open","ping_status":"open","sticky":false,"template":"","format":"standard","meta":{"_acf_changed":false,"_uag_custom_page_level_css":"","_jetpack_memberships_contains_paid_content":false,"footnotes":""},"categories":[18],"tags":[],"class_list":["post-2820","post","type-post","status-publish","format-standard","has-post-thumbnail","hentry","category-assessoria"],"acf":[],"jetpack_featured_media_url":"https:\/\/www.cinc.com\/wp-content\/uploads\/2023\/03\/855.jpg","uagb_featured_image_src":{"full":["https:\/\/www.cinc.com\/wp-content\/uploads\/2023\/03\/855.jpg",1113,361,false],"thumbnail":["https:\/\/www.cinc.com\/wp-content\/uploads\/2023\/03\/855.jpg",150,49,false],"medium":["https:\/\/www.cinc.com\/wp-content\/uploads\/2023\/03\/855.jpg",300,97,false],"medium_large":["https:\/\/www.cinc.com\/wp-content\/uploads\/2023\/03\/855.jpg",768,249,false],"large":["https:\/\/www.cinc.com\/wp-content\/uploads\/2023\/03\/855.jpg",960,311,false],"1536x1536":["https:\/\/www.cinc.com\/wp-content\/uploads\/2023\/03\/855.jpg",1113,361,false],"2048x2048":["https:\/\/www.cinc.com\/wp-content\/uploads\/2023\/03\/855.jpg",1113,361,false],"gform-image-choice-sm":["https:\/\/www.cinc.com\/wp-content\/uploads\/2023\/03\/855.jpg",300,97,false],"gform-image-choice-md":["https:\/\/www.cinc.com\/wp-content\/uploads\/2023\/03\/855.jpg",400,130,false],"gform-image-choice-lg":["https:\/\/www.cinc.com\/wp-content\/uploads\/2023\/03\/855.jpg",600,195,false]},"uagb_author_info":{"display_name":"Utrans","author_link":"https:\/\/www.cinc.com\/ca\/author\/utrans\/"},"uagb_comment_info":0,"uagb_excerpt":"El Consorci de Comer&ccedil;, Artesania i Moda de Catalunya ha publicat unes l&iacute;nies de subvencions per tal de donar resposta als efectes causats per la declaraci&oacute; de l&rsquo;estat d&rsquo;alarma decretat el 14 de mar&ccedil; pel Reial Decret 463\/2020. &nbsp; &nbsp;","jetpack_sharing_enabled":true,"_links":{"self":[{"href":"https:\/\/www.cinc.com\/ca\/wp-json\/wp\/v2\/posts\/2820","targetHints":{"allow":["GET"]}}],"collection":[{"href":"https:\/\/www.cinc.com\/ca\/wp-json\/wp\/v2\/posts"}],"about":[{"href":"https:\/\/www.cinc.com\/ca\/wp-json\/wp\/v2\/types\/post"}],"author":[{"embeddable":true,"href":"https:\/\/www.cinc.com\/ca\/wp-json\/wp\/v2\/users\/2"}],"replies":[{"embeddable":true,"href":"https:\/\/www.cinc.com\/ca\/wp-json\/wp\/v2\/comments?post=2820"}],"version-history":[{"count":0,"href":"https:\/\/www.cinc.com\/ca\/wp-json\/wp\/v2\/posts\/2820\/revisions"}],"wp:featuredmedia":[{"embeddable":true,"href":"https:\/\/www.cinc.com\/ca\/wp-json\/wp\/v2\/media\/2821"}],"wp:attachment":[{"href":"https:\/\/www.cinc.com\/ca\/wp-json\/wp\/v2\/media?parent=2820"}],"wp:term":[{"taxonomy":"category","embeddable":true,"href":"https:\/\/www.cinc.com\/ca\/wp-json\/wp\/v2\/categories?post=2820"},{"taxonomy":"post_tag","embeddable":true,"href":"https:\/\/www.cinc.com\/ca\/wp-json\/wp\/v2\/tags?post=2820"}],"curies":[{"name":"wp","href":"https:\/\/api.w.org\/{rel}","templated":true}]}}