{"id":27783,"date":"2024-11-22T14:35:49","date_gmt":"2024-11-22T13:35:49","guid":{"rendered":"https:\/\/www.cinc.com\/?p=27783"},"modified":"2024-11-22T14:35:49","modified_gmt":"2024-11-22T13:35:49","slug":"el-tribunal-suprem-dona-suport-a-la-capacitat-de-laepd-per-ampliar-sancions-per-denuncies-individuals-sobre-politiques-de-privacitat","status":"publish","type":"post","link":"https:\/\/www.cinc.com\/ca\/el-tribunal-suprem-dona-suport-a-la-capacitat-de-laepd-per-ampliar-sancions-per-denuncies-individuals-sobre-politiques-de-privacitat\/","title":{"rendered":"El Tribunal Suprem dona suport a la capacitat de l&#8217;AEPD per ampliar sancions per den\u00fancies individuals sobre pol\u00edtiques de privacitat"},"content":{"rendered":"\n<p><\/p>\n\n\n\n<p>El Tribunal Suprem ha confirmat que l&#8217;Ag\u00e8ncia Espanyola de Protecci\u00f3 de Dades (AEPD) pot ampliar els procediments sancionadors a partir de den\u00fancies individuals, estenent-los a les pol\u00edtiques generals de protecci\u00f3 de dades de les empreses. Aquesta decisi\u00f3 refor\u00e7a l&#8217;autoritat de l&#8217;AEPD en la seva missi\u00f3 de protegir els drets dels consumidors en l&#8217;\u00e0mbit digital.<\/p>\n\n\n\n<p><\/p>\n\n\n\n<h2 class=\"wp-block-heading\">Qu\u00e8 implica aquesta sent\u00e8ncia?<\/h2>\n\n\n\n<p>La sent\u00e8ncia del Suprem autoritza l&#8217;AEPD a investigar i sancionar no nom\u00e9s les den\u00fancies individuals, sin\u00f3 tamb\u00e9 els documents generals, com les pol\u00edtiques de protecci\u00f3 de dades de les empreses. D&#8217;aquesta manera, si es detecten infraccions derivades d&#8217;aquests documents, l&#8217;AEPD pot ampliar la investigaci\u00f3 i sancionar les empreses responsables.<\/p>\n\n\n\n<p><\/p>\n\n\n\n<h2 class=\"wp-block-heading\">Per qu\u00e8 \u00e9s rellevant aquesta decisi\u00f3?<\/h2>\n\n\n\n<p>Aquesta sent\u00e8ncia \u00e9s significativa perqu\u00e8 revoca una sent\u00e8ncia anterior de l&#8217;Audi\u00e8ncia Nacional que havia anul\u00b7lat una multa de cinc milions d&#8217;euros imposada al BBVA per defici\u00e8ncies en la gesti\u00f3 de les dades personals dels seus clients. El Suprem ara refor\u00e7a la capacitat de l&#8217;AEPD per investigar a fons qualsevol possible infracci\u00f3 de drets, fins i tot si el nombre de den\u00fancies \u00e9s petit en comparaci\u00f3 amb la base de clients de l&#8217;empresa.<\/p>\n\n\n\n<p><\/p>\n\n\n\n<h2 class=\"wp-block-heading\">El cas de BBVA<\/h2>\n\n\n\n<p>L&#8217;origen d&#8217;aquest cas es remunta a 2020, quan l&#8217;AEPD va sancionar el BBVA despr\u00e9s de rebre diverses reclamacions de clients que senyalaven defici\u00e8ncies en la seva pol\u00edtica de privacitat. Tot i que el banc va argumentar que el nombre de den\u00fancies no era suficient per justificar una investigaci\u00f3 exhaustiva, l&#8217;Audi\u00e8ncia Nacional va anul\u00b7lar les multes el 2022. No obstant aix\u00f2, el Tribunal Suprem ha corregit aquesta interpretaci\u00f3, deixant clar que l&#8217;AEPD ha d&#8217;investigar qualsevol indici de vulneraci\u00f3 de drets, encara que les den\u00fancies siguin limitades.<\/p>\n\n\n\n<p><\/p>\n\n\n\n<h2 class=\"wp-block-heading\">Com afecta aix\u00f2 a les empreses?<\/h2>\n\n\n\n<p><\/p>\n\n\n\n<p>El Tribunal Suprem ha destacat que l&#8217;AEPD t\u00e9 la facultat d&#8217;investigar tant els fets denunciats com els aspectes legals relacionats, incloent-hi l&#8217;an\u00e0lisi de documents fonamentals com les pol\u00edtiques de protecci\u00f3 de dades. En conseq\u00fc\u00e8ncia, les empreses han de ser conscients que les seves pol\u00edtiques de privacitat estan sota vigil\u00e0ncia, especialment si apareixen den\u00fancies que poden estar relacionades amb aquestes pol\u00edtiques.<\/p>\n\n\n\n<p><\/p>\n\n\n\n<h2 class=\"wp-block-heading\">Quines conseq\u00fc\u00e8ncies t\u00e9 per al futur?<\/h2>\n\n\n\n<p><\/p>\n\n\n\n<p>Aquesta sent\u00e8ncia subratlla la import\u00e0ncia que les empreses compleixin rigorosament amb la normativa de protecci\u00f3 de dades. L&#8217;AEPD ara t\u00e9 m\u00e9s facultats per investigar a fons les pol\u00edtiques de privacitat de les empreses, fins i tot si les den\u00fancies s\u00f3n poques. Les empreses han de revisar les seves pol\u00edtiques i procediments de protecci\u00f3 de dades per evitar possibles sancions i garantir la seguretat i la privacitat de les dades personals dels seus usuaris.<\/p>\n\n\n\n<p>Per a m\u00e9s informaci\u00f3, no dubtis a&nbsp;<a href=\"https:\/\/www.cinc.com\/ca\/contacte\/\">contactar<\/a>&nbsp;amb el nostre&nbsp;<a href=\"https:\/\/www.cinc.com\/ca\/assessoria-dempreses\/proteccio-de-dades\/\">Departament de Protecci\u00f3 de Dades.<\/a><\/p>\n","protected":false},"excerpt":{"rendered":"<p>El Tribunal Suprem avala a l&#8217;AEPD per ampliar sancions a empreses per den\u00fancies de privacitat. <\/p>\n","protected":false},"author":8,"featured_media":27778,"comment_status":"open","ping_status":"open","sticky":false,"template":"","format":"standard","meta":{"_acf_changed":false,"_uag_custom_page_level_css":"","_jetpack_memberships_contains_paid_content":false,"footnotes":""},"categories":[18,103],"tags":[84],"class_list":["post-27783","post","type-post","status-publish","format-standard","has-post-thumbnail","hentry","category-assessoria","category-proteccio-de-dades","tag-proteccio-de-dades"],"acf":[],"jetpack_featured_media_url":"https:\/\/www.cinc.com\/wp-content\/uploads\/Fotos-Blog-CINC-WordPress-28-2.webp","uagb_featured_image_src":{"full":["https:\/\/www.cinc.com\/wp-content\/uploads\/Fotos-Blog-CINC-WordPress-28-2.webp",1920,1080,false],"thumbnail":["https:\/\/www.cinc.com\/wp-content\/uploads\/Fotos-Blog-CINC-WordPress-28-2-150x150.webp",150,150,true],"medium":["https:\/\/www.cinc.com\/wp-content\/uploads\/Fotos-Blog-CINC-WordPress-28-2-300x169.webp",300,169,true],"medium_large":["https:\/\/www.cinc.com\/wp-content\/uploads\/Fotos-Blog-CINC-WordPress-28-2-768x432.webp",768,432,true],"large":["https:\/\/www.cinc.com\/wp-content\/uploads\/Fotos-Blog-CINC-WordPress-28-2-1024x576.webp",960,540,true],"1536x1536":["https:\/\/www.cinc.com\/wp-content\/uploads\/Fotos-Blog-CINC-WordPress-28-2-1536x864.webp",1536,864,true],"2048x2048":["https:\/\/www.cinc.com\/wp-content\/uploads\/Fotos-Blog-CINC-WordPress-28-2.webp",1920,1080,false],"gform-image-choice-sm":["https:\/\/www.cinc.com\/wp-content\/uploads\/Fotos-Blog-CINC-WordPress-28-2.webp",300,169,false],"gform-image-choice-md":["https:\/\/www.cinc.com\/wp-content\/uploads\/Fotos-Blog-CINC-WordPress-28-2.webp",400,225,false],"gform-image-choice-lg":["https:\/\/www.cinc.com\/wp-content\/uploads\/Fotos-Blog-CINC-WordPress-28-2.webp",600,338,false]},"uagb_author_info":{"display_name":"F\u00e0tima Duran","author_link":"https:\/\/www.cinc.com\/ca\/author\/fatima\/"},"uagb_comment_info":0,"uagb_excerpt":"El Tribunal Suprem avala a l'AEPD per ampliar sancions a empreses per den\u00fancies de privacitat.","jetpack_sharing_enabled":true,"_links":{"self":[{"href":"https:\/\/www.cinc.com\/ca\/wp-json\/wp\/v2\/posts\/27783","targetHints":{"allow":["GET"]}}],"collection":[{"href":"https:\/\/www.cinc.com\/ca\/wp-json\/wp\/v2\/posts"}],"about":[{"href":"https:\/\/www.cinc.com\/ca\/wp-json\/wp\/v2\/types\/post"}],"author":[{"embeddable":true,"href":"https:\/\/www.cinc.com\/ca\/wp-json\/wp\/v2\/users\/8"}],"replies":[{"embeddable":true,"href":"https:\/\/www.cinc.com\/ca\/wp-json\/wp\/v2\/comments?post=27783"}],"version-history":[{"count":3,"href":"https:\/\/www.cinc.com\/ca\/wp-json\/wp\/v2\/posts\/27783\/revisions"}],"predecessor-version":[{"id":27910,"href":"https:\/\/www.cinc.com\/ca\/wp-json\/wp\/v2\/posts\/27783\/revisions\/27910"}],"wp:featuredmedia":[{"embeddable":true,"href":"https:\/\/www.cinc.com\/ca\/wp-json\/wp\/v2\/media\/27778"}],"wp:attachment":[{"href":"https:\/\/www.cinc.com\/ca\/wp-json\/wp\/v2\/media?parent=27783"}],"wp:term":[{"taxonomy":"category","embeddable":true,"href":"https:\/\/www.cinc.com\/ca\/wp-json\/wp\/v2\/categories?post=27783"},{"taxonomy":"post_tag","embeddable":true,"href":"https:\/\/www.cinc.com\/ca\/wp-json\/wp\/v2\/tags?post=27783"}],"curies":[{"name":"wp","href":"https:\/\/api.w.org\/{rel}","templated":true}]}}