{"id":27674,"date":"2024-11-13T09:42:00","date_gmt":"2024-11-13T08:42:00","guid":{"rendered":"https:\/\/www.cinc.com\/?p=27674"},"modified":"2024-11-13T11:26:39","modified_gmt":"2024-11-13T10:26:39","slug":"quin-espai-ha-de-tenir-un-treballador-doficina","status":"publish","type":"post","link":"https:\/\/www.cinc.com\/ca\/quin-espai-ha-de-tenir-un-treballador-doficina\/","title":{"rendered":"Quin espai ha de tenir un treballador d\u2019oficina?"},"content":{"rendered":"\n<p>A CINC, entenem la import\u00e0ncia de proporcionar un espai de treball en una oficina adequat, que no nom\u00e9s compleixi amb els est\u00e0ndards recomanats, sin\u00f3 que tamb\u00e9 s\u2019adapti a les necessitats particulars de cada equip gr\u00e0cies a l\u2019experi\u00e8ncia que ens ofereix el nostre servei de<a href=\"https:\/\/www.cinc.com\/ca\/oficines-privades-a-barcelona\/\" target=\"_blank\" rel=\"noreferrer noopener\"> lloguer d\u2019oficines a Barcelona<\/a> o <a href=\"https:\/\/www.cinc.com\/ca\/cinc-girona\/\" target=\"_blank\" rel=\"noreferrer noopener\">Girona<\/a>.<\/p>\n\n\n\n<p>La distribuci\u00f3 d\u2019espais d\u2019oficina \u00e9s un aspecte fonamental per al benestar i la productivitat dels empleats. Amb el temps, s\u2019ha demostrat que un ambient de treball c\u00f2mode i ben organitzat pot millorar notablement l\u2019efici\u00e8ncia dels equips. Un dels elements clau \u00e9s l\u2019espai f\u00edsic per empleat. En aquest article parlarem sobre com ha de ser l\u2019espai de treball en una oficina, quines s\u00f3n les recomanacions actuals i com adaptar-les segons les necessitats de cada empresa.<\/p>\n\n\n\n<p><\/p>\n\n\n\n<h2 class=\"wp-block-heading\">Quants metres quadrats necessita cada empleat?<\/h2>\n\n\n\n<p>Determinar els metres quadrats per empleat en una oficina no \u00e9s nom\u00e9s una q\u00fcesti\u00f3 de comoditat, sin\u00f3 de normatives i recomanacions. Segons la NTP (<a href=\"https:\/\/www.insst.es\/ntp-notas-tecnicas-de-prevencion\" target=\"_blank\" rel=\"noreferrer noopener\">Nota T\u00e8cnica de Prevenci\u00f3<\/a>), l\u2019espai m\u00ednim que s\u2019ha de reservar \u00e9s de 4 m\u00b2 per treballador, a m\u00e9s de recomanar afegir 1 m\u00b2 addicional per pantalla d\u2019ordinador i element d\u2019emmagatzematge m\u00f2bil que s\u2019empri al lloc de treball. En tasques que requereixen concentraci\u00f3, els empleats solen necessitar m\u00e9s espai per evitar distraccions. Un espai de treball adequat en una oficina contribueix a la concentraci\u00f3, comoditat i salut dels empleats.<\/p>\n\n\n\n<p><\/p>\n\n\n\n<h2 class=\"wp-block-heading\">Com afecta l\u2019espai de treball a la productivitat i al benestar?<\/h2>\n\n\n\n<p><\/p>\n\n\n\n<p>Un entorn espai\u00f3s i ben dissenyat no nom\u00e9s t\u00e9 un impacte en la productivitat, sin\u00f3 que tamb\u00e9 redueix els nivells d\u2019estr\u00e8s i millora la salut f\u00edsica dels empleats. Per exemple, disposar d\u2019espai suficient per treballar, sense sentir-se restringit, ajuda a millorar la postura i el moviment, factors clau per evitar problemes musculoesquel\u00e8tics. A m\u00e9s, la qualitat de l\u2019aire i la llum natural, juntament amb espais ben distribu\u00efts en una oficina, poden marcar la difer\u00e8ncia en el rendiment diari dels equips. Les oficines modernes estan adoptant una distribuci\u00f3 m\u00e9s oberta i col\u00b7laborativa per fomentar la creativitat i el treball en equip.<\/p>\n\n\n\n<p><\/p>\n\n\n\n<h2 class=\"wp-block-heading\">Espais d\u2019oficina segons el tipus de treball<\/h2>\n\n\n\n<p>Cada tipus de treball exigeix diferents requisits quant als <strong>espais d\u2019oficin<\/strong>a. Per exemple, els equips de vendes i m\u00e0rqueting poden beneficiar-se d\u2019\u00e0rees comunes per col\u00b7laborar i compartir idees, mentre que els departaments de desenvolupament de programari necessiten zones tranquil\u00b7les i de baixa distracci\u00f3. A m\u00e9s, avui en dia \u00e9s com\u00fa que les oficines ofereixin zones flexibles, com sales de descans i espais multifuncionals, que permeten als empleats canviar d\u2019ambient segons la tasca.<\/p>\n\n\n\n<p><\/p>\n\n\n\n<h2 class=\"wp-block-heading\">Espais adaptats a cada necessitat a Barcelona i Girona amb CINC<\/h2>\n\n\n\n<p>Et convidem a les nostres instal\u00b7lacions, on podem oferir-te des d\u2019oficines privades fins a espais de coworking, dissenyats per fomentar el benestar i la productivitat dels equips. Som una empresa l\u00edder en la prestaci\u00f3 de serveis empresarials de m\u00e0xima qualitat enfocats a negocis com el teu.<\/p>\n\n\n\n<p>A CINC, el lloguer <a href=\"https:\/\/www.cinc.com\/ca\/5-formes-doptimizar-la-comunicacio-i-el-treball-en-equip-en-oficines-flexibles\/\" target=\"_blank\" rel=\"noreferrer noopener\">d\u2019oficines \u00e9s flexible<\/a> i s\u2019adapta a les vostres demandes, permetent que cada empleat disposi de l\u2019espai necessari per treballar de manera eficient i c\u00f2moda. Per a m\u00e9s informaci\u00f3, no dubtis a posar-te en <a href=\"https:\/\/www.cinc.com\/ca\/contacte\/\">contacte<\/a> amb nosaltres!<\/p>\n\n\n\n<p><\/p>\n\n\n\n<p><\/p>\n\n\n\n<p><\/p>\n","protected":false},"excerpt":{"rendered":"<p>Quin espai ha de tenir un treballador d\u2019oficina? Descobreix la import\u00e0ncia dels metres quadrats per empleat per al benestar i la productivitat.<\/p>\n","protected":false},"author":8,"featured_media":27685,"comment_status":"open","ping_status":"open","sticky":false,"template":"","format":"standard","meta":{"_acf_changed":false,"_uag_custom_page_level_css":"","_jetpack_memberships_contains_paid_content":false,"footnotes":""},"categories":[207],"tags":[129],"class_list":["post-27674","post","type-post","status-publish","format-standard","has-post-thumbnail","hentry","category-business-hub","tag-grup-cinc"],"acf":[],"jetpack_featured_media_url":"https:\/\/www.cinc.com\/wp-content\/uploads\/Fotos-Blog-CINC-WordPress-27-1.webp","uagb_featured_image_src":{"full":["https:\/\/www.cinc.com\/wp-content\/uploads\/Fotos-Blog-CINC-WordPress-27-1.webp",1920,1080,false],"thumbnail":["https:\/\/www.cinc.com\/wp-content\/uploads\/Fotos-Blog-CINC-WordPress-27-1-150x150.webp",150,150,true],"medium":["https:\/\/www.cinc.com\/wp-content\/uploads\/Fotos-Blog-CINC-WordPress-27-1-300x169.webp",300,169,true],"medium_large":["https:\/\/www.cinc.com\/wp-content\/uploads\/Fotos-Blog-CINC-WordPress-27-1-768x432.webp",768,432,true],"large":["https:\/\/www.cinc.com\/wp-content\/uploads\/Fotos-Blog-CINC-WordPress-27-1-1024x576.webp",960,540,true],"1536x1536":["https:\/\/www.cinc.com\/wp-content\/uploads\/Fotos-Blog-CINC-WordPress-27-1-1536x864.webp",1536,864,true],"2048x2048":["https:\/\/www.cinc.com\/wp-content\/uploads\/Fotos-Blog-CINC-WordPress-27-1.webp",1920,1080,false],"gform-image-choice-sm":["https:\/\/www.cinc.com\/wp-content\/uploads\/Fotos-Blog-CINC-WordPress-27-1.webp",300,169,false],"gform-image-choice-md":["https:\/\/www.cinc.com\/wp-content\/uploads\/Fotos-Blog-CINC-WordPress-27-1.webp",400,225,false],"gform-image-choice-lg":["https:\/\/www.cinc.com\/wp-content\/uploads\/Fotos-Blog-CINC-WordPress-27-1.webp",600,338,false]},"uagb_author_info":{"display_name":"F\u00e0tima Duran","author_link":"https:\/\/www.cinc.com\/ca\/author\/fatima\/"},"uagb_comment_info":0,"uagb_excerpt":"Quin espai ha de tenir un treballador d\u2019oficina? Descobreix la import\u00e0ncia dels metres quadrats per empleat per al benestar i la productivitat.","jetpack_sharing_enabled":true,"_links":{"self":[{"href":"https:\/\/www.cinc.com\/ca\/wp-json\/wp\/v2\/posts\/27674","targetHints":{"allow":["GET"]}}],"collection":[{"href":"https:\/\/www.cinc.com\/ca\/wp-json\/wp\/v2\/posts"}],"about":[{"href":"https:\/\/www.cinc.com\/ca\/wp-json\/wp\/v2\/types\/post"}],"author":[{"embeddable":true,"href":"https:\/\/www.cinc.com\/ca\/wp-json\/wp\/v2\/users\/8"}],"replies":[{"embeddable":true,"href":"https:\/\/www.cinc.com\/ca\/wp-json\/wp\/v2\/comments?post=27674"}],"version-history":[{"count":5,"href":"https:\/\/www.cinc.com\/ca\/wp-json\/wp\/v2\/posts\/27674\/revisions"}],"predecessor-version":[{"id":27693,"href":"https:\/\/www.cinc.com\/ca\/wp-json\/wp\/v2\/posts\/27674\/revisions\/27693"}],"wp:featuredmedia":[{"embeddable":true,"href":"https:\/\/www.cinc.com\/ca\/wp-json\/wp\/v2\/media\/27685"}],"wp:attachment":[{"href":"https:\/\/www.cinc.com\/ca\/wp-json\/wp\/v2\/media?parent=27674"}],"wp:term":[{"taxonomy":"category","embeddable":true,"href":"https:\/\/www.cinc.com\/ca\/wp-json\/wp\/v2\/categories?post=27674"},{"taxonomy":"post_tag","embeddable":true,"href":"https:\/\/www.cinc.com\/ca\/wp-json\/wp\/v2\/tags?post=27674"}],"curies":[{"name":"wp","href":"https:\/\/api.w.org\/{rel}","templated":true}]}}