{"id":27608,"date":"2024-11-11T12:47:04","date_gmt":"2024-11-11T11:47:04","guid":{"rendered":"https:\/\/www.cinc.com\/?p=27608"},"modified":"2024-11-12T09:06:56","modified_gmt":"2024-11-12T08:06:56","slug":"cinc-pedala-a-la-carrera-solidaria-oncogravel-recaptant-fons-per-a-la-fundacio-oncolliga","status":"publish","type":"post","link":"https:\/\/www.cinc.com\/ca\/cinc-pedala-a-la-carrera-solidaria-oncogravel-recaptant-fons-per-a-la-fundacio-oncolliga\/","title":{"rendered":"CINC pedala a la carrera solid\u00e0ria Oncogravel recaptant fons per a la Fundaci\u00f3 Oncolliga"},"content":{"rendered":"\n<p>El darrer dissabte 9 de novembre CINC va participar en la segona edici\u00f3 de l&#8217;<strong>Oncogravel<\/strong>, un repte esportiu i solidari impulsat per la <strong>Fundaci\u00f3 Oncolliga Girona<\/strong>. L&#8217;equip Bicinc, de CINC, va participar activament en aquest repte, aportant la seva solidaritat i suport a la causa. L&#8217;equip estava format per sis companys de CINC: \u00c0ngel\u00a0Blay, \u00c8rica\u00a0Cufr\u00e9\u00a0, Marc\u00a0Isern, J\u00falia\u00a0Colomer, Llu\u00eds\u00a0Feliu i Salvador Planas (l\u00edder del grup).<\/p>\n\n\n\n<p>Amb la participaci\u00f3 de 70 equips formats per ciclistes de diverses parts del pa\u00eds, la cursa va ser un gran \u00e8xit, ja que es van recaptar 43.941,78 euros, que es destinaran \u00edntegrament a finan\u00e7ar els serveis assistencials de la Fundaci\u00f3 Oncolliga Girona, com l&#8217;atenci\u00f3 psicol\u00f2gica, la fisioter\u00e0pia a domicili, el drenatge limf\u00e0tic, entre d&#8217;altres serveis essencials.<\/p>\n\n\n\n<p>Els participants van sortir des de Palam\u00f3s, i van pedalar per les comarques del Baix Empord\u00e0, el Giron\u00e8s i la Selva, amb l&#8217;objectiu de recollir fons per ajudar les persones afectades pel c\u00e0ncer i les seves fam\u00edlies.<\/p>\n\n\n\n<p>Els equips van poder triar entre dos itineraris, un de 234 km dividit en sis trams i un de 123 km amb quatre trams. En ambd\u00f3s recorreguts, els ciclistes van comptar amb punts de control i avituallament, atesos per voluntaris d&#8217;Oncolliga i Gran Fondo.<\/p>\n\n\n\n<p>A CINC estem profundament orgullosos de formar part d&#8217;iniciatives solid\u00e0ries com Oncogravel, on el nostre equip Bicinc pot aportar el gra de sorra en la lluita contra el c\u00e0ncer. Aquest esdeveniment no nom\u00e9s ens permet pedalar per una causa tan necess\u00e0ria, sin\u00f3 tamb\u00e9 sumar el nostre comprom\u00eds i esfor\u00e7 juntament amb altres participants i voluntaris.<\/p>\n\n\n\n<p>Amb ganes de seguir pedalejant en les properes edicions, reafirmem el nostre comprom\u00eds de recolzar els qui m\u00e9s ho necessiten i contribuir a l&#8217;extraordinari treball de la<strong> <a href=\"https:\/\/oncolligagirona.cat\/es\/\">Fundaci\u00f3 Oncolliga Girona<\/a><\/strong><\/p>\n\n\n\n<p><\/p>\n","protected":false},"excerpt":{"rendered":"<p>CINC ha participat a la segona edici\u00f3 de l&#8217;Oncogravel, un repte solidari que va recaptar 43.941,78 euros per a la Fundaci\u00f3 Oncolliga Girona. <\/p>\n","protected":false},"author":8,"featured_media":27634,"comment_status":"open","ping_status":"open","sticky":false,"template":"","format":"standard","meta":{"_acf_changed":false,"_uag_custom_page_level_css":"","_jetpack_memberships_contains_paid_content":false,"footnotes":""},"categories":[24],"tags":[],"class_list":["post-27608","post","type-post","status-publish","format-standard","has-post-thumbnail","hentry","category-grup-cinc"],"acf":[],"jetpack_featured_media_url":"https:\/\/www.cinc.com\/wp-content\/uploads\/Fotos-Blog-CINC-WordPress-24-1.webp","uagb_featured_image_src":{"full":["https:\/\/www.cinc.com\/wp-content\/uploads\/Fotos-Blog-CINC-WordPress-24-1.webp",1920,1080,false],"thumbnail":["https:\/\/www.cinc.com\/wp-content\/uploads\/Fotos-Blog-CINC-WordPress-24-1-150x150.webp",150,150,true],"medium":["https:\/\/www.cinc.com\/wp-content\/uploads\/Fotos-Blog-CINC-WordPress-24-1-300x169.webp",300,169,true],"medium_large":["https:\/\/www.cinc.com\/wp-content\/uploads\/Fotos-Blog-CINC-WordPress-24-1-768x432.webp",768,432,true],"large":["https:\/\/www.cinc.com\/wp-content\/uploads\/Fotos-Blog-CINC-WordPress-24-1-1024x576.webp",960,540,true],"1536x1536":["https:\/\/www.cinc.com\/wp-content\/uploads\/Fotos-Blog-CINC-WordPress-24-1-1536x864.webp",1536,864,true],"2048x2048":["https:\/\/www.cinc.com\/wp-content\/uploads\/Fotos-Blog-CINC-WordPress-24-1.webp",1920,1080,false],"gform-image-choice-sm":["https:\/\/www.cinc.com\/wp-content\/uploads\/Fotos-Blog-CINC-WordPress-24-1.webp",300,169,false],"gform-image-choice-md":["https:\/\/www.cinc.com\/wp-content\/uploads\/Fotos-Blog-CINC-WordPress-24-1.webp",400,225,false],"gform-image-choice-lg":["https:\/\/www.cinc.com\/wp-content\/uploads\/Fotos-Blog-CINC-WordPress-24-1.webp",600,338,false]},"uagb_author_info":{"display_name":"F\u00e0tima Duran","author_link":"https:\/\/www.cinc.com\/ca\/author\/fatima\/"},"uagb_comment_info":0,"uagb_excerpt":"CINC ha participat a la segona edici\u00f3 de l'Oncogravel, un repte solidari que va recaptar 43.941,78 euros per a la Fundaci\u00f3 Oncolliga Girona.","jetpack_sharing_enabled":true,"_links":{"self":[{"href":"https:\/\/www.cinc.com\/ca\/wp-json\/wp\/v2\/posts\/27608","targetHints":{"allow":["GET"]}}],"collection":[{"href":"https:\/\/www.cinc.com\/ca\/wp-json\/wp\/v2\/posts"}],"about":[{"href":"https:\/\/www.cinc.com\/ca\/wp-json\/wp\/v2\/types\/post"}],"author":[{"embeddable":true,"href":"https:\/\/www.cinc.com\/ca\/wp-json\/wp\/v2\/users\/8"}],"replies":[{"embeddable":true,"href":"https:\/\/www.cinc.com\/ca\/wp-json\/wp\/v2\/comments?post=27608"}],"version-history":[{"count":4,"href":"https:\/\/www.cinc.com\/ca\/wp-json\/wp\/v2\/posts\/27608\/revisions"}],"predecessor-version":[{"id":27641,"href":"https:\/\/www.cinc.com\/ca\/wp-json\/wp\/v2\/posts\/27608\/revisions\/27641"}],"wp:featuredmedia":[{"embeddable":true,"href":"https:\/\/www.cinc.com\/ca\/wp-json\/wp\/v2\/media\/27634"}],"wp:attachment":[{"href":"https:\/\/www.cinc.com\/ca\/wp-json\/wp\/v2\/media?parent=27608"}],"wp:term":[{"taxonomy":"category","embeddable":true,"href":"https:\/\/www.cinc.com\/ca\/wp-json\/wp\/v2\/categories?post=27608"},{"taxonomy":"post_tag","embeddable":true,"href":"https:\/\/www.cinc.com\/ca\/wp-json\/wp\/v2\/tags?post=27608"}],"curies":[{"name":"wp","href":"https:\/\/api.w.org\/{rel}","templated":true}]}}