{"id":2750,"date":"2020-04-13T00:00:00","date_gmt":"2020-04-13T00:00:00","guid":{"rendered":"https:\/\/www.cinc.com\/covid-19-quines-empreses-poden-tornar-a-la-feina-despres-de-la-finalitzacio-del-permis-retribuit-recuperable\/"},"modified":"2020-04-13T00:00:00","modified_gmt":"2020-04-13T00:00:00","slug":"covid-19-quines-empreses-poden-tornar-a-la-feina-despres-de-la-finalitzacio-del-permis-retribuit-recuperable","status":"publish","type":"post","link":"https:\/\/www.cinc.com\/ca\/covid-19-quines-empreses-poden-tornar-a-la-feina-despres-de-la-finalitzacio-del-permis-retribuit-recuperable\/","title":{"rendered":"COVID-19: Quines empreses poden tornar a la feina despr\u00e9s de la finalitzaci\u00f3 del perm\u00eds retribu\u00eft recuperable?"},"content":{"rendered":"<div style=\"text-align: justify;\">\n<div>\n\t\tEls treballadors d&#39;activitats no essencials que no puguin realitzar teletreball han de tornar als seus llocs de treball a partir de dimarts 14 d&#39;abril a Catalunya, despr&eacute;s de la finalitzaci&oacute; del perm&iacute;s retribu&iuml;t recuperable el passat 9 d&#39;abril. Per tant, tornaran a estar vigents les mateixes condicions del Reial Decret 463\/2020 d&rsquo;estat d&#39;alarma aplicades el 14 de mar&ccedil;.<\/div>\n<div>\n\t\t&nbsp;<\/div>\n<div>\n\t\t<strong>Qui pot anar a treballar?<\/strong><\/div>\n<div>\n\t\t&nbsp;<\/div>\n<div>\n\t\tTotes les empreses d&#39;activitats declarades no essencials i que no disposin de mitjans per dur a terme el teletreball han de restablir la seva activitat.&nbsp;<\/div>\n<div>\n\t\t&nbsp;<\/div>\n<div>\n\t\tEn conseq&uuml;&egrave;ncia, hauran de tornar al lloc de treball nom&eacute;s aquells treballadors que ja acudien a treballar des de la declaraci&oacute; de l&#39;estat d&#39;alarma fins al 30 de mar&ccedil;, data en qu&egrave; va entrar en vigor la suspensi&oacute; temporal d&#39;activitats no essencials.<\/div>\n<div>\n\t\t&nbsp;<\/div>\n<div>\n\t\tEls sectors que hauran de tornar a la seva activitat s&oacute;n, de forma majorit&agrave;ria, la construcci&oacute; i la ind&uacute;stria no essencial. No obstant aix&ograve;, segons dictamina una ordre publicada el diumenge 12 d&#39;abril al BOE, quedaran suspeses les obres d&#39;intervenci&oacute; en edificis existents en qu&egrave; els treballadors hagin de compartir determinats espais comuns amb residents o altres usuaris.<\/div>\n<div>\n\t\t&nbsp;<\/div>\n<div>\n\t\tS&iacute; que es podran realitzar intervencions en immobles que tinguin com a finalitat la realitzaci&oacute; de reparacions urgents d&#39;instal&middot;lacions, avaries o tasques de vigil&agrave;ncia en el propi immoble.<\/div>\n<div>\n\t\t&nbsp;<\/div>\n<div>\n\t\t<strong>Quins comer&ccedil;os i locals han de romandre tancats? Quins poden obrir?<\/strong><\/div>\n<div>\n\t\t&nbsp;<\/div>\n<div>\n\t\tQueda suspesa l&#39;obertura de qualsevol comer&ccedil; minorista, excepte els de d&#39;alimentaci&oacute;, begudes, productes i b&eacute;ns de primera necessitat, establiments farmac&egrave;utics, sanitaris, centres o cl&iacute;niques veterin&agrave;ries, &ograve;ptiques i productes ortop&egrave;dics, productes higi&egrave;nics, premsa i papereria, combustible per a la automoci&oacute;, estancs, equips tecnol&ograve;gics i de telecomunicacions, aliments per a animals de companyia, comer&ccedil; per internet, telef&ograve;nic o correspond&egrave;ncia.&nbsp;<\/div>\n<div>\n\t\t&nbsp;<\/div>\n<div>\n\t\tTamb&eacute; hauran de romandre tancats bars i establiments de restauraci&oacute; i perruqueries (aquests tres nom&eacute;s poden prestar servei a domicili), discoteques, instal&middot;lacions culturals, d&#39;oci, recintes esportius, parcs d&#39;atraccions i auditoris.<\/div>\n<div>\n\t\t&nbsp;<\/div>\n<div>\n\t\t<strong>Quines mesures de protecci&oacute; de dur a terme les empreses que es reincorporen a la seva activitat?<\/strong><\/div>\n<div>\n\t\t&nbsp;<\/div>\n<div>\n\t\tAmb la finalitat de garantir les mesures de protecci&oacute; adequades enfront del COVID-19 en les empreses que tornin a la seva activitat, el Govern ha publicat una guia de bones pr&agrave;ctiques al centre de treball:<\/div>\n<div>\n\t\t&nbsp;<\/div>\n<div>\n\t\t<a href=\"https:\/\/www.lamoncloa.gob.es\/serviciosdeprensa\/notasprensa\/presidencia\/Documents\/2020\/GUIACENTROSTRABAJOCOVID19b.pdf\" target=\"_blank\" rel=\"noopener\">&gt; Veure Guia<\/a><\/div>\n<div>\n\t\t&nbsp;<\/div>\n<div>\n\t\t<strong>Fins quan es mantindr&agrave; aquesta situaci&oacute;?<\/strong><\/div>\n<div>\n\t\t&nbsp;<\/div>\n<div>\n\t\tEl Govern va decretar el divendres 10 d&#39;abril l&rsquo;ampliaci&oacute; de l&#39;estat d&#39;alarma fins el pr&ograve;xim 26 d&#39;abril. Per tant, si no estableix una nova pr&ograve;rroga, tota l&#39;activitat no essencial es veur&agrave; subjecta a aquestes restriccions fins a aquesta data.<\/div>\n<div>\n\t\t&nbsp;<\/div>\n<\/div>\n<div>\n\t&nbsp;<\/div>\n","protected":false},"excerpt":{"rendered":"<div style=\"text-align: justify;\">\n\tEls treballadors d&#39;activitats no essencials que no puguin realitzar teletreball han de tornar als seus llocs de treball a partir de dimarts 14 d&#39;abril a Catalunya, despr&eacute;s de la finalitzaci&oacute; del perm&iacute;s retribu&iuml;t recuperable el passat 9 d&#39;abril. Per tant, tornaran a estar vigents les mateixes condicions del Reial Decret 463\/2020 d&rsquo;estat d&#39;alarma aplicades el 14 de mar&ccedil;.<\/div>\n<div>\n\t&nbsp;<\/div>\n","protected":false},"author":2,"featured_media":2751,"comment_status":"open","ping_status":"open","sticky":false,"template":"","format":"standard","meta":{"_acf_changed":false,"_uag_custom_page_level_css":"","_jetpack_memberships_contains_paid_content":false,"footnotes":""},"categories":[18],"tags":[],"class_list":["post-2750","post","type-post","status-publish","format-standard","has-post-thumbnail","hentry","category-assessoria"],"acf":[],"jetpack_featured_media_url":"https:\/\/www.cinc.com\/wp-content\/uploads\/2023\/03\/841.jpg","uagb_featured_image_src":{"full":["https:\/\/www.cinc.com\/wp-content\/uploads\/2023\/03\/841.jpg",1113,361,false],"thumbnail":["https:\/\/www.cinc.com\/wp-content\/uploads\/2023\/03\/841.jpg",150,49,false],"medium":["https:\/\/www.cinc.com\/wp-content\/uploads\/2023\/03\/841.jpg",300,97,false],"medium_large":["https:\/\/www.cinc.com\/wp-content\/uploads\/2023\/03\/841.jpg",768,249,false],"large":["https:\/\/www.cinc.com\/wp-content\/uploads\/2023\/03\/841.jpg",960,311,false],"1536x1536":["https:\/\/www.cinc.com\/wp-content\/uploads\/2023\/03\/841.jpg",1113,361,false],"2048x2048":["https:\/\/www.cinc.com\/wp-content\/uploads\/2023\/03\/841.jpg",1113,361,false],"gform-image-choice-sm":["https:\/\/www.cinc.com\/wp-content\/uploads\/2023\/03\/841.jpg",300,97,false],"gform-image-choice-md":["https:\/\/www.cinc.com\/wp-content\/uploads\/2023\/03\/841.jpg",400,130,false],"gform-image-choice-lg":["https:\/\/www.cinc.com\/wp-content\/uploads\/2023\/03\/841.jpg",600,195,false]},"uagb_author_info":{"display_name":"Utrans","author_link":"https:\/\/www.cinc.com\/ca\/author\/utrans\/"},"uagb_comment_info":0,"uagb_excerpt":"Els treballadors d&#39;activitats no essencials que no puguin realitzar teletreball han de tornar als seus llocs de treball a partir de dimarts 14 d&#39;abril a Catalunya, despr&eacute;s de la finalitzaci&oacute; del perm&iacute;s retribu&iuml;t recuperable el passat 9 d&#39;abril. Per tant, tornaran a estar vigents les mateixes condicions del Reial Decret 463\/2020 d&rsquo;estat d&#39;alarma aplicades el&hellip;","jetpack_sharing_enabled":true,"_links":{"self":[{"href":"https:\/\/www.cinc.com\/ca\/wp-json\/wp\/v2\/posts\/2750","targetHints":{"allow":["GET"]}}],"collection":[{"href":"https:\/\/www.cinc.com\/ca\/wp-json\/wp\/v2\/posts"}],"about":[{"href":"https:\/\/www.cinc.com\/ca\/wp-json\/wp\/v2\/types\/post"}],"author":[{"embeddable":true,"href":"https:\/\/www.cinc.com\/ca\/wp-json\/wp\/v2\/users\/2"}],"replies":[{"embeddable":true,"href":"https:\/\/www.cinc.com\/ca\/wp-json\/wp\/v2\/comments?post=2750"}],"version-history":[{"count":0,"href":"https:\/\/www.cinc.com\/ca\/wp-json\/wp\/v2\/posts\/2750\/revisions"}],"wp:featuredmedia":[{"embeddable":true,"href":"https:\/\/www.cinc.com\/ca\/wp-json\/wp\/v2\/media\/2751"}],"wp:attachment":[{"href":"https:\/\/www.cinc.com\/ca\/wp-json\/wp\/v2\/media?parent=2750"}],"wp:term":[{"taxonomy":"category","embeddable":true,"href":"https:\/\/www.cinc.com\/ca\/wp-json\/wp\/v2\/categories?post=2750"},{"taxonomy":"post_tag","embeddable":true,"href":"https:\/\/www.cinc.com\/ca\/wp-json\/wp\/v2\/tags?post=2750"}],"curies":[{"name":"wp","href":"https:\/\/api.w.org\/{rel}","templated":true}]}}