{"id":27463,"date":"2024-11-05T09:19:01","date_gmt":"2024-11-05T08:19:01","guid":{"rendered":"https:\/\/www.cinc.com\/?p=27463"},"modified":"2024-11-05T09:26:57","modified_gmt":"2024-11-05T08:26:57","slug":"es-legal-la-installacio-de-cameres-de-videovigilancia-a-comunitats-de-propietaris","status":"publish","type":"post","link":"https:\/\/www.cinc.com\/ca\/es-legal-la-installacio-de-cameres-de-videovigilancia-a-comunitats-de-propietaris\/","title":{"rendered":"\u00c9s legal la instal\u00b7laci\u00f3 de c\u00e0meres de videovigil\u00e0ncia a comunitats de propietaris?"},"content":{"rendered":"\n<p>La Sala de lo Civil del Tribunal Suprem ha donat suport a la decisi\u00f3 d&#8217;una comunitat de ve\u00efns d&#8217;instal\u00b7lar c\u00e0meres de seguretat a les zones comunes de l&#8217;edifici per resguardar la seguretat dels residents i les seves pertinences.<\/p>\n\n\n\n<p>El tribunal va desestimar la demanda d&#8217;una ve\u00efna contra la instal\u00b7laci\u00f3 de c\u00e0meres de videovigil\u00e0ncia al seu edifici, argumentant que s&#8217;havien col\u00b7locat per prevenir actes vand\u00e0lics i que la decisi\u00f3 havia estat aprovada per la majoria requerida en la junta de propietaris. La demandant al\u00b7legava vulneraci\u00f3 de la seva intimitat, ja que les c\u00e0meres enfocaven a les portes dels pisos i captaven part de la seva vivenda en obrir-se la porta, sol\u00b7licitant la seva retirada i una indemnitzaci\u00f3 de 2.500 euros.<\/p>\n\n\n\n<p>El jutjat va considerar que la mesura complia els requisits legals, ja que nom\u00e9s un t\u00e8cnic o l&#8217;administrador tenien acc\u00e9s a les gravacions, s&#8217;havien posat cartells informatius, les c\u00e0meres no gravaven la via p\u00fablica ni l&#8217;interior de les vivendes, i les imatges es conservaven un m\u00e0xim de 30 dies. L&#8217;Audi\u00e8ncia Provincial va confirmar aquesta decisi\u00f3.<\/p>\n\n\n\n<p>Finalment, el Tribunal Suprem va subratllar que, encara que les c\u00e0meres afecten en part la intimitat dels ve\u00efns, la instal\u00b7laci\u00f3 va ser aprovada per la junta de propietaris amb fins de seguretat. Aquest tipus de limitacions a la intimitat s\u00f3n proporcionals i justificades per protegir els residents i els seus b\u00e9ns.<\/p>\n\n\n\n<p><\/p>\n\n\n\n<h4 class=\"wp-block-heading\">Quins requisits s&#8217;han de complir per instal\u00b7lar c\u00e0meres de manera legal en una comunitat de ve\u00efns?<\/h4>\n\n\n\n<p>Per instal\u00b7lar videoc\u00e0meres en comunitats de ve\u00efns, \u00e9s imprescindible que la Junta de Propietaris aprovi pr\u00e8viament dicha instal\u00b7laci\u00f3. Les c\u00e0meres nom\u00e9s podran ubicar-se a les zones comunes de la propietat i hauran d&#8217;evitar la gravaci\u00f3 de la via p\u00fablica, excepte en una petita franja dels accessos a l&#8217;edifici. No est\u00e0 perm\u00e8s captar imatges de terrenys o vivendes adjacents, ni de qualsevol altre espai extern a la comunitat. Pots llegir m\u00e9s informaci\u00f3 en aquesta <a href=\"Vhttps:\/\/www.aepd.es\/guias\/guia-videovigilancia.pdf\">Guia sobre l&#8217;\u00fas de videoc\u00e0meres per a seguretat i altres finalitats<\/a> que ha publicat l&#8217;AEPD. <\/p>\n\n\n\n<p><\/p>\n\n\n\n<h4 class=\"wp-block-heading\">Tens dubtes sobre el compliment de la Protecci\u00f3 de Dades a la teva comunitat de propietaris?<\/h4>\n\n\n\n<p>Per a m\u00e9s informaci\u00f3, no dubtis a contactar amb el nostre <a href=\"https:\/\/www.cinc.com\/ca\/assessoria-dempreses\/proteccio-de-dades\/\">Departament de Protecci\u00f3 de Dades<\/a>.<\/p>\n\n\n\n<div class=\"wp-block-uagb-buttons uagb-buttons__outer-wrap uagb-btn__default-btn uagb-btn-tablet__default-btn uagb-btn-mobile__default-btn uagb-block-e812f8a7\"><div class=\"uagb-buttons__wrap uagb-buttons-layout-wrap\">\n<div class=\"wp-block-uagb-buttons-child uagb-buttons__outer-wrap uagb-block-e3151cba wp-block-button\"><div class=\"uagb-button__wrapper\"><a class=\"uagb-buttons-repeater wp-block-button__link\" href=\"https:\/\/www.cinc.com\/ca\/contacte\/\" onclick=\"return true;\" rel=\"follow noopener\" target=\"_self\"><div class=\"uagb-button__link\">Envia&#8217;ns la teva consulta<\/div><\/a><\/div><\/div>\n<\/div><\/div>\n\n\n\n<p><\/p>\n","protected":false},"excerpt":{"rendered":"<p>\u00bf\u00c9s legal instal\u00b7lar c\u00e0meres de videovigil\u00e0ncia en comunitats de propietaris? El Tribunal Suprem ha aprovat el seu \u00fas a les zones comunes per garantir la seguretat dels residents.<\/p>\n","protected":false},"author":8,"featured_media":27464,"comment_status":"open","ping_status":"open","sticky":false,"template":"","format":"standard","meta":{"_acf_changed":false,"_uag_custom_page_level_css":"","_jetpack_memberships_contains_paid_content":false,"footnotes":""},"categories":[18,103],"tags":[],"class_list":["post-27463","post","type-post","status-publish","format-standard","has-post-thumbnail","hentry","category-assessoria","category-proteccio-de-dades"],"acf":[],"jetpack_featured_media_url":"https:\/\/www.cinc.com\/wp-content\/uploads\/Fotos-Blog-CINC-WordPress-19-1.webp","uagb_featured_image_src":{"full":["https:\/\/www.cinc.com\/wp-content\/uploads\/Fotos-Blog-CINC-WordPress-19-1.webp",1920,1080,false],"thumbnail":["https:\/\/www.cinc.com\/wp-content\/uploads\/Fotos-Blog-CINC-WordPress-19-1-150x150.webp",150,150,true],"medium":["https:\/\/www.cinc.com\/wp-content\/uploads\/Fotos-Blog-CINC-WordPress-19-1-300x169.webp",300,169,true],"medium_large":["https:\/\/www.cinc.com\/wp-content\/uploads\/Fotos-Blog-CINC-WordPress-19-1-768x432.webp",768,432,true],"large":["https:\/\/www.cinc.com\/wp-content\/uploads\/Fotos-Blog-CINC-WordPress-19-1-1024x576.webp",960,540,true],"1536x1536":["https:\/\/www.cinc.com\/wp-content\/uploads\/Fotos-Blog-CINC-WordPress-19-1-1536x864.webp",1536,864,true],"2048x2048":["https:\/\/www.cinc.com\/wp-content\/uploads\/Fotos-Blog-CINC-WordPress-19-1.webp",1920,1080,false],"gform-image-choice-sm":["https:\/\/www.cinc.com\/wp-content\/uploads\/Fotos-Blog-CINC-WordPress-19-1.webp",300,169,false],"gform-image-choice-md":["https:\/\/www.cinc.com\/wp-content\/uploads\/Fotos-Blog-CINC-WordPress-19-1.webp",400,225,false],"gform-image-choice-lg":["https:\/\/www.cinc.com\/wp-content\/uploads\/Fotos-Blog-CINC-WordPress-19-1.webp",600,338,false]},"uagb_author_info":{"display_name":"F\u00e0tima Duran","author_link":"https:\/\/www.cinc.com\/ca\/author\/fatima\/"},"uagb_comment_info":0,"uagb_excerpt":"\u00bf\u00c9s legal instal\u00b7lar c\u00e0meres de videovigil\u00e0ncia en comunitats de propietaris? El Tribunal Suprem ha aprovat el seu \u00fas a les zones comunes per garantir la seguretat dels residents.","jetpack_sharing_enabled":true,"_links":{"self":[{"href":"https:\/\/www.cinc.com\/ca\/wp-json\/wp\/v2\/posts\/27463","targetHints":{"allow":["GET"]}}],"collection":[{"href":"https:\/\/www.cinc.com\/ca\/wp-json\/wp\/v2\/posts"}],"about":[{"href":"https:\/\/www.cinc.com\/ca\/wp-json\/wp\/v2\/types\/post"}],"author":[{"embeddable":true,"href":"https:\/\/www.cinc.com\/ca\/wp-json\/wp\/v2\/users\/8"}],"replies":[{"embeddable":true,"href":"https:\/\/www.cinc.com\/ca\/wp-json\/wp\/v2\/comments?post=27463"}],"version-history":[{"count":7,"href":"https:\/\/www.cinc.com\/ca\/wp-json\/wp\/v2\/posts\/27463\/revisions"}],"predecessor-version":[{"id":27483,"href":"https:\/\/www.cinc.com\/ca\/wp-json\/wp\/v2\/posts\/27463\/revisions\/27483"}],"wp:featuredmedia":[{"embeddable":true,"href":"https:\/\/www.cinc.com\/ca\/wp-json\/wp\/v2\/media\/27464"}],"wp:attachment":[{"href":"https:\/\/www.cinc.com\/ca\/wp-json\/wp\/v2\/media?parent=27463"}],"wp:term":[{"taxonomy":"category","embeddable":true,"href":"https:\/\/www.cinc.com\/ca\/wp-json\/wp\/v2\/categories?post=27463"},{"taxonomy":"post_tag","embeddable":true,"href":"https:\/\/www.cinc.com\/ca\/wp-json\/wp\/v2\/tags?post=27463"}],"curies":[{"name":"wp","href":"https:\/\/api.w.org\/{rel}","templated":true}]}}