{"id":27435,"date":"2024-11-04T11:17:41","date_gmt":"2024-11-04T10:17:41","guid":{"rendered":"https:\/\/www.cinc.com\/?p=27435"},"modified":"2024-11-04T12:51:41","modified_gmt":"2024-11-04T11:51:41","slug":"novetats-en-la-factura-electronica-despres-de-laprovacio-del-reglament-verifactu","status":"publish","type":"post","link":"https:\/\/www.cinc.com\/ca\/novetats-en-la-factura-electronica-despres-de-laprovacio-del-reglament-verifactu\/","title":{"rendered":"Novetats en la factura electr\u00f2nica despr\u00e9s de l&#8217;aprovaci\u00f3 del reglament Veri*factu"},"content":{"rendered":"\n<p>El passat 28 d&#8217;octubre de 2024, es va publicar al BOE l&#8217;Ordre Ministerial HAC\/1177\/2024, de 17 d&#8217;octubre, que estableix les bases de la implementaci\u00f3 de la factura electr\u00f2nica mitjan\u00e7ant el Reglament Veri*factu, amb l&#8217;objectiu d&#8217;establir normes clares per al seu registre i emissi\u00f3.<\/p>\n\n\n\n<p>Aquest reglament, en vigor des del 29 d&#8217;octubre, concreta les especificacions t\u00e8cniques i funcionals de formaci\u00f3 del codi QR i, si escau, de la frase que s&#8217;ha de incloure a les factures emeses pels sistemes inform\u00e0tics de facturaci\u00f3 que compleixin els requisits del Reglament. Aix\u00ed mateix, estableix els requisits que han de complir els sistemes i programes inform\u00e0tics o electr\u00f2nics utilitzats per aquells que realitzin activitats econ\u00f2miques per gestionar la facturaci\u00f3 de les seves operacions.<\/p>\n\n\n\n<p><\/p>\n\n\n\n<h4 class=\"wp-block-heading\">A qui afecta el nou reglament Veri*factu?<\/h4>\n\n\n\n<p>El reglament Veri*factu afecta a tots aquells contribuents que utilitzin sistemes inform\u00e0tics de facturaci\u00f3, encara que nom\u00e9s els facin servir per una part de la seva activitat:<\/p>\n\n\n\n<ul class=\"wp-block-list\">\n<li>Contribuents de l&#8217;Impost sobre Societats: excepte les entitats exemptes. Les entitats parcialment exemptes estaran subjectes a aquesta obligaci\u00f3 exclusivament per les operacions que generin rendes que estiguin subjectes i no exempts de l&#8217;impost.<\/li>\n\n\n\n<li>Contribuents de l&#8217;IRPF: que desenvolupin activitats econ\u00f2miques.<\/li>\n\n\n\n<li>Contribuents de l&#8217;IRNR: que obtinguin rendes mitjan\u00e7ant establiment permanent.<\/li>\n\n\n\n<li>Entitats en r\u00e8gim d&#8217;atribuci\u00f3 de rendes: que desenvolupin activitats econ\u00f2miques, sense perjudici de l&#8217;atribuci\u00f3 de rendiments que correspongui efectuar als seus membres.<\/li>\n<\/ul>\n\n\n\n<p>La normativa tamb\u00e9 imposa obligacions als productors, fabricants, comercialitzadors i desenvolupadors de sistemes inform\u00e0tics de facturaci\u00f3, que hauran de certificar que els seus productes compleixen amb els requisits establerts en el reglament.<\/p>\n\n\n\n<p><\/p>\n\n\n\n<h4 class=\"wp-block-heading\">Quin \u00e9s el termini perqu\u00e8 els sistemes de facturaci\u00f3 s&#8217;adaptin a la nova normativa?<\/h4>\n\n\n\n<p>Els sistemes inform\u00e0tics han de complir amb els requisits del reglament abans de l&#8217;1 de juliol de 2025. Tanmateix, els productors i comercialitzadors tenen un termini addicional de nou mesos des de l&#8217;entrada en vigor de l&#8217;ordres ministerial per adaptar i oferir productes conformes a aquesta norma, \u00e9s a dir, fins al 29 de juliol de 2025.<\/p>\n\n\n\n<p><\/p>\n\n\n\n<h4 class=\"wp-block-heading\">Tens dubtes sobre l&#8217;entrada en vigor del reglament Veri*factu?<\/h4>\n\n\n\n<p><\/p>\n\n\n\n<p>Per a m\u00e9s informaci\u00f3, pots posar-te en contacte amb el nostre <a href=\"https:\/\/www.cinc.com\/ca\/assessoria-dempreses\/assessoria-fiscal\/\">Departament Fiscal.<\/a><\/p>\n\n\n\n<p><\/p>\n\n\n\n<div class=\"wp-block-uagb-buttons uagb-buttons__outer-wrap uagb-btn__default-btn uagb-btn-tablet__default-btn uagb-btn-mobile__default-btn uagb-block-a6326e6d\"><div class=\"uagb-buttons__wrap uagb-buttons-layout-wrap\">\n<div class=\"wp-block-uagb-buttons-child uagb-buttons__outer-wrap uagb-block-d3de8028 wp-block-button\"><div class=\"uagb-button__wrapper\"><a class=\"uagb-buttons-repeater wp-block-button__link\" href=\"https:\/\/www.cinc.com\/ca\/contacte\/\" onclick=\"return true;\" rel=\"follow noopener\" target=\"_self\"><div class=\"uagb-button__link\">Envia&#8217;ns la teva consulta<\/div><\/a><\/div><\/div>\n<\/div><\/div>\n\n\n\n<p><\/p>\n","protected":false},"excerpt":{"rendered":"<p>El 28 d&#8217;octubre de 2024, es va publicar l&#8217;Ordre Ministerial HAC\/1177\/2024, que estableix el Reglament Verifactu per a la implementaci\u00f3 de la factura electr\u00f2nica a Espanya. Tens dubtes sobre l&#8217;entrada en vigor del reglament Veri*factu? Segueix llegint!<\/p>\n","protected":false},"author":8,"featured_media":27436,"comment_status":"open","ping_status":"open","sticky":false,"template":"","format":"standard","meta":{"_acf_changed":false,"_uag_custom_page_level_css":"","_jetpack_memberships_contains_paid_content":false,"footnotes":""},"categories":[18],"tags":[79],"class_list":["post-27435","post","type-post","status-publish","format-standard","has-post-thumbnail","hentry","category-assessoria","tag-fiscalitat"],"acf":[],"jetpack_featured_media_url":"https:\/\/www.cinc.com\/wp-content\/uploads\/Fotos-Blog-CINC-WordPress-17-1-1.webp","uagb_featured_image_src":{"full":["https:\/\/www.cinc.com\/wp-content\/uploads\/Fotos-Blog-CINC-WordPress-17-1-1.webp",1920,1080,false],"thumbnail":["https:\/\/www.cinc.com\/wp-content\/uploads\/Fotos-Blog-CINC-WordPress-17-1-1-150x150.webp",150,150,true],"medium":["https:\/\/www.cinc.com\/wp-content\/uploads\/Fotos-Blog-CINC-WordPress-17-1-1-300x169.webp",300,169,true],"medium_large":["https:\/\/www.cinc.com\/wp-content\/uploads\/Fotos-Blog-CINC-WordPress-17-1-1-768x432.webp",768,432,true],"large":["https:\/\/www.cinc.com\/wp-content\/uploads\/Fotos-Blog-CINC-WordPress-17-1-1-1024x576.webp",960,540,true],"1536x1536":["https:\/\/www.cinc.com\/wp-content\/uploads\/Fotos-Blog-CINC-WordPress-17-1-1-1536x864.webp",1536,864,true],"2048x2048":["https:\/\/www.cinc.com\/wp-content\/uploads\/Fotos-Blog-CINC-WordPress-17-1-1.webp",1920,1080,false],"gform-image-choice-sm":["https:\/\/www.cinc.com\/wp-content\/uploads\/Fotos-Blog-CINC-WordPress-17-1-1.webp",300,169,false],"gform-image-choice-md":["https:\/\/www.cinc.com\/wp-content\/uploads\/Fotos-Blog-CINC-WordPress-17-1-1.webp",400,225,false],"gform-image-choice-lg":["https:\/\/www.cinc.com\/wp-content\/uploads\/Fotos-Blog-CINC-WordPress-17-1-1.webp",600,338,false]},"uagb_author_info":{"display_name":"F\u00e0tima Duran","author_link":"https:\/\/www.cinc.com\/ca\/author\/fatima\/"},"uagb_comment_info":0,"uagb_excerpt":"El 28 d'octubre de 2024, es va publicar l'Ordre Ministerial HAC\/1177\/2024, que estableix el Reglament Verifactu per a la implementaci\u00f3 de la factura electr\u00f2nica a Espanya. Tens dubtes sobre l'entrada en vigor del reglament Veri*factu? Segueix llegint!","jetpack_sharing_enabled":true,"_links":{"self":[{"href":"https:\/\/www.cinc.com\/ca\/wp-json\/wp\/v2\/posts\/27435","targetHints":{"allow":["GET"]}}],"collection":[{"href":"https:\/\/www.cinc.com\/ca\/wp-json\/wp\/v2\/posts"}],"about":[{"href":"https:\/\/www.cinc.com\/ca\/wp-json\/wp\/v2\/types\/post"}],"author":[{"embeddable":true,"href":"https:\/\/www.cinc.com\/ca\/wp-json\/wp\/v2\/users\/8"}],"replies":[{"embeddable":true,"href":"https:\/\/www.cinc.com\/ca\/wp-json\/wp\/v2\/comments?post=27435"}],"version-history":[{"count":5,"href":"https:\/\/www.cinc.com\/ca\/wp-json\/wp\/v2\/posts\/27435\/revisions"}],"predecessor-version":[{"id":27451,"href":"https:\/\/www.cinc.com\/ca\/wp-json\/wp\/v2\/posts\/27435\/revisions\/27451"}],"wp:featuredmedia":[{"embeddable":true,"href":"https:\/\/www.cinc.com\/ca\/wp-json\/wp\/v2\/media\/27436"}],"wp:attachment":[{"href":"https:\/\/www.cinc.com\/ca\/wp-json\/wp\/v2\/media?parent=27435"}],"wp:term":[{"taxonomy":"category","embeddable":true,"href":"https:\/\/www.cinc.com\/ca\/wp-json\/wp\/v2\/categories?post=27435"},{"taxonomy":"post_tag","embeddable":true,"href":"https:\/\/www.cinc.com\/ca\/wp-json\/wp\/v2\/tags?post=27435"}],"curies":[{"name":"wp","href":"https:\/\/api.w.org\/{rel}","templated":true}]}}