{"id":2735,"date":"2020-04-07T00:00:00","date_gmt":"2020-04-07T00:00:00","guid":{"rendered":"https:\/\/www.cinc.com\/ampliacio-dels-terminis-del-pagament-de-taxes-i-impostos-de-lajuntament-de-barcelona\/"},"modified":"2025-05-02T11:44:02","modified_gmt":"2025-05-02T10:44:02","slug":"ampliacio-dels-terminis-del-pagament-de-taxes-i-impostos-de-lajuntament-de-barcelona","status":"publish","type":"post","link":"https:\/\/www.cinc.com\/ca\/ampliacio-dels-terminis-del-pagament-de-taxes-i-impostos-de-lajuntament-de-barcelona\/","title":{"rendered":"Ampliaci\u00f3 dels terminis del pagament de taxes i impostos de l\u2019Ajuntament de Barcelona"},"content":{"rendered":"<div style=\"text-align: justify;\">L\u2019Ajuntament de Barcelona ha aprovat l\u2019ajornament de taxes i tributs municipals en motiu de la declaraci\u00f3 d\u2019estat d\u2019alarma pel COVID19. D\u2019aquesta manera, calendari fiscal 2020 queda modificat en els seg\u00fcents termes:<\/div>\n<div style=\"text-align: justify;\"><\/div>\n<div style=\"text-align: justify;\"><a href=\"https:\/\/w123.bcn.cat\/APPS\/egaseta\/cercaAvancada.do?reqCode=downloadFile&amp;publicacionsId=19522\" target=\"_blank\" rel=\"noopener\">&gt; Veure annex amb el calendari complet<\/a><\/div>\n<div style=\"text-align: justify;\"><\/div>\n<div style=\"text-align: justify;\"><strong>Impost de b\u00e9ns immobles (IBI)<\/strong><\/div>\n<div style=\"text-align: justify;\"><\/div>\n<div style=\"text-align: justify;\">a) Rebuts domiciliats (pagament en quatre terminis):<\/div>\n<div style=\"text-align: justify;\">1\u00aa fracci\u00f3: 3 de mar\u00e7<\/div>\n<div style=\"text-align: justify;\">2\u00aa fracci\u00f3: 3 de juliol<\/div>\n<div style=\"text-align: justify;\">3\u00aa fracci\u00f3: 3 de setembre<\/div>\n<div style=\"text-align: justify;\">4\u00aa fracci\u00f3: 3 de desembre<\/div>\n<div style=\"text-align: justify;\">b) Rebuts no domiciliats (pagament anual): de l\u20191 de mar\u00e7 al 3 de juliol, ambd\u00f3s inclosos.<\/div>\n<div style=\"text-align: justify;\">c) Data de pagament padr\u00f3 electr\u00f2nic: 3 de juliol.<\/div>\n<div style=\"text-align: justify;\"><\/div>\n<div style=\"text-align: justify;\"><strong>Taxa de terrasses<\/strong><\/div>\n<div style=\"text-align: justify;\"><\/div>\n<div style=\"text-align: justify;\">Els rebuts no pagats quedaran anul\u00b7lats i totes les quotes es giraran de nou al mes d\u2019octubre, amb el corresponent descompte dels rebuts de 2020 pel\u00a0 temps que les terrasses han tancat en motiu de la declaraci\u00f3 d\u2019estat d\u2019alarma.<\/div>\n<div style=\"text-align: justify;\"><\/div>\n<div style=\"text-align: justify;\">Els contribuents que ja hagin pagat el rebut del 2020, hauran de sol\u00b7licitar la devoluci\u00f3 al per\u00edode de tancament per l\u2019estat d\u2019alarma.<\/div>\n<div style=\"text-align: justify;\"><\/div>\n<div style=\"text-align: justify;\"><strong>Impost sobre vehicles de tracci\u00f3 mec\u00e0nica<\/strong><\/div>\n<div style=\"text-align: justify;\"><\/div>\n<div style=\"text-align: justify;\">a) Rebuts domiciliats: 3 de juliol<\/div>\n<div style=\"text-align: justify;\">b) Rebuts no domiciliats: del 15 d\u2019abril al 3 de juliol, ambd\u00f3s inclosos.<\/div>\n<div style=\"text-align: justify;\">c) Data de pagament padr\u00f3 electr\u00f2nic: 3 de juliol<\/div>\n<div style=\"text-align: justify;\"><\/div>\n<div style=\"text-align: justify;\"><strong>Impost sobre l\u2019increment de valor dels terrenys de naturalesa urbana (plusv\u00e0lua)<\/strong><\/div>\n<div style=\"text-align: justify;\"><\/div>\n<div style=\"text-align: justify;\">Actes inter vivos:<\/div>\n<div style=\"text-align: justify;\">30 dies h\u00e0bils a partir de la data de transmissi\u00f3.<\/div>\n<div style=\"text-align: justify;\"><\/div>\n<div style=\"text-align: justify;\">Actes mortis causa:<\/div>\n<div style=\"text-align: justify;\">6 mesos a partir de la data de defunci\u00f3 (her\u00e8ncies), o 12 mesos si s\u2019ha demanat pr\u00f2rroga dintre dels 6 primers mesos.<\/div>\n<div style=\"text-align: justify;\"><\/div>\n<div style=\"text-align: justify;\">Es prorrogar\u00e0 fins al 3 de juliol els terminis de pagament de les autoliquidacions amb per\u00edode voluntari de pagament i data final de pagament posterior al 18 de mar\u00e7.<\/div>\n<div style=\"text-align: justify;\"><\/div>\n<div style=\"text-align: justify;\">\n<h2 class=\"h2Noticia\">Apertura de l&#8217;Oficina Tribut\u00e0ria Virtual<\/h2>\n<hr \/>\n<\/div>\n<div style=\"text-align: justify;\">Recordem que l\u2019atenci\u00f3 presencial a l\u2019Institut Municipal d\u2019Hisenda resta tancada pel compliment del decret d\u2019alarma. Per a resoluci\u00f3 de dubtes, s\u2019ha creat una\u00a0oficina tribut\u00e0ria virtual\u00a0per resoldre els dubtes de la ciutadania a trav\u00e9s de la p\u00e0gina web d\u2019Hisenda.<\/div>\n<div style=\"text-align: justify;\"><\/div>\n","protected":false},"excerpt":{"rendered":"<p>\n\tL&rsquo;Ajuntament de Barcelona ha aprovat l&rsquo;ajornament de taxes i tributs municipals en motiu de la declaraci&oacute; d&rsquo;estat d&rsquo;alarma pel COVID19. D&rsquo;aquesta manera, calendari fiscal 2020 queda modificat en els seg&uuml;ents termes:&nbsp;<\/p>\n","protected":false},"author":2,"featured_media":2736,"comment_status":"open","ping_status":"open","sticky":false,"template":"","format":"standard","meta":{"_acf_changed":false,"_uag_custom_page_level_css":"","_jetpack_memberships_contains_paid_content":false,"footnotes":""},"categories":[18],"tags":[],"class_list":["post-2735","post","type-post","status-publish","format-standard","has-post-thumbnail","hentry","category-assessoria"],"acf":[],"jetpack_featured_media_url":"https:\/\/www.cinc.com\/wp-content\/uploads\/2023\/03\/837.jpg","uagb_featured_image_src":{"full":["https:\/\/www.cinc.com\/wp-content\/uploads\/2023\/03\/837.jpg",1113,361,false],"thumbnail":["https:\/\/www.cinc.com\/wp-content\/uploads\/2023\/03\/837.jpg",150,49,false],"medium":["https:\/\/www.cinc.com\/wp-content\/uploads\/2023\/03\/837.jpg",300,97,false],"medium_large":["https:\/\/www.cinc.com\/wp-content\/uploads\/2023\/03\/837.jpg",768,249,false],"large":["https:\/\/www.cinc.com\/wp-content\/uploads\/2023\/03\/837.jpg",960,311,false],"1536x1536":["https:\/\/www.cinc.com\/wp-content\/uploads\/2023\/03\/837.jpg",1113,361,false],"2048x2048":["https:\/\/www.cinc.com\/wp-content\/uploads\/2023\/03\/837.jpg",1113,361,false],"gform-image-choice-sm":["https:\/\/www.cinc.com\/wp-content\/uploads\/2023\/03\/837.jpg",300,97,false],"gform-image-choice-md":["https:\/\/www.cinc.com\/wp-content\/uploads\/2023\/03\/837.jpg",400,130,false],"gform-image-choice-lg":["https:\/\/www.cinc.com\/wp-content\/uploads\/2023\/03\/837.jpg",600,195,false]},"uagb_author_info":{"display_name":"Utrans","author_link":"https:\/\/www.cinc.com\/ca\/author\/utrans\/"},"uagb_comment_info":0,"uagb_excerpt":"L&rsquo;Ajuntament de Barcelona ha aprovat l&rsquo;ajornament de taxes i tributs municipals en motiu de la declaraci&oacute; d&rsquo;estat d&rsquo;alarma pel COVID19. D&rsquo;aquesta manera, calendari fiscal 2020 queda modificat en els seg&uuml;ents termes:&nbsp;","jetpack_sharing_enabled":true,"_links":{"self":[{"href":"https:\/\/www.cinc.com\/ca\/wp-json\/wp\/v2\/posts\/2735","targetHints":{"allow":["GET"]}}],"collection":[{"href":"https:\/\/www.cinc.com\/ca\/wp-json\/wp\/v2\/posts"}],"about":[{"href":"https:\/\/www.cinc.com\/ca\/wp-json\/wp\/v2\/types\/post"}],"author":[{"embeddable":true,"href":"https:\/\/www.cinc.com\/ca\/wp-json\/wp\/v2\/users\/2"}],"replies":[{"embeddable":true,"href":"https:\/\/www.cinc.com\/ca\/wp-json\/wp\/v2\/comments?post=2735"}],"version-history":[{"count":1,"href":"https:\/\/www.cinc.com\/ca\/wp-json\/wp\/v2\/posts\/2735\/revisions"}],"predecessor-version":[{"id":29813,"href":"https:\/\/www.cinc.com\/ca\/wp-json\/wp\/v2\/posts\/2735\/revisions\/29813"}],"wp:featuredmedia":[{"embeddable":true,"href":"https:\/\/www.cinc.com\/ca\/wp-json\/wp\/v2\/media\/2736"}],"wp:attachment":[{"href":"https:\/\/www.cinc.com\/ca\/wp-json\/wp\/v2\/media?parent=2735"}],"wp:term":[{"taxonomy":"category","embeddable":true,"href":"https:\/\/www.cinc.com\/ca\/wp-json\/wp\/v2\/categories?post=2735"},{"taxonomy":"post_tag","embeddable":true,"href":"https:\/\/www.cinc.com\/ca\/wp-json\/wp\/v2\/tags?post=2735"}],"curies":[{"name":"wp","href":"https:\/\/api.w.org\/{rel}","templated":true}]}}