{"id":27149,"date":"2024-10-18T14:02:48","date_gmt":"2024-10-18T13:02:48","guid":{"rendered":"https:\/\/www.cinc.com\/?p=27149"},"modified":"2024-10-18T14:02:49","modified_gmt":"2024-10-18T13:02:49","slug":"cotitzacio-addicional-de-solidaritat-com-afectara-les-rendes-mes-altes-a-partir-del-2025","status":"publish","type":"post","link":"https:\/\/www.cinc.com\/ca\/cotitzacio-addicional-de-solidaritat-com-afectara-les-rendes-mes-altes-a-partir-del-2025\/","title":{"rendered":"Cotitzaci\u00f3 addicional de solidaritat: com afectar\u00e0 les rendes m\u00e9s altes a partir del 2025?"},"content":{"rendered":"\n<p>L&#8217;1 de gener del 2025, Espanya introduir\u00e0 la cotitzaci\u00f3 addicional de solidaritat per a les rendes m\u00e9s altes, segons el que estableix la reforma del sistema de pensions del 2023. Aquesta nova quota afectar\u00e0 els que guanyin per sobre de la base m\u00e0xima de cotitzaci\u00f3 i t\u00e9 com a objectiu refor\u00e7ar la sostenibilitat del sistema de pensions. La normativa estableix com s&#8217;aplicar\u00e0 aquesta contribuci\u00f3 i qui afectar\u00e0.<\/p>\n\n\n\n<h2 class=\"wp-block-heading\">Com funcionar\u00e0 la cotitzaci\u00f3 addicional de solidaritat?<\/h2>\n\n\n\n<p>La nova cotitzaci\u00f3 afectar\u00e0 els treballadors els ingressos dels quals superin la base m\u00e0xima de cotitzaci\u00f3, establerta actualment en 4.495 euros mensuals per al 2024. La cotitzaci\u00f3 no reempla\u00e7ar\u00e0 la contribuci\u00f3 regular dels treballadors, sin\u00f3 que se sumar\u00e0 a les quotes ja existents.<\/p>\n\n\n\n<p>La cotitzaci\u00f3 addicional estar\u00e0 estructurada en tres trams, depenent de quant excedeixin els ingressos respecte a la base m\u00e0xima de cotitzaci\u00f3:<\/p>\n\n\n\n<p><strong>1. Primer tram:<\/strong><\/p>\n\n\n\n<p>Per a aquells que guanyin entre l&#8217;1% i el 10% per sobre de la base m\u00e0xima (entre 4.495,01 i 4.944,5 euros mensuals el 2024), la quota de solidaritat ser\u00e0 del 5,5% sobre la quantitat excedent.<\/p>\n\n\n\n<p><strong>2. Segon tram:<\/strong><\/p>\n\n\n\n<p>Els ingressos que superin entre un 10 i un 50% la base m\u00e0xima (\u00e9s a dir, entre 4.944,51 i 6.742,5 euros mensuals) estaran subjectes a una cotitzaci\u00f3 del 6% sobre l&#8217;import addicional.<\/p>\n\n\n\n<p><strong>3. Tercer tram:<\/strong><\/p>\n\n\n\n<p>Els salaris que superin en m\u00e9s d&#8217;un 50% la base m\u00e0xima (m\u00e9s de 6.742,5 euros mensuals) tenen una cotitzaci\u00f3 del 7% sobre aquesta quantitat excedent.<\/p>\n\n\n\n<h2 class=\"wp-block-heading\">Qu\u00e8 implica aquesta cotitzaci\u00f3 addicional per als treballadors?<\/h2>\n\n\n\n<p>Aquesta aportaci\u00f3 addicional no genera drets addicionals sobre la pensi\u00f3 futura dels cotitzants. \u00c9s a dir, encara que els treballadors amb rendes m\u00e9s altes estaran obligats a contribuir m\u00e9s al sistema de seguretat social, no veuran augmentada la pensi\u00f3 en conseq\u00fc\u00e8ncia. La mesura s&#8217;ha dissenyat per tal que els que percebin ingressos m\u00e9s elevats ajudin a finan\u00e7ar el sistema sense obtenir beneficis extra.<\/p>\n\n\n\n<h2 class=\"wp-block-heading\">Per qu\u00e8 s&#8217;introdueix aquesta mesura?<\/h2>\n\n\n\n<p>La cotitzaci\u00f3 addicional de solidaritat respon a la necessitat de mantenir el sistema de pensions sostenible, especialment en un context en qu\u00e8 la poblaci\u00f3 espanyola est\u00e0 envellint i el nombre de jubilats augmenta progressivament. Segons el Ministeri d&#8217;Inclusi\u00f3, Seguretat Social i Migracions, aquest nou mecanisme \u00e9s una manera de redistribuir les c\u00e0rregues del sistema, sense que aix\u00f2 afecti els treballadors amb salaris m\u00e9s baixos.<\/p>\n\n\n\n<h2 class=\"wp-block-heading\">Quines implicacions per a les empreses?<\/h2>\n\n\n\n<p>Les empreses tamb\u00e9 s&#8217;hauran d&#8217;adaptar a aquest canvi, ja que ser\u00e0 responsabilitat gestionar i aplicar correctament aquesta nova quota en els seus sistemes de cotitzaci\u00f3. Aquelles amb empleats que superin la base m\u00e0xima hauran d&#8217;estar preparades per implementar aquests canvis abans que la mesura entri en vigor el 2025.<\/p>\n\n\n\n<p>En definitiva, la cotitzaci\u00f3 addicional de solidaritat representa un esfor\u00e7 per part del Govern per assegurar la sostenibilitat del sistema de pensions i involucra les rendes m\u00e9s altes en el manteniment d&#8217;un pilar fonamental de l&#8217;estat de benestar.<\/p>\n\n\n\n<p>Per a m\u00e9s informaci\u00f3, no dubtis a posar-te en <a href=\"https:\/\/www.cinc.com\/ca\/contacte\/\">contacte<\/a> amb el <a href=\"https:\/\/www.cinc.com\/ca\/assessoria-dempreses\/assessoria-fiscal\/\">Departament Fiscal<\/a>.<\/p>\n\n\n\n<p><\/p>\n","protected":false},"excerpt":{"rendered":"<p>L&#8217;1 de gener del 2025, Espanya introduir\u00e0 la cotitzaci\u00f3 addicional de solidaritat per a les rendes m\u00e9s altes. Vols saber com afectar\u00e0 les empreses? Segueix llegint!<\/p>\n","protected":false},"author":8,"featured_media":27155,"comment_status":"open","ping_status":"open","sticky":false,"template":"","format":"standard","meta":{"_acf_changed":false,"_uag_custom_page_level_css":"","_jetpack_memberships_contains_paid_content":false,"footnotes":""},"categories":[1],"tags":[],"class_list":["post-27149","post","type-post","status-publish","format-standard","has-post-thumbnail","hentry","category-uncategorized-ca"],"acf":[],"jetpack_featured_media_url":"https:\/\/www.cinc.com\/wp-content\/uploads\/cotizacion-solidaridad-1.webp","uagb_featured_image_src":{"full":["https:\/\/www.cinc.com\/wp-content\/uploads\/cotizacion-solidaridad-1.webp",1920,1080,false],"thumbnail":["https:\/\/www.cinc.com\/wp-content\/uploads\/cotizacion-solidaridad-1-150x150.webp",150,150,true],"medium":["https:\/\/www.cinc.com\/wp-content\/uploads\/cotizacion-solidaridad-1-300x169.webp",300,169,true],"medium_large":["https:\/\/www.cinc.com\/wp-content\/uploads\/cotizacion-solidaridad-1-768x432.webp",768,432,true],"large":["https:\/\/www.cinc.com\/wp-content\/uploads\/cotizacion-solidaridad-1-1024x576.webp",960,540,true],"1536x1536":["https:\/\/www.cinc.com\/wp-content\/uploads\/cotizacion-solidaridad-1-1536x864.webp",1536,864,true],"2048x2048":["https:\/\/www.cinc.com\/wp-content\/uploads\/cotizacion-solidaridad-1.webp",1920,1080,false],"gform-image-choice-sm":["https:\/\/www.cinc.com\/wp-content\/uploads\/cotizacion-solidaridad-1.webp",300,169,false],"gform-image-choice-md":["https:\/\/www.cinc.com\/wp-content\/uploads\/cotizacion-solidaridad-1.webp",400,225,false],"gform-image-choice-lg":["https:\/\/www.cinc.com\/wp-content\/uploads\/cotizacion-solidaridad-1.webp",600,338,false]},"uagb_author_info":{"display_name":"F\u00e0tima Duran","author_link":"https:\/\/www.cinc.com\/ca\/author\/fatima\/"},"uagb_comment_info":0,"uagb_excerpt":"L'1 de gener del 2025, Espanya introduir\u00e0 la cotitzaci\u00f3 addicional de solidaritat per a les rendes m\u00e9s altes. Vols saber com afectar\u00e0 les empreses? Segueix llegint!","jetpack_sharing_enabled":true,"_links":{"self":[{"href":"https:\/\/www.cinc.com\/ca\/wp-json\/wp\/v2\/posts\/27149","targetHints":{"allow":["GET"]}}],"collection":[{"href":"https:\/\/www.cinc.com\/ca\/wp-json\/wp\/v2\/posts"}],"about":[{"href":"https:\/\/www.cinc.com\/ca\/wp-json\/wp\/v2\/types\/post"}],"author":[{"embeddable":true,"href":"https:\/\/www.cinc.com\/ca\/wp-json\/wp\/v2\/users\/8"}],"replies":[{"embeddable":true,"href":"https:\/\/www.cinc.com\/ca\/wp-json\/wp\/v2\/comments?post=27149"}],"version-history":[{"count":2,"href":"https:\/\/www.cinc.com\/ca\/wp-json\/wp\/v2\/posts\/27149\/revisions"}],"predecessor-version":[{"id":27159,"href":"https:\/\/www.cinc.com\/ca\/wp-json\/wp\/v2\/posts\/27149\/revisions\/27159"}],"wp:featuredmedia":[{"embeddable":true,"href":"https:\/\/www.cinc.com\/ca\/wp-json\/wp\/v2\/media\/27155"}],"wp:attachment":[{"href":"https:\/\/www.cinc.com\/ca\/wp-json\/wp\/v2\/media?parent=27149"}],"wp:term":[{"taxonomy":"category","embeddable":true,"href":"https:\/\/www.cinc.com\/ca\/wp-json\/wp\/v2\/categories?post=27149"},{"taxonomy":"post_tag","embeddable":true,"href":"https:\/\/www.cinc.com\/ca\/wp-json\/wp\/v2\/tags?post=27149"}],"curies":[{"name":"wp","href":"https:\/\/api.w.org\/{rel}","templated":true}]}}