{"id":27128,"date":"2024-10-18T12:58:39","date_gmt":"2024-10-18T11:58:39","guid":{"rendered":"https:\/\/www.cinc.com\/?p=27128"},"modified":"2024-10-18T13:01:19","modified_gmt":"2024-10-18T12:01:19","slug":"cinc-es-suma-al-dia-mundial-del-cancer-de-mama-amb-accions-de-visibilitzacio","status":"publish","type":"post","link":"https:\/\/www.cinc.com\/ca\/cinc-es-suma-al-dia-mundial-del-cancer-de-mama-amb-accions-de-visibilitzacio\/","title":{"rendered":"CINC es suma al Dia Mundial del C\u00e0ncer de Mama amb accions de visibilitzaci\u00f3"},"content":{"rendered":"\n<p><\/p>\n\n\n\n<p>En el marc de la Setmana Contra el C\u00e0ncer de Mama, CINC s&#8217;uneix a la causa global il\u00b7luminant els seus edificis de rosa i afegint altres elements visuals en suport a les persones afectades per aquesta malaltia. A les seus de CINC a Girona i Figueres, s&#8217;han instal\u00b7lat paraig\u00fces roses a les entrades com a s\u00edmbol de suport a la lluita contra el c\u00e0ncer de mama, i s&#8217;ha il\u00b7luminat la seva emblem\u00e0tica torre del rellotge de Girona per recordar la import\u00e0ncia de la prevenci\u00f3.<\/p>\n\n\n\n<p>El c\u00e0ncer de mama \u00e9s el tumor m\u00e9s freq\u00fcent en les dones, amb unes xifres preocupants a Catalunya: cada any es diagnostiquen m\u00e9s de 4.500 casos nous, sent Girona una de les prov\u00edncies amb una alta prevalen\u00e7a. Davant d&#8217;aquesta realitat, la conscienciaci\u00f3 sobre la detecci\u00f3 preco\u00e7 i la prevenci\u00f3 esdev\u00e9 fonamental. En aquest sentit, CINC vol destacar la import\u00e0ncia d\u2019h\u00e0bits senzills com l\u2019autoexploraci\u00f3 mam\u00e0ria regular, un gest que pot salvar vides si es detecten canvis sospitosos amb antelaci\u00f3. Tamb\u00e9 \u00e9s crucial no oblidar la realitzaci\u00f3 de revisions peri\u00f2diques i consultar un especialista davant qualsevol dubte.<\/p>\n\n\n\n<p>A m\u00e9s, CINC reafirma el seu comprom\u00eds amb la lluita contra el c\u00e0ncer participant aquest any a l&#8217;Oncogravel de Girona, una iniciativa solid\u00e0ria que tindr\u00e0 lloc el pr\u00f2xim 8 de novembre. Aquest esdeveniment reuneix ciclistes amb l&#8217;objectiu de recaptar fons per a la investigaci\u00f3 contra el c\u00e0ncer, i la seva participaci\u00f3 \u00e9s un altre exemple de l&#8217;aposta de CINC per la salut i el benestar de les persones.<\/p>\n\n\n\n<p><strong>CINC<\/strong> mant\u00e9 un ferm comprom\u00eds amb la salut i el benestar de les persones, treballant activament en accions que promouen la prevenci\u00f3 i la millora de la qualitat de vida, tant a trav\u00e9s de campanyes de sensibilitzaci\u00f3 com mitjan\u00e7ant el suport a esdeveniments solidaris.<\/p>\n\n\n\n<p><\/p>\n","protected":false},"excerpt":{"rendered":"<p>CINC se suma al Dia Mundial del C\u00e0ncer de Mama il\u00b7luminant els seus edificis de rosa i instal\u00b7lant paraig\u00fces roses com a s\u00edmbol de suport. Descobreix com CINC promou h\u00e0bits que poden salvar vides i el seu comprom\u00eds amb la salut.<\/p>\n","protected":false},"author":8,"featured_media":27135,"comment_status":"open","ping_status":"open","sticky":false,"template":"","format":"standard","meta":{"_acf_changed":false,"_uag_custom_page_level_css":"","_jetpack_memberships_contains_paid_content":false,"footnotes":""},"categories":[24],"tags":[129],"class_list":["post-27128","post","type-post","status-publish","format-standard","has-post-thumbnail","hentry","category-grup-cinc","tag-grup-cinc"],"acf":[],"jetpack_featured_media_url":"https:\/\/www.cinc.com\/wp-content\/uploads\/Fotos-Blog-CINC-WordPress-15-2.webp","uagb_featured_image_src":{"full":["https:\/\/www.cinc.com\/wp-content\/uploads\/Fotos-Blog-CINC-WordPress-15-2.webp",1920,1080,false],"thumbnail":["https:\/\/www.cinc.com\/wp-content\/uploads\/Fotos-Blog-CINC-WordPress-15-2-150x150.webp",150,150,true],"medium":["https:\/\/www.cinc.com\/wp-content\/uploads\/Fotos-Blog-CINC-WordPress-15-2-300x169.webp",300,169,true],"medium_large":["https:\/\/www.cinc.com\/wp-content\/uploads\/Fotos-Blog-CINC-WordPress-15-2-768x432.webp",768,432,true],"large":["https:\/\/www.cinc.com\/wp-content\/uploads\/Fotos-Blog-CINC-WordPress-15-2-1024x576.webp",960,540,true],"1536x1536":["https:\/\/www.cinc.com\/wp-content\/uploads\/Fotos-Blog-CINC-WordPress-15-2-1536x864.webp",1536,864,true],"2048x2048":["https:\/\/www.cinc.com\/wp-content\/uploads\/Fotos-Blog-CINC-WordPress-15-2.webp",1920,1080,false],"gform-image-choice-sm":["https:\/\/www.cinc.com\/wp-content\/uploads\/Fotos-Blog-CINC-WordPress-15-2.webp",300,169,false],"gform-image-choice-md":["https:\/\/www.cinc.com\/wp-content\/uploads\/Fotos-Blog-CINC-WordPress-15-2.webp",400,225,false],"gform-image-choice-lg":["https:\/\/www.cinc.com\/wp-content\/uploads\/Fotos-Blog-CINC-WordPress-15-2.webp",600,338,false]},"uagb_author_info":{"display_name":"F\u00e0tima Duran","author_link":"https:\/\/www.cinc.com\/ca\/author\/fatima\/"},"uagb_comment_info":0,"uagb_excerpt":"CINC se suma al Dia Mundial del C\u00e0ncer de Mama il\u00b7luminant els seus edificis de rosa i instal\u00b7lant paraig\u00fces roses com a s\u00edmbol de suport. Descobreix com CINC promou h\u00e0bits que poden salvar vides i el seu comprom\u00eds amb la salut.","jetpack_sharing_enabled":true,"_links":{"self":[{"href":"https:\/\/www.cinc.com\/ca\/wp-json\/wp\/v2\/posts\/27128","targetHints":{"allow":["GET"]}}],"collection":[{"href":"https:\/\/www.cinc.com\/ca\/wp-json\/wp\/v2\/posts"}],"about":[{"href":"https:\/\/www.cinc.com\/ca\/wp-json\/wp\/v2\/types\/post"}],"author":[{"embeddable":true,"href":"https:\/\/www.cinc.com\/ca\/wp-json\/wp\/v2\/users\/8"}],"replies":[{"embeddable":true,"href":"https:\/\/www.cinc.com\/ca\/wp-json\/wp\/v2\/comments?post=27128"}],"version-history":[{"count":2,"href":"https:\/\/www.cinc.com\/ca\/wp-json\/wp\/v2\/posts\/27128\/revisions"}],"predecessor-version":[{"id":27142,"href":"https:\/\/www.cinc.com\/ca\/wp-json\/wp\/v2\/posts\/27128\/revisions\/27142"}],"wp:featuredmedia":[{"embeddable":true,"href":"https:\/\/www.cinc.com\/ca\/wp-json\/wp\/v2\/media\/27135"}],"wp:attachment":[{"href":"https:\/\/www.cinc.com\/ca\/wp-json\/wp\/v2\/media?parent=27128"}],"wp:term":[{"taxonomy":"category","embeddable":true,"href":"https:\/\/www.cinc.com\/ca\/wp-json\/wp\/v2\/categories?post=27128"},{"taxonomy":"post_tag","embeddable":true,"href":"https:\/\/www.cinc.com\/ca\/wp-json\/wp\/v2\/tags?post=27128"}],"curies":[{"name":"wp","href":"https:\/\/api.w.org\/{rel}","templated":true}]}}