{"id":27102,"date":"2024-10-18T13:15:51","date_gmt":"2024-10-18T12:15:51","guid":{"rendered":"https:\/\/www.cinc.com\/?p=27102"},"modified":"2024-10-18T13:15:52","modified_gmt":"2024-10-18T12:15:52","slug":"hisenda-obligara-els-aturats-a-presentar-la-declaracio-de-la-renda-a-partir-de-lany-que-ve","status":"publish","type":"post","link":"https:\/\/www.cinc.com\/ca\/hisenda-obligara-els-aturats-a-presentar-la-declaracio-de-la-renda-a-partir-de-lany-que-ve\/","title":{"rendered":"Hisenda obligar\u00e0 els aturats a presentar la declaraci\u00f3 de la Renda a partir de l&#8217;any que ve"},"content":{"rendered":"\n<p><\/p>\n\n\n\n<p>L&#8217;Ag\u00e8ncia Tribut\u00e0ria ha establert una nova obligaci\u00f3 per als beneficiaris de prestacions per atur: a partir del pr\u00f2xim any, hauran de presentar la declaraci\u00f3 de la Renda, independentment dels seus ingressos. Aquesta mesura, que forma part d&#8217;un Reial decret-llei aprovat al maig, entrar\u00e0 en vigor l&#8217;1 de novembre i afectar\u00e0 aquells que hagin cobrat l&#8217;atur durant l&#8217;any.<\/p>\n\n\n\n<p><\/p>\n\n\n\n<h2 class=\"wp-block-heading\">Qui est\u00e0 obligat a presentar la Renda?<\/h2>\n\n\n\n<p>Tradicionalment, els contribuents estan exempts de presentar la declaraci\u00f3 si els seus ingressos s\u00f3n inferiors a 22.000 euros anuals. No obstant aix\u00f2, amb aquesta nova normativa, els aturats hauran de declarar fins i tot si estan per sota d&#8217;aquest llindar. Per aquells amb m\u00e9s d&#8217;un pagador, el l\u00edmit es redueix a 15.876 euros, sempre que la suma del que percebi pel segon pagador no superi els 1.500 euros anuals.<\/p>\n\n\n\n<p>Aquesta iniciativa busca incrementar el control sobre els contribuents i se suma a una obligaci\u00f3 similar ja establerta per als aut\u00f2noms, que han de presentar la seva declaraci\u00f3 independentment de les seves guanys. S&#8217;estima que aquesta normativa impactar\u00e0 al voltant de 200.000 treballadors aut\u00f2noms.<\/p>\n\n\n\n<p><\/p>\n\n\n\n<h2 class=\"wp-block-heading\">Quan s&#8217;aplicar\u00e0 aquesta obligaci\u00f3?<\/h2>\n\n\n\n<p>La mesura s&#8217;aplicar\u00e0 a la declaraci\u00f3 de la Renda de 2024, que es presentar\u00e0 a la primavera de 2025. Un dels aspectes m\u00e9s preocupants per als beneficiaris \u00e9s que el l&#8217;imcompliment d&#8217;aquesta obligaci\u00f3 comportar\u00e0 la p\u00e8rdua de la prestaci\u00f3 per atur. El text del Reial decret-llei estableix que la suspensi\u00f3 de l&#8217;ajuda s&#8217;activar\u00e0 si l&#8217;entitat gestora detecta que el beneficiari no ha presentat la seva declaraci\u00f3 de l&#8217;Impost sobre la Renda de les Persones F\u00edsiques.<\/p>\n\n\n\n<p><\/p>\n\n\n\n<h2 class=\"wp-block-heading\">Quines sancions s&#8217;aplicaran als que no presentin la Renda?<\/h2>\n\n\n\n<p>Els aturats que no realitzin la declaraci\u00f3 s&#8217;enfrontaran a sancions que varien depenent de si la declaraci\u00f3 els resulta a pagar o a tornar. Si resulta a pagar, la multa podria ser d&#8217;entre el 50% i el 150% del deute. Aquesta multa podria incrementar-se si Hisenda determina que hi ha hagut un perjudici econ\u00f2mic o si l&#8217;incompliment es repeteix. En el cas que la declaraci\u00f3 resulti a tornar i no es presenti, els contribuents tamb\u00e9 s&#8217;arrisquen a multes que podrien arribar als 200 euros. Aix\u00f2 podria portar a situacions en qu\u00e8, si la devoluci\u00f3 \u00e9s menor que la multa, el contribuent podria acabar devent diners a l&#8217;Ag\u00e8ncia Tribut\u00e0ria.<\/p>\n\n\n\n<p>Per a m\u00e9s informaci\u00f3, podeu <a href=\"https:\/\/www.cinc.com\/ca\/contacte\/\">contactar<\/a> amb el <a href=\"https:\/\/www.cinc.com\/ca\/assessoria-dempreses\/assessoria-fiscal\/\">departament fiscal de CINC Assessoria.<\/a><\/p>\n\n\n\n<p><\/p>\n","protected":false},"excerpt":{"rendered":"<p>Atenci\u00f3! A partir de l&#8217;any vinent, Hisenda obligar\u00e0 els aturats a presentar la declaraci\u00f3 de la Renda, sense importar els seus ingressos.<\/p>\n","protected":false},"author":8,"featured_media":27104,"comment_status":"open","ping_status":"open","sticky":false,"template":"","format":"standard","meta":{"_acf_changed":false,"_uag_custom_page_level_css":"","_jetpack_memberships_contains_paid_content":false,"footnotes":""},"categories":[18],"tags":[79],"class_list":["post-27102","post","type-post","status-publish","format-standard","has-post-thumbnail","hentry","category-assessoria","tag-fiscalitat"],"acf":[],"jetpack_featured_media_url":"https:\/\/www.cinc.com\/wp-content\/uploads\/foto-renta-13.webp","uagb_featured_image_src":{"full":["https:\/\/www.cinc.com\/wp-content\/uploads\/foto-renta-13.webp",1920,1080,false],"thumbnail":["https:\/\/www.cinc.com\/wp-content\/uploads\/foto-renta-13-150x150.webp",150,150,true],"medium":["https:\/\/www.cinc.com\/wp-content\/uploads\/foto-renta-13-300x169.webp",300,169,true],"medium_large":["https:\/\/www.cinc.com\/wp-content\/uploads\/foto-renta-13-768x432.webp",768,432,true],"large":["https:\/\/www.cinc.com\/wp-content\/uploads\/foto-renta-13-1024x576.webp",960,540,true],"1536x1536":["https:\/\/www.cinc.com\/wp-content\/uploads\/foto-renta-13-1536x864.webp",1536,864,true],"2048x2048":["https:\/\/www.cinc.com\/wp-content\/uploads\/foto-renta-13.webp",1920,1080,false],"gform-image-choice-sm":["https:\/\/www.cinc.com\/wp-content\/uploads\/foto-renta-13.webp",300,169,false],"gform-image-choice-md":["https:\/\/www.cinc.com\/wp-content\/uploads\/foto-renta-13.webp",400,225,false],"gform-image-choice-lg":["https:\/\/www.cinc.com\/wp-content\/uploads\/foto-renta-13.webp",600,338,false]},"uagb_author_info":{"display_name":"F\u00e0tima Duran","author_link":"https:\/\/www.cinc.com\/ca\/author\/fatima\/"},"uagb_comment_info":0,"uagb_excerpt":"Atenci\u00f3! A partir de l'any vinent, Hisenda obligar\u00e0 els aturats a presentar la declaraci\u00f3 de la Renda, sense importar els seus ingressos.","jetpack_sharing_enabled":true,"_links":{"self":[{"href":"https:\/\/www.cinc.com\/ca\/wp-json\/wp\/v2\/posts\/27102","targetHints":{"allow":["GET"]}}],"collection":[{"href":"https:\/\/www.cinc.com\/ca\/wp-json\/wp\/v2\/posts"}],"about":[{"href":"https:\/\/www.cinc.com\/ca\/wp-json\/wp\/v2\/types\/post"}],"author":[{"embeddable":true,"href":"https:\/\/www.cinc.com\/ca\/wp-json\/wp\/v2\/users\/8"}],"replies":[{"embeddable":true,"href":"https:\/\/www.cinc.com\/ca\/wp-json\/wp\/v2\/comments?post=27102"}],"version-history":[{"count":4,"href":"https:\/\/www.cinc.com\/ca\/wp-json\/wp\/v2\/posts\/27102\/revisions"}],"predecessor-version":[{"id":27143,"href":"https:\/\/www.cinc.com\/ca\/wp-json\/wp\/v2\/posts\/27102\/revisions\/27143"}],"wp:featuredmedia":[{"embeddable":true,"href":"https:\/\/www.cinc.com\/ca\/wp-json\/wp\/v2\/media\/27104"}],"wp:attachment":[{"href":"https:\/\/www.cinc.com\/ca\/wp-json\/wp\/v2\/media?parent=27102"}],"wp:term":[{"taxonomy":"category","embeddable":true,"href":"https:\/\/www.cinc.com\/ca\/wp-json\/wp\/v2\/categories?post=27102"},{"taxonomy":"post_tag","embeddable":true,"href":"https:\/\/www.cinc.com\/ca\/wp-json\/wp\/v2\/tags?post=27102"}],"curies":[{"name":"wp","href":"https:\/\/api.w.org\/{rel}","templated":true}]}}