{"id":2685,"date":"2020-03-30T00:00:00","date_gmt":"2020-03-30T00:00:00","guid":{"rendered":"https:\/\/www.cinc.com\/covid-19-les-claus-de-la-regulacio-del-permis-retribuit-recuperable-en-les-empreses-declarades-no-essencials\/"},"modified":"2020-03-30T00:00:00","modified_gmt":"2020-03-30T00:00:00","slug":"covid-19-les-claus-de-la-regulacio-del-permis-retribuit-recuperable-en-les-empreses-declarades-no-essencials","status":"publish","type":"post","link":"https:\/\/www.cinc.com\/ca\/covid-19-les-claus-de-la-regulacio-del-permis-retribuit-recuperable-en-les-empreses-declarades-no-essencials\/","title":{"rendered":"COVID-19: Les claus de la regulaci\u00f3 del perm\u00eds retribu\u00eft recuperable en les empreses declarades no essencials"},"content":{"rendered":"<div style=\"text-align: justify;\">\n\tEl Govern ha aprovat en Consell de Ministres extraordinari la suspensi&oacute; del 30 de mar&ccedil; al 9 d&#39;abril -ambd&oacute;s inclosos- de l&#39;activitat d&#39;aquelles empreses declarades no essencials, amb la finalitat d&#39;endurir les restriccions de circulaci&oacute; per frenar l&#39;expansi&oacute; del COVID19.<\/div>\n<div style=\"text-align: justify;\">\n\t&nbsp;<\/div>\n<div style=\"text-align: justify;\">\n\tEn conseq&uuml;&egrave;ncia, del 30 de mar&ccedil; al 9 d&#39;abril, les persones treballadores de les empreses declarades no essencials no podran acudir al seu lloc de treball per prestar els seus serveis. No obstant aix&ograve;, s&iacute; seguiran percebent el seu salari de forma &iacute;ntegra, amb la possibilitat de recuperar les hores de treball no prestades a trav&eacute;s d&#39;un perm&iacute;s retribu&iuml;t recuperable de car&agrave;cter obligatori, que regula el Reial decret llei 10\/2020, de 29 de mar&ccedil;.<\/div>\n<div style=\"text-align: justify;\">\n\t&nbsp;<\/div>\n<div style=\"text-align: justify;\">\n\t<strong>En quins sup&ograve;sits no pot aplicar-se el perm&iacute;s retribu&iuml;t recuperable?<\/strong><\/div>\n<div style=\"text-align: justify;\">\n\t&nbsp;<\/div>\n<div style=\"text-align: justify;\">\n\tLa mesura no s&#39;aplica als seg&uuml;ents grups:<\/div>\n<div style=\"text-align: justify;\">\n\t&nbsp;<\/div>\n<div style=\"text-align: justify;\">\n\t&bull; Treballadors d&rsquo;empreses que desenvolupen activitats identificades com a essencials.<\/div>\n<div style=\"text-align: justify;\">\n\t&bull; Treballadors que ja estaven teletreballant, ni aquells que puguin acollir-se a aquesta modalitat.<\/div>\n<div style=\"text-align: justify;\">\n\t&bull; Treballadors que es trobin en situaci&oacute; d&#39;incapacitat temporal.<\/div>\n<div style=\"text-align: justify;\">\n\t&bull; Treballadors d&#39;empreses hagin sol&middot;licitat o estiguin aplicant un expedient de regulaci&oacute; temporal d&#39;ocupaci&oacute; (ERTO) i aquelles a les quals els sigui autoritzat un expedient de regulaci&oacute; d&#39;ocupaci&oacute; entre el 30 de mar&ccedil; i el 9 d&#39;abril.<\/div>\n<div style=\"text-align: justify;\">\n\t&nbsp;<\/div>\n<div style=\"text-align: justify;\">\n\t<strong>Quines activitats s&oacute;n considerades essencials?<\/strong><\/div>\n<div style=\"text-align: justify;\">\n\t&nbsp;<\/div>\n<div style=\"text-align: justify;\">\n\tSeguiran obertes per considerar-se essencials la relaci&oacute; d&#39;activitats llistades en l&#39;Annex que podeu consultar a sota, que es resumeixen en:<\/div>\n<div style=\"text-align: justify;\">\n\t&nbsp;<\/div>\n<div style=\"text-align: justify;\">\n\t&#8211; Cadenes d&#39;alimentaci&oacute;, inclosa la distribuci&oacute; fins a la destinaci&oacute; final<\/div>\n<div style=\"text-align: justify;\">\n\t&#8211; Restauraci&oacute; amb lliurament de menjar a domicili<\/div>\n<div style=\"text-align: justify;\">\n\t&#8211; Farm&agrave;cies<\/div>\n<div style=\"text-align: justify;\">\n\t&#8211; Productes higi&egrave;nics o sanitaris i m&egrave;dics<\/div>\n<div style=\"text-align: justify;\">\n\t&#8211; Aigua potable, combustibles, autopistes<\/div>\n<div style=\"text-align: justify;\">\n\t&#8211; Forces armades i policia<\/div>\n<div style=\"text-align: justify;\">\n\t&#8211; Treballadors en atenci&oacute; a v&iacute;ctimes de viol&egrave;ncia de g&egrave;nere<\/div>\n<div style=\"text-align: justify;\">\n\t&#8211; Centres atenci&oacute; sanit&agrave;ria d&#39;animals<\/div>\n<div style=\"text-align: justify;\">\n\t&#8211; Treballadors d&#39;atenci&oacute; a immigrants i CETIS<\/div>\n<div style=\"text-align: justify;\">\n\t&#8211; Entitats financeres<\/div>\n<div style=\"text-align: justify;\">\n\t&#8211; Serveis funeraris<\/div>\n<div style=\"text-align: justify;\">\n\t&#8211; Correus i servei postal universal b&agrave;sic<\/div>\n<div style=\"text-align: justify;\">\n\t&#8211; Distribuci&oacute; i lliurament de productes de comer&ccedil; en l&iacute;nia<\/div>\n<div style=\"text-align: justify;\">\n\t&#8211; Serveis de neteja, reparaci&oacute; d&#39;avaries urgents i recollida de residus perillosos<\/div>\n<div style=\"text-align: justify;\">\n\t&#8211; Mitjans de comunicaci&oacute; i meteor&ograve;legs<\/div>\n<div style=\"text-align: justify;\">\n\t&#8211; Activitats legals i administratives:<\/div>\n<ul>\n<li style=\"text-align: justify;\">\n\t\tNotaries<\/li>\n<li style=\"text-align: justify;\">\n\t\tGestories administratives, assessories, despatxos professionals, i assessorament legal, fiscal, empresarial i sociolaboral<\/li>\n<li style=\"text-align: justify;\">\n\t\tTreballadors de Seguretat Social per al pagament de pensions<\/li>\n<li style=\"text-align: justify;\">\n\t\tActivitat sindical i patronal de servei<\/li>\n<\/ul>\n<div style=\"text-align: justify;\">\n\t<a href=\"https:\/\/www.cinc.com\/pubDocs\/Annex%20-%20Llistat%20dactivitats%20essencials.pdf\" target=\"_blank\" rel=\"noopener\">&gt; Veure Annex amb el llistat complet<\/a><\/div>\n<div style=\"text-align: justify;\">\n\t&nbsp;<\/div>\n<div style=\"text-align: justify;\">\n\t<strong>Quin &eacute;s el termini m&agrave;xim per recuperar les hores de treball?<\/strong><\/div>\n<div style=\"text-align: justify;\">\n\t&nbsp;<\/div>\n<div style=\"text-align: justify;\">\n\tDes del moment en qu&egrave; finalitzi l&#39;estat d&#39;alarma, les empreses disposaran fins al 31 de desembre de 2020 perqu&egrave; les seves plantilles puguin recuperar les hores de treball no prestades, en els termes en qu&egrave; s&#39;acordi en la negociaci&oacute; col&middot;lectiva o, en el seu defecte, amb les mateixes persones treballadores.<\/div>\n<div style=\"text-align: justify;\">\n\t&nbsp;<\/div>\n<div style=\"text-align: justify;\">\n\t<strong>Com es pactar&agrave; la recuperaci&oacute; de les hores de treball i quan podr&agrave; realitzar-se?<\/strong><\/div>\n<div style=\"text-align: justify;\">\n\t&nbsp;<\/div>\n<div style=\"text-align: justify;\">\n\tS&#39;ha d&#39;acordar entre l&#39;ocupador i els representants legals de les persones treballadores o, si no, les mateixes persones treballadores. Les persones treballadores han de con&egrave;ixer amb un preav&iacute;s m&iacute;nim de cinc dies el dia i l&#39;hora del temps a recuperar.<\/div>\n<div style=\"text-align: justify;\">\n\t&nbsp;<\/div>\n<div style=\"text-align: justify;\">\n\tPodr&agrave; fer-se efectiva a partir de l&#39;endem&agrave; de la finalitzaci&oacute; de l&#39;estat d&#39;alarma i fins al 31 de desembre de 2020, sempre que es respectin els per&iacute;odes m&iacute;nims de descans diari i setmanal previstos legalment.<\/div>\n<div style=\"text-align: justify;\">\n\t&nbsp;<\/div>\n<div style=\"text-align: justify;\">\n\t<strong>Quina ser&agrave; la retribuci&oacute; durant el perm&iacute;s retribu&iuml;t recuperable?<\/strong><\/div>\n<div style=\"text-align: justify;\">\n\t&nbsp;<\/div>\n<div style=\"text-align: justify;\">\n\tLes persones treballadores conservaran el dret a la retribuci&oacute; que els hagu&eacute;s correspost d&#39;estar prestant serveis amb car&agrave;cter ordinari, incloent salari base i complements salarials.<\/div>\n<div style=\"text-align: justify;\">\n\t&nbsp;<\/div>\n<div style=\"text-align: justify;\">\n\t<strong>Es pot establir una activitat m&iacute;nima?<\/strong><\/div>\n<div style=\"text-align: justify;\">\n\t&nbsp;<\/div>\n<div style=\"text-align: justify;\">\n\tLes empreses que hagin d&#39;aplicar el perm&iacute;s retribu&iuml;t recuperable, en cas de ser necessari, poden establir un m&iacute;nim de plantilla o torns de treball imprescindibles per tal de mantenir l&#39;activitat indispensable, com la que es mantindria en un cap de setmana ordinari o dia festiu . Les persones treballadores podran prestar serveis el dilluns 30 de mar&ccedil; de 2020 com a dia excepcional amb l&#39;&uacute;nic prop&ograve;sit de fer efectiu el perm&iacute;s retribu&iuml;t recuperable.<\/div>\n<div style=\"text-align: justify;\">\n\t&nbsp;<\/div>\n<div style=\"text-align: justify;\">\n\tLes activitats afectades pel perm&iacute;s retribu&iuml;t recuperable es podran veure modificades per mitj&agrave; de les ordres que es determinin des del Ministeri de Sanitat. Us mantindrem informats\/des davant de qualsevol novetat o canvi al respecte.<\/div>\n<div>\n\t&nbsp;<\/div>\n","protected":false},"excerpt":{"rendered":"<p style=\"text-align: justify;\">\n\tEl Govern ha aprovat en Consell de Ministres extraordinari la suspensi&oacute; del 30 de mar&ccedil; al 9 d&#39;abril -ambd&oacute;s inclosos- de l&#39;activitat d&#39;aquelles empreses declarades no essencials, amb la finalitat d&#39;endurir les restriccions de circulaci&oacute; per frenar l&#39;expansi&oacute; del COVID19.<\/p>\n","protected":false},"author":2,"featured_media":2686,"comment_status":"open","ping_status":"open","sticky":false,"template":"","format":"standard","meta":{"_acf_changed":false,"_uag_custom_page_level_css":"","_jetpack_memberships_contains_paid_content":false,"footnotes":""},"categories":[18],"tags":[],"class_list":["post-2685","post","type-post","status-publish","format-standard","has-post-thumbnail","hentry","category-assessoria"],"acf":[],"jetpack_featured_media_url":"https:\/\/www.cinc.com\/wp-content\/uploads\/2023\/03\/826.jpg","uagb_featured_image_src":{"full":["https:\/\/www.cinc.com\/wp-content\/uploads\/2023\/03\/826.jpg",1113,361,false],"thumbnail":["https:\/\/www.cinc.com\/wp-content\/uploads\/2023\/03\/826.jpg",150,49,false],"medium":["https:\/\/www.cinc.com\/wp-content\/uploads\/2023\/03\/826.jpg",300,97,false],"medium_large":["https:\/\/www.cinc.com\/wp-content\/uploads\/2023\/03\/826.jpg",768,249,false],"large":["https:\/\/www.cinc.com\/wp-content\/uploads\/2023\/03\/826.jpg",960,311,false],"1536x1536":["https:\/\/www.cinc.com\/wp-content\/uploads\/2023\/03\/826.jpg",1113,361,false],"2048x2048":["https:\/\/www.cinc.com\/wp-content\/uploads\/2023\/03\/826.jpg",1113,361,false],"gform-image-choice-sm":["https:\/\/www.cinc.com\/wp-content\/uploads\/2023\/03\/826.jpg",300,97,false],"gform-image-choice-md":["https:\/\/www.cinc.com\/wp-content\/uploads\/2023\/03\/826.jpg",400,130,false],"gform-image-choice-lg":["https:\/\/www.cinc.com\/wp-content\/uploads\/2023\/03\/826.jpg",600,195,false]},"uagb_author_info":{"display_name":"Utrans","author_link":"https:\/\/www.cinc.com\/ca\/author\/utrans\/"},"uagb_comment_info":0,"uagb_excerpt":"El Govern ha aprovat en Consell de Ministres extraordinari la suspensi&oacute; del 30 de mar&ccedil; al 9 d&#39;abril -ambd&oacute;s inclosos- de l&#39;activitat d&#39;aquelles empreses declarades no essencials, amb la finalitat d&#39;endurir les restriccions de circulaci&oacute; per frenar l&#39;expansi&oacute; del COVID19.","jetpack_sharing_enabled":true,"_links":{"self":[{"href":"https:\/\/www.cinc.com\/ca\/wp-json\/wp\/v2\/posts\/2685","targetHints":{"allow":["GET"]}}],"collection":[{"href":"https:\/\/www.cinc.com\/ca\/wp-json\/wp\/v2\/posts"}],"about":[{"href":"https:\/\/www.cinc.com\/ca\/wp-json\/wp\/v2\/types\/post"}],"author":[{"embeddable":true,"href":"https:\/\/www.cinc.com\/ca\/wp-json\/wp\/v2\/users\/2"}],"replies":[{"embeddable":true,"href":"https:\/\/www.cinc.com\/ca\/wp-json\/wp\/v2\/comments?post=2685"}],"version-history":[{"count":0,"href":"https:\/\/www.cinc.com\/ca\/wp-json\/wp\/v2\/posts\/2685\/revisions"}],"wp:featuredmedia":[{"embeddable":true,"href":"https:\/\/www.cinc.com\/ca\/wp-json\/wp\/v2\/media\/2686"}],"wp:attachment":[{"href":"https:\/\/www.cinc.com\/ca\/wp-json\/wp\/v2\/media?parent=2685"}],"wp:term":[{"taxonomy":"category","embeddable":true,"href":"https:\/\/www.cinc.com\/ca\/wp-json\/wp\/v2\/categories?post=2685"},{"taxonomy":"post_tag","embeddable":true,"href":"https:\/\/www.cinc.com\/ca\/wp-json\/wp\/v2\/tags?post=2685"}],"curies":[{"name":"wp","href":"https:\/\/api.w.org\/{rel}","templated":true}]}}