{"id":26820,"date":"2024-09-19T09:36:11","date_gmt":"2024-09-19T08:36:11","guid":{"rendered":"https:\/\/www.cinc.com\/?p=26820"},"modified":"2024-09-19T09:36:12","modified_gmt":"2024-09-19T08:36:12","slug":"noves-taxes-diva-en-aliments-basics-que-entren-en-vigor-l1-doctubre-del-2024","status":"publish","type":"post","link":"https:\/\/www.cinc.com\/ca\/noves-taxes-diva-en-aliments-basics-que-entren-en-vigor-l1-doctubre-del-2024\/","title":{"rendered":"Noves taxes d&#8217;IVA en aliments b\u00e0sics que entren en vigor l&#8217;1 d&#8217;octubre del 2024"},"content":{"rendered":"\n<p>A partir de l&#8217;1 d&#8217;octubre del 2024, s&#8217;aplicaran noves taxes d&#8217;IVA del 7,5% i del 2% a certs productes, en virtut del Reial decret llei 04\/2024, aprovat el 26 de juny. Aquesta normativa est\u00e9n algunes mesures per fer front als impactes econ\u00f2mics i socials dels conflictes a Ucra\u00efna i al Pr\u00f2xim Orient, i introdueix canvis urgents en els \u00e0mbits fiscal, energ\u00e8tic i social.<\/p>\n\n\n\n<p>La mesura afecta la reducci\u00f3 temporal de l&#8217;IVA sobre aliments b\u00e0sics, que estava en vigor fins al 30 de setembre del 2024. Fins a aquesta data, els aliments de primera necessitat i l&#8217;oli d&#8217;oliva gaudeixen d&#8217;un IVA del 0%, mentre que productes com a pastes aliment\u00e0ries i olis de llavors tenen una taxa del 5%. Tot i aix\u00f2, des de l&#8217;1 d&#8217;octubre fins al 31 de desembre de 2024, aquestes taxes augmentaran: l&#8217;IVA sobre les pastes i olis de llavors pujar\u00e0 al 7,5%, i el dels aliments essencials i l&#8217;oli d&#8217;oliva s&#8217;establir\u00e0 al 2%. Paral\u00b7lelament, tamb\u00e9 es modificaran els rec\u00e0rrecs d&#8217;equival\u00e8ncia: del 0,62% a l&#8217;1% per a productes com pastes i olis de llavor, i del 0% al 0,26% per a aliments de primera necessitat i oli d&#8217;oliva.<\/p>\n\n\n\n<p>D&#8217;altra banda, des de l&#8217;1 de gener del 2025 l&#8217;oli d&#8217;oliva ser\u00e0 considerat com a aliment de primera necessitat en el tipus s\u00faper redu\u00eft del 4%.<\/p>\n\n\n\n<p>Si tens qualsevol dubte, pots posar-te en <a href=\"https:\/\/www.cinc.com\/ca\/contacte\/\">contacte<\/a> amb el<a href=\"https:\/\/www.cinc.com\/ca\/assessoria-dempreses\/assessoria-fiscal\/\"> Departament Fiscal <\/a>de CINC Assessoria.<\/p>\n","protected":false},"excerpt":{"rendered":"<p>A partir de l&#8217;1 d&#8217;octubre del 2024, s&#8217;aplicaran noves taxes d&#8217;IVA del 7,5% i del 2% a certs productes, en virtut del Reial decret llei 04\/2024, aprovat el 26 de juny. Aquesta normativa est\u00e9n algunes mesures per fer front als impactes econ\u00f2mics i socials dels conflictes a Ucra\u00efna i al Pr\u00f2xim Orient, i introdueix canvis [&hellip;]<\/p>\n","protected":false},"author":8,"featured_media":26817,"comment_status":"open","ping_status":"open","sticky":false,"template":"","format":"standard","meta":{"_acf_changed":false,"_uag_custom_page_level_css":"","_jetpack_memberships_contains_paid_content":false,"footnotes":""},"categories":[18],"tags":[79],"class_list":["post-26820","post","type-post","status-publish","format-standard","has-post-thumbnail","hentry","category-assessoria","tag-fiscalitat"],"acf":[],"jetpack_featured_media_url":"https:\/\/www.cinc.com\/wp-content\/uploads\/IVA-productos-basicos.webp","uagb_featured_image_src":{"full":["https:\/\/www.cinc.com\/wp-content\/uploads\/IVA-productos-basicos.webp",1920,1080,false],"thumbnail":["https:\/\/www.cinc.com\/wp-content\/uploads\/IVA-productos-basicos-150x150.webp",150,150,true],"medium":["https:\/\/www.cinc.com\/wp-content\/uploads\/IVA-productos-basicos-300x169.webp",300,169,true],"medium_large":["https:\/\/www.cinc.com\/wp-content\/uploads\/IVA-productos-basicos-768x432.webp",768,432,true],"large":["https:\/\/www.cinc.com\/wp-content\/uploads\/IVA-productos-basicos-1024x576.webp",960,540,true],"1536x1536":["https:\/\/www.cinc.com\/wp-content\/uploads\/IVA-productos-basicos-1536x864.webp",1536,864,true],"2048x2048":["https:\/\/www.cinc.com\/wp-content\/uploads\/IVA-productos-basicos.webp",1920,1080,false],"gform-image-choice-sm":["https:\/\/www.cinc.com\/wp-content\/uploads\/IVA-productos-basicos.webp",300,169,false],"gform-image-choice-md":["https:\/\/www.cinc.com\/wp-content\/uploads\/IVA-productos-basicos.webp",400,225,false],"gform-image-choice-lg":["https:\/\/www.cinc.com\/wp-content\/uploads\/IVA-productos-basicos.webp",600,338,false]},"uagb_author_info":{"display_name":"F\u00e0tima Duran","author_link":"https:\/\/www.cinc.com\/ca\/author\/fatima\/"},"uagb_comment_info":0,"uagb_excerpt":"A partir de l&#8217;1 d&#8217;octubre del 2024, s&#8217;aplicaran noves taxes d&#8217;IVA del 7,5% i del 2% a certs productes, en virtut del Reial decret llei 04\/2024, aprovat el 26 de juny. Aquesta normativa est\u00e9n algunes mesures per fer front als impactes econ\u00f2mics i socials dels conflictes a Ucra\u00efna i al Pr\u00f2xim Orient, i introdueix canvis&hellip;","jetpack_sharing_enabled":true,"_links":{"self":[{"href":"https:\/\/www.cinc.com\/ca\/wp-json\/wp\/v2\/posts\/26820","targetHints":{"allow":["GET"]}}],"collection":[{"href":"https:\/\/www.cinc.com\/ca\/wp-json\/wp\/v2\/posts"}],"about":[{"href":"https:\/\/www.cinc.com\/ca\/wp-json\/wp\/v2\/types\/post"}],"author":[{"embeddable":true,"href":"https:\/\/www.cinc.com\/ca\/wp-json\/wp\/v2\/users\/8"}],"replies":[{"embeddable":true,"href":"https:\/\/www.cinc.com\/ca\/wp-json\/wp\/v2\/comments?post=26820"}],"version-history":[{"count":1,"href":"https:\/\/www.cinc.com\/ca\/wp-json\/wp\/v2\/posts\/26820\/revisions"}],"predecessor-version":[{"id":26821,"href":"https:\/\/www.cinc.com\/ca\/wp-json\/wp\/v2\/posts\/26820\/revisions\/26821"}],"wp:featuredmedia":[{"embeddable":true,"href":"https:\/\/www.cinc.com\/ca\/wp-json\/wp\/v2\/media\/26817"}],"wp:attachment":[{"href":"https:\/\/www.cinc.com\/ca\/wp-json\/wp\/v2\/media?parent=26820"}],"wp:term":[{"taxonomy":"category","embeddable":true,"href":"https:\/\/www.cinc.com\/ca\/wp-json\/wp\/v2\/categories?post=26820"},{"taxonomy":"post_tag","embeddable":true,"href":"https:\/\/www.cinc.com\/ca\/wp-json\/wp\/v2\/tags?post=26820"}],"curies":[{"name":"wp","href":"https:\/\/api.w.org\/{rel}","templated":true}]}}