{"id":26794,"date":"2024-09-19T08:55:23","date_gmt":"2024-09-19T07:55:23","guid":{"rendered":"https:\/\/www.cinc.com\/?p=26794"},"modified":"2024-09-19T09:03:32","modified_gmt":"2024-09-19T08:03:32","slug":"3r-congres-apd-innovacio-innovar-des-de-la-frontera","status":"publish","type":"post","link":"https:\/\/www.cinc.com\/ca\/3r-congres-apd-innovacio-innovar-des-de-la-frontera\/","title":{"rendered":"3r Congr\u00e9s APD Innovaci\u00f3 &#8211; Innovar des de la frontera"},"content":{"rendered":"\n<p>Els dies 26 i 27 de setembre del 2024 se celebrar\u00e0 el 3er Congr\u00e9s APD Innovaci\u00f3 al Palau de Congressos de Catalunya, Barcelona. Aquest esdeveniment explorar\u00e0 els \u201cespais liminals\u201d on germina la innovaci\u00f3, abordant temes clau com el risc de no arriscar-se, la col\u00b7laboraci\u00f3 publicoprivada, i les noves fronteres tecnol\u00f2giques i \u00e8tiques.<\/p>\n\n\n\n<p>Ponents de primer nivell analitzaran les tend\u00e8ncies que modelaran el futur empresarial. No us perdeu aquesta oportunitat per connectar i aprendre en un entorn d&#8217;avantguarda!<\/p>\n\n\n\n<p>M\u00e9s informaci\u00f3 i inscripcions <a href=\"https:\/\/www.apd.es\/acceso\/?callback=inscription-to-CO240147 Descarrega el programa https:\/\/apd-prod-wordpress.s3.amazonaws.com\/uploads\/sites\/2\/2024\/06\/programa_congreso_apd_innovacion_2024.pdf https:\/\/www.apd.es\/congreso-innovacion-2024\/\">aqu\u00ed<\/a>.<\/p>\n\n\n\n<p><strong>On:<\/strong> Palau de Congressos de Catalunya. Avda. Diagonal, 661, Barcelona, \u200b\u200b08028<\/p>\n\n\n\n<p><strong>Quan: <\/strong>26 i 27 de setembre de 2024<\/p>\n\n\n\n<p><strong>Horari: <\/strong>26\/09: de 09.00 a 18.00h; 27\/09: de 09.00 a 14.00 h<\/p>\n\n\n\n<div class=\"wp-block-uagb-buttons uagb-buttons__outer-wrap uagb-btn__default-btn uagb-btn-tablet__default-btn uagb-btn-mobile__default-btn uagb-block-6185773b\"><div class=\"uagb-buttons__wrap uagb-buttons-layout-wrap\">\n<div class=\"wp-block-uagb-buttons-child uagb-buttons__outer-wrap uagb-block-c3ae6816 wp-block-button\"><div class=\"uagb-button__wrapper\"><a class=\"uagb-buttons-repeater wp-block-button__link\" href=\"https:\/\/apd-prod-wordpress.s3.amazonaws.com\/uploads\/sites\/2\/2024\/06\/programa_congreso_apd_innovacion_2024.pdf\" onclick=\"return true;\" rel=\"follow noopener\" target=\"_blank\"><div class=\"uagb-button__link\">Descarrega el programa<\/div><\/a><\/div><\/div>\n<\/div><\/div>\n\n\n\n<p><\/p>\n","protected":false},"excerpt":{"rendered":"<p>Els dies 26 i 27 de setembre del 2024 se celebrar\u00e0 el 3er Congr\u00e9s APD Innovaci\u00f3 al Palau de Congressos de Catalunya, Barcelona.<\/p>\n","protected":false},"author":8,"featured_media":26791,"comment_status":"open","ping_status":"open","sticky":false,"template":"","format":"standard","meta":{"_acf_changed":false,"_uag_custom_page_level_css":"","_jetpack_memberships_contains_paid_content":false,"footnotes":""},"categories":[210],"tags":[],"class_list":["post-26794","post","type-post","status-publish","format-standard","has-post-thumbnail","hentry","category-esdeveniments"],"acf":[],"jetpack_featured_media_url":"https:\/\/www.cinc.com\/wp-content\/uploads\/apd-congreso-innovacion.webp","uagb_featured_image_src":{"full":["https:\/\/www.cinc.com\/wp-content\/uploads\/apd-congreso-innovacion.webp",1920,1080,false],"thumbnail":["https:\/\/www.cinc.com\/wp-content\/uploads\/apd-congreso-innovacion-150x150.webp",150,150,true],"medium":["https:\/\/www.cinc.com\/wp-content\/uploads\/apd-congreso-innovacion-300x169.webp",300,169,true],"medium_large":["https:\/\/www.cinc.com\/wp-content\/uploads\/apd-congreso-innovacion-768x432.webp",768,432,true],"large":["https:\/\/www.cinc.com\/wp-content\/uploads\/apd-congreso-innovacion-1024x576.webp",960,540,true],"1536x1536":["https:\/\/www.cinc.com\/wp-content\/uploads\/apd-congreso-innovacion-1536x864.webp",1536,864,true],"2048x2048":["https:\/\/www.cinc.com\/wp-content\/uploads\/apd-congreso-innovacion.webp",1920,1080,false],"gform-image-choice-sm":["https:\/\/www.cinc.com\/wp-content\/uploads\/apd-congreso-innovacion.webp",300,169,false],"gform-image-choice-md":["https:\/\/www.cinc.com\/wp-content\/uploads\/apd-congreso-innovacion.webp",400,225,false],"gform-image-choice-lg":["https:\/\/www.cinc.com\/wp-content\/uploads\/apd-congreso-innovacion.webp",600,338,false]},"uagb_author_info":{"display_name":"F\u00e0tima Duran","author_link":"https:\/\/www.cinc.com\/ca\/author\/fatima\/"},"uagb_comment_info":0,"uagb_excerpt":"Els dies 26 i 27 de setembre del 2024 se celebrar\u00e0 el 3er Congr\u00e9s APD Innovaci\u00f3 al Palau de Congressos de Catalunya, Barcelona.","jetpack_sharing_enabled":true,"_links":{"self":[{"href":"https:\/\/www.cinc.com\/ca\/wp-json\/wp\/v2\/posts\/26794","targetHints":{"allow":["GET"]}}],"collection":[{"href":"https:\/\/www.cinc.com\/ca\/wp-json\/wp\/v2\/posts"}],"about":[{"href":"https:\/\/www.cinc.com\/ca\/wp-json\/wp\/v2\/types\/post"}],"author":[{"embeddable":true,"href":"https:\/\/www.cinc.com\/ca\/wp-json\/wp\/v2\/users\/8"}],"replies":[{"embeddable":true,"href":"https:\/\/www.cinc.com\/ca\/wp-json\/wp\/v2\/comments?post=26794"}],"version-history":[{"count":4,"href":"https:\/\/www.cinc.com\/ca\/wp-json\/wp\/v2\/posts\/26794\/revisions"}],"predecessor-version":[{"id":26812,"href":"https:\/\/www.cinc.com\/ca\/wp-json\/wp\/v2\/posts\/26794\/revisions\/26812"}],"wp:featuredmedia":[{"embeddable":true,"href":"https:\/\/www.cinc.com\/ca\/wp-json\/wp\/v2\/media\/26791"}],"wp:attachment":[{"href":"https:\/\/www.cinc.com\/ca\/wp-json\/wp\/v2\/media?parent=26794"}],"wp:term":[{"taxonomy":"category","embeddable":true,"href":"https:\/\/www.cinc.com\/ca\/wp-json\/wp\/v2\/categories?post=26794"},{"taxonomy":"post_tag","embeddable":true,"href":"https:\/\/www.cinc.com\/ca\/wp-json\/wp\/v2\/tags?post=26794"}],"curies":[{"name":"wp","href":"https:\/\/api.w.org\/{rel}","templated":true}]}}