{"id":2655,"date":"2020-03-25T00:00:00","date_gmt":"2020-03-25T00:00:00","guid":{"rendered":"https:\/\/www.cinc.com\/covid-19-preguntes-frequents-de-lagencia-espanyola-de-proteccio-de-dades\/"},"modified":"2020-03-25T00:00:00","modified_gmt":"2020-03-25T00:00:00","slug":"covid-19-preguntes-frequents-de-lagencia-espanyola-de-proteccio-de-dades","status":"publish","type":"post","link":"https:\/\/www.cinc.com\/ca\/covid-19-preguntes-frequents-de-lagencia-espanyola-de-proteccio-de-dades\/","title":{"rendered":"COVID-19: Preguntes freq\u00fcents de l&#8217;Ag\u00e8ncia Espanyola de Protecci\u00f3 de Dades"},"content":{"rendered":"<div style=\"text-align: justify;\">\n<div>\n\t\tL&#39;Ag&egrave;ncia Espanyola de Protecci&oacute; de Dades, en el context de l&#39;emerg&egrave;ncia de salut p&uacute;blica derivada de l&#39;extensi&oacute; de l&#39;coronavirus, est&agrave; rebent consultes, tant de ciutadans com d&#39;empreses i altres subjectes obligats a el compliment de la normativa de protecci&oacute; de dades sobre el tractament de dades personals relatives a la salut.<\/div>\n<div>\n\t\t&nbsp;<\/div>\n<div>\n\t\tAquestes FAQ tracten de donar resposta a les preguntes m&eacute;s freq&uuml;ents que s&#39;han rebut:<\/div>\n<div>\n\t\t&nbsp;<\/div>\n<div>\n<h2 class=\"h2Noticia\">\n\t\t\tPoden els empresaris tractar la informaci&oacute; de si les persones treballadores estan infectades de coronavirus?<\/h2>\n<hr \/><\/div>\n<div>\n\t\tEn aplicaci&oacute; del que estableix la normativa sanit&agrave;ria, laboral i, en particular, de prevenci&oacute; de riscos laborals, els empresaris podran tractar, d&#39;acord amb aquesta normativa i amb les garanties que estableixen, les dades de personal necessaris per garantir la seva salut i adoptar les mesures necess&agrave;ries per les autoritats competents, el que inclou igualment assegurar el dret a la protecci&oacute; de la salut de la resta de personal i evitar els contagis en el si de l&#39;empresa i \/ o centres de treball que puguin propagar la malaltia a el conjunt de la poblaci&oacute;.<\/div>\n<div>\n\t\t&nbsp;<\/div>\n<div>\n\t\tL&#39;empresa podr&agrave; con&egrave;ixer si la persona treballadora est&agrave; infectada o no, per dissenyar a trav&eacute;s del seu servei de prevenci&oacute; dels plans de conting&egrave;ncia que siguin necessaris, o que hagin estat previstos per les autoritats sanit&agrave;ries.<\/div>\n<div>\n\t\t&nbsp;<\/div>\n<div>\n\t\tAquesta informaci&oacute; tamb&eacute; pot ser obtinguda mitjan&ccedil;ant preguntes a el personal. No obstant aix&ograve;, les preguntes haurien de limitar-se exclusivament a indagar sobre l&#39;exist&egrave;ncia de s&iacute;mptomes, o si la persona treballadora ha estat diagnosticada com contagiada, o subjecta a quarantena. Resultaria contrari a el principi de minimitzaci&oacute; de dades la circulaci&oacute; de q&uuml;estionaris de salut extensos i detallats, o que incloguin preguntes no relacionades amb la malaltia.<\/div>\n<div>\n\t\t&nbsp;<\/div>\n<div>\n<h2 class=\"h2Noticia\">\n\t\t\tPoden transmetre aquesta informaci&oacute; a el personal de l&#39;empresa?<\/h2>\n<hr \/><\/div>\n<div>\n\t\tAquesta informaci&oacute; s&#39;hauria de proporcionar sense identificar la persona afectada per tal de mantenir la seva privacitat, si b&eacute;, podria transmetre a requeriment de les autoritats competents, en particular les sanit&agrave;ries.<\/div>\n<div>\n\t\t&nbsp;<\/div>\n<div>\n\t\tLa informaci&oacute; s&#39;ha de proporcionar respectant els principis de finalitat i proporcionalitat i sempre dins del que estableixen les recomanacions o instruccions emeses per les autoritats competents, en particular les sanit&agrave;ries. Per exemple, si &eacute;s possible assolir la finalitat de protecci&oacute; de la salut amb el personal divulgant l&#39;exist&egrave;ncia d&#39;un contagi, per&ograve; sense especificar la identitat de la persona contagiada, hauria de procedir d&#39;aquesta manera. Si, per contra, aquest objectiu no es pot aconseguir amb informaci&oacute; parcial, o la pr&agrave;ctica &eacute;s desaconsellada per les autoritats competents, en particular les sanit&agrave;ries, podria proporcionar la informaci&oacute; identificativa.<\/div>\n<div>\n\t\t&nbsp;<\/div>\n<div>\n<h2 class=\"h2Noticia\">\n\t\t\t&iquest;Es pot demanar a les persones treballadores i visitants aliens a l&#39;empresa dades sobre pa&iuml;sos que hagin visitat anteriorment, o si presenten simptomatologia relacionada amb el coronavirus?<\/h2>\n<hr \/><\/div>\n<div>\n\t\tIndependentment que les autoritats competents, en particular les sanit&agrave;ries, estableixin aquestes mesures per una q&uuml;esti&oacute; de salut p&uacute;blica i que aix&iacute; ho comuniquin als centres de treball, els empresaris tenen l&#39;obligaci&oacute; legal de protegir la salut de les persones treballadores i mantenir el lloc de treball lliure de riscos sanitaris, per la qual cosa estaria justificada la sol&middot;licitud d&#39;informaci&oacute; als empleats i visitants externs sobre s&iacute;mptomes o factors de risc sense necessitat de demanar el seu consentiment expl&iacute;cit (RGPD i Llei de Prevenci&oacute; de riscos Laborals).<\/div>\n<div>\n\t\t&nbsp;<\/div>\n<div>\n\t\tLa informaci&oacute; a sol&middot;licitar hauria de respondre a el principi de proporcionalitat i limitar-se exclusivament a preguntar per visites a pa&iuml;sos d&#39;alta prevalen&ccedil;a del virus i en el marc temporal d&#39;incubaci&oacute; de la malaltia, les &uacute;ltimes setmanes, o si es t&eacute; algun dels s&iacute;mptomes de la malaltia . Resultaria contrari a el principi de minimitzaci&oacute; de dades la utilitzaci&oacute; de q&uuml;estionaris de salut extensos i detallats, o que incloguin preguntes no relacionades amb la malaltia.<\/div>\n<div>\n\t\t&nbsp;<\/div>\n<div>\n<h2 class=\"h2Noticia\">\n\t\t\tEs poden tractar les dades de salut de les persones treballadores relacionats amb el coronavirus?<\/h2>\n<hr \/><\/div>\n<div>\n\t\tPer complir les decisions sobre la pand&egrave;mia de coronavirus que adoptin les autoritats competents, en particular les sanit&agrave;ries, la normativa de protecci&oacute; de dades no hauria d&#39;utilitzar per obstaculitzar o limitar l&#39;efectivitat de les mesures que adoptin les autoritats, en la lluita contra la pand&egrave;mia.<\/div>\n<div>\n\t\t&nbsp;<\/div>\n<div>\n\t\tLa normativa de protecci&oacute; de dades permet adoptar les mesures que siguin necess&agrave;ries per salvaguardar els interessos vitals de les persones f&iacute;siques, l&#39;inter&egrave;s p&uacute;blic essencial en l&#39;&agrave;mbit de la salut, la realitzaci&oacute; de diagn&ograve;stics m&egrave;dics, o el compliment d&#39;obligacions legals en l&#39;&agrave;mbit laboral , incl&ograve;s el tractament de dades de salut sense necessitat de comptar amb el consentiment expl&iacute;cit l&#39;afectat.<\/div>\n<div>\n\t\t&nbsp;<\/div>\n<\/div>\n<div style=\"text-align: justify;\">\n\tEn tot cas, el tractament d&#39;aquestes dades ha d&#39;observar els principis establerts en el RGPD, en particular els de minimitzaci&oacute;, limitaci&oacute; de la finalitat i minimitzaci&oacute; de la conservaci&oacute;.<\/div>\n<div style=\"text-align: justify;\">\n\t&nbsp;<\/div>\n<div style=\"text-align: justify;\">\n<h2 class=\"h2Noticia\">\n\t\tEn cas de quarantena preventiva o estar afectat pel coronavirus, el treballador t&eacute; obligaci&oacute; d&#39;informar al seu cap d&#39;aquesta circumst&agrave;ncia?<\/h2>\n<hr \/>\n<\/div>\n<div style=\"text-align: justify;\">\n\tEls treballadors que, despr&eacute;s d&#39;haver tingut contacte amb un cas de coronavirus, poguessin estar afectats per aquesta malaltia i que, per aplicaci&oacute; dels protocols establerts per les autoritats sanit&agrave;ries competents, es veuen sotmesos a l&#39;corresponent a&iuml;llament preventiu per evitar els riscos de contagi derivats de aquesta situaci&oacute; fins que es disposi de l&#39;corresponent diagn&ograve;stic, han d&#39;informar al seu ocupador i a el servei de prevenci&oacute; o, si escau, als delegats de prevenci&oacute; (Llei de prevenci&oacute; de Riscos Laborals).<\/div>\n<div style=\"text-align: justify;\">\n\t&nbsp;<\/div>\n<div style=\"text-align: justify;\">\n\tLa persona treballadora en situaci&oacute; de baixa per malaltia no t&eacute; obligaci&oacute; d&#39;informar sobre la ra&oacute; de la baixa a l&#39;empresa, per&ograve;, aquest dret individual pot cedir davant de la defensa d&#39;altres drets com el dret a la protecci&oacute; de la salut del col&middot;lectiu de treballadors en situacions de pand&egrave;mia i, m&eacute;s en general, la defensa de la salut de tota la poblaci&oacute;.<\/div>\n<div style=\"text-align: justify;\">\n\t&nbsp;<\/div>\n<div style=\"text-align: justify;\">\n<h2 class=\"h2Noticia\">\n\t\tEl personal de seguretat pot prendre la temperatura als treballadors per tal de detectar casos coronavirus?<\/h2>\n<hr \/>\n<\/div>\n<div style=\"text-align: justify;\">\n\tVerificar si l&#39;estat de salut de les persones treballadores pot constituir un perill per a elles mateixes, per a la resta de personal, o per a altres persones relacionades amb l&#39;empresa constitueix una mesura relacionada amb la vigil&agrave;ncia de la salut dels treballadors que, d&#39;acord amb la Llei de Prevenci&oacute; de Riscos Laborals, resulta obligat&ograve;ria per a l&#39;ocupador i hauria de ser realitzada per personal sanitari.<\/div>\n<div style=\"text-align: justify;\">\n\t&nbsp;<\/div>\n<div style=\"text-align: justify;\">\n\tEn tot cas, el tractament de les dades obtingudes a partir de les preses de temperatura ha de respectar la normativa de protecci&oacute; de dades i, per aix&ograve; i entre altres obligacions, ha d&#39;obeir a la finalitat espec&iacute;fica de contenir la propagaci&oacute; de l&#39;coronavirus, limitar-se a aquesta finalitat i no estendre a altres diferents, i mantinguts no m&eacute;s de el temps necessari per a la finalitat per a la qual es recullen.<\/div>\n","protected":false},"excerpt":{"rendered":"<p style=\"text-align: justify;\">\n\tL&#39;Ag&egrave;ncia Espanyola de Protecci&oacute; de Dades, en el context de l&#39;emerg&egrave;ncia de salut p&uacute;blica derivada de l&#39;extensi&oacute; de l&#39;coronavirus, est&agrave; rebent consultes, tant de ciutadans com d&#39;empreses i altres subjectes obligats a el compliment de la normativa de protecci&oacute; de dades sobre el tractament de dades personals relatives a la salut.<\/p>\n","protected":false},"author":2,"featured_media":2656,"comment_status":"open","ping_status":"open","sticky":false,"template":"","format":"standard","meta":{"_acf_changed":false,"_uag_custom_page_level_css":"","_jetpack_memberships_contains_paid_content":false,"footnotes":""},"categories":[18],"tags":[],"class_list":["post-2655","post","type-post","status-publish","format-standard","has-post-thumbnail","hentry","category-assessoria"],"acf":[],"jetpack_featured_media_url":"https:\/\/www.cinc.com\/wp-content\/uploads\/2023\/03\/820.jpg","uagb_featured_image_src":{"full":["https:\/\/www.cinc.com\/wp-content\/uploads\/2023\/03\/820.jpg",1107,361,false],"thumbnail":["https:\/\/www.cinc.com\/wp-content\/uploads\/2023\/03\/820.jpg",150,49,false],"medium":["https:\/\/www.cinc.com\/wp-content\/uploads\/2023\/03\/820.jpg",300,98,false],"medium_large":["https:\/\/www.cinc.com\/wp-content\/uploads\/2023\/03\/820.jpg",768,250,false],"large":["https:\/\/www.cinc.com\/wp-content\/uploads\/2023\/03\/820.jpg",960,313,false],"1536x1536":["https:\/\/www.cinc.com\/wp-content\/uploads\/2023\/03\/820.jpg",1107,361,false],"2048x2048":["https:\/\/www.cinc.com\/wp-content\/uploads\/2023\/03\/820.jpg",1107,361,false],"gform-image-choice-sm":["https:\/\/www.cinc.com\/wp-content\/uploads\/2023\/03\/820.jpg",300,98,false],"gform-image-choice-md":["https:\/\/www.cinc.com\/wp-content\/uploads\/2023\/03\/820.jpg",400,130,false],"gform-image-choice-lg":["https:\/\/www.cinc.com\/wp-content\/uploads\/2023\/03\/820.jpg",600,196,false]},"uagb_author_info":{"display_name":"Utrans","author_link":"https:\/\/www.cinc.com\/ca\/author\/utrans\/"},"uagb_comment_info":0,"uagb_excerpt":"L&#39;Ag&egrave;ncia Espanyola de Protecci&oacute; de Dades, en el context de l&#39;emerg&egrave;ncia de salut p&uacute;blica derivada de l&#39;extensi&oacute; de l&#39;coronavirus, est&agrave; rebent consultes, tant de ciutadans com d&#39;empreses i altres subjectes obligats a el compliment de la normativa de protecci&oacute; de dades sobre el tractament de dades personals relatives a la salut.","jetpack_sharing_enabled":true,"_links":{"self":[{"href":"https:\/\/www.cinc.com\/ca\/wp-json\/wp\/v2\/posts\/2655","targetHints":{"allow":["GET"]}}],"collection":[{"href":"https:\/\/www.cinc.com\/ca\/wp-json\/wp\/v2\/posts"}],"about":[{"href":"https:\/\/www.cinc.com\/ca\/wp-json\/wp\/v2\/types\/post"}],"author":[{"embeddable":true,"href":"https:\/\/www.cinc.com\/ca\/wp-json\/wp\/v2\/users\/2"}],"replies":[{"embeddable":true,"href":"https:\/\/www.cinc.com\/ca\/wp-json\/wp\/v2\/comments?post=2655"}],"version-history":[{"count":0,"href":"https:\/\/www.cinc.com\/ca\/wp-json\/wp\/v2\/posts\/2655\/revisions"}],"wp:featuredmedia":[{"embeddable":true,"href":"https:\/\/www.cinc.com\/ca\/wp-json\/wp\/v2\/media\/2656"}],"wp:attachment":[{"href":"https:\/\/www.cinc.com\/ca\/wp-json\/wp\/v2\/media?parent=2655"}],"wp:term":[{"taxonomy":"category","embeddable":true,"href":"https:\/\/www.cinc.com\/ca\/wp-json\/wp\/v2\/categories?post=2655"},{"taxonomy":"post_tag","embeddable":true,"href":"https:\/\/www.cinc.com\/ca\/wp-json\/wp\/v2\/tags?post=2655"}],"curies":[{"name":"wp","href":"https:\/\/api.w.org\/{rel}","templated":true}]}}