{"id":2650,"date":"2020-03-24T00:00:00","date_gmt":"2020-03-24T00:00:00","guid":{"rendered":"https:\/\/www.cinc.com\/covid-19-preguntes-frequents-dels-autonoms-en-relacio-als-efectes-economics-pel-coronavirus\/"},"modified":"2025-05-02T11:45:33","modified_gmt":"2025-05-02T10:45:33","slug":"covid-19-preguntes-frequents-dels-autonoms-en-relacio-als-efectes-economics-pel-coronavirus","status":"publish","type":"post","link":"https:\/\/www.cinc.com\/ca\/covid-19-preguntes-frequents-dels-autonoms-en-relacio-als-efectes-economics-pel-coronavirus\/","title":{"rendered":"COVID-19: Preguntes freq\u00fcents dels aut\u00f2noms en relaci\u00f3 als efectes econ\u00f2mics pel coronavirus"},"content":{"rendered":"<div style=\"text-align: justify;\">La situaci\u00f3 de crisi actual motivada pel coronavirus ha afectat de forma especial l\u2019activitat de moltes empreses i aut\u00f2noms, amb la conseg\u00fcent p\u00e8rdua o reducci\u00f3 d\u2019ingressos. S\u00f3n molts els dubtes que es plantegen durant aquests dies, i per aix\u00f2 us fem un recull de les preguntes m\u00e9s freq\u00fcents:<\/div>\n<div style=\"text-align: justify;\"><\/div>\n<div style=\"text-align: justify;\">\n<h2 class=\"h2Noticia\">Quins s\u00f3n els ajuts que poden demanar els aut\u00f2noms? S\u00f3n compatibles entre ells?<\/h2>\n<hr \/>\n<\/div>\n<div style=\"text-align: justify;\">En aquests moments, s\u00f3n dos els ajuts p\u00fablics que poden rebre els aut\u00f2noms per fer front a les p\u00e8rdues econ\u00f2miques\u00a0 i\/o cessament d\u2019activitat, i no s\u00f3n compatibles entre ells:<\/div>\n<div style=\"text-align: justify;\"><\/div>\n<div style=\"text-align: justify;\"><strong>a) Ajuts de la Generalitat de Catalunya:<\/strong><\/div>\n<div style=\"text-align: justify;\"><\/div>\n<div style=\"text-align: justify;\">Tenen com a finalitat compensar els aut\u00f2noms en cas de p\u00e8rdua econ\u00f2mica de l&#8217;activitat durant el mar\u00e7 del 2020 arran del COVID-19. Es calcula en base a la difer\u00e8ncia entre el guany de l&#8217;activitat el mar\u00e7 del 2019 i la p\u00e8rdua patida el mar\u00e7 del 2020.<\/div>\n<div style=\"text-align: justify;\"><\/div>\n<ul>\n<li style=\"text-align: justify;\"><strong>Quina quantia t\u00e9?\u00a0<\/strong>L&#8217;ajut m\u00e0xim ser\u00e0 de 2.000 \u20ac per aut\u00f2nom sol\u00b7licitant.<\/li>\n<li style=\"text-align: justify;\"><strong>Qui ho pot sol\u00b7licitar?\u00a0<\/strong>Est\u00e0 obert a qualsevol activitat econ\u00f2mica. No ho poden sol\u00b7licitar ni els aut\u00f2noms societaris ni els dependents (col\u00b7laboradors). Pels aut\u00f2noms acollits a Estimaci\u00f3 Objectiva (m\u00f2duls) caldr\u00e0 concretar quins documents aportaran per acreditar les p\u00e8rdues.<\/li>\n<li style=\"text-align: justify;\"><strong>Com i quan es pot tramitar?\u00a0<\/strong>Es pot tramitar a trav\u00e9s del web del Departament de Treball a partir de l&#8217;1 d&#8217;abril.<\/li>\n<\/ul>\n<div style=\"text-align: justify;\"><\/div>\n<div style=\"text-align: justify;\"><strong>2) Prestaci\u00f3 extraordin\u00e0ria per cessament d\u2019activitat dels aut\u00f2noms.<\/strong><\/div>\n<div style=\"text-align: justify;\"><\/div>\n<div style=\"text-align: justify;\">Es tracta d\u2019una prestaci\u00f3 econ\u00f2mica per a aquells aut\u00f2noms que hagin hagut de tancar el seu negoci o hagin vist disminu\u00efts els seus ingressos durant el mes de mar\u00e7:<\/div>\n<div style=\"text-align: justify;\"><\/div>\n<ul>\n<li style=\"text-align: justify;\"><strong>Qui la pot sol\u00b7licitar?\u00a0<\/strong>Tots els aut\u00f2noms, independentment de la seva condici\u00f3; aut\u00f2noms titulars de negocis tancats per l&#8217;administraci\u00f3 arran de l&#8217;estat d&#8217;alarma; i aut\u00f2noms en qualsevol activitat que hagin patit una caiguda d&#8217;almenys un 75% en els seus ingressos de mar\u00e7 del 2020 en comparaci\u00f3 a la mitjana dels darrers 6 mesos.<\/li>\n<li style=\"text-align: justify;\"><strong>La poden demanar tamb\u00e9 els aut\u00f2noms que tinguin treballadors a c\u00e0rrec?\u00a0<\/strong>S\u00ed, tamb\u00e9 inclou els aut\u00f2noms que tinguin treballadors per compte d\u2019altri, encara que hagin sol\u00b7licitat un ERTO pels seus treballadors.<\/li>\n<li style=\"text-align: justify;\"><strong>Quina quantia t\u00e9?\u00a0<\/strong>La prestaci\u00f3 ser\u00e0 equivalent al 70% de la base de cotitzaci\u00f3 dels darrers 6 mesos. En el cas dels aut\u00f2noms que cotitzin per la quota m\u00ednima mensual (286,15 \u20ac), equivalent a 944,40\u20ac de base, la prestaci\u00f3 seria\u00a0 de 661,86 \u20ac.<\/li>\n<li style=\"text-align: justify;\"><strong>\u00c9s compatible amb al tarifa plana?\u00a0<\/strong>Els aut\u00f2noms beneficiaris d\u2019alguna bonificaci\u00f3, com la tarifa plana de 50 \u20ac per nous aut\u00f2noms, no perdran aquesta condici\u00f3 quan reprenguin la seva activitat.<\/li>\n<li style=\"text-align: justify;\"><strong>\u00c9s compatible amb altres prestacions?\u00a0<\/strong>No \u00e9s compatible amb altres prestacions de la Seguretat Social (per exemple, en cas de treballar per compte ali\u00e8 i percebre una prestaci\u00f3 de baixa o rebre una pensi\u00f3 de jubilaci\u00f3).<\/li>\n<li style=\"text-align: justify;\"><strong>Com se sol\u00b7licita?\u00a0<\/strong>La prestaci\u00f3 se sol\u00b7licita al web de la m\u00fatua col\u00b7laboradora del professional aut\u00f2nom.<\/li>\n<li style=\"text-align: justify;\"><strong>Es pot sol\u00b7licitar demanar la prestaci\u00f3 extraordin\u00e0ria si s\u2019ha demanat la baixa a la Seguretat Social i a Hisenda?<\/strong>\u00a0S\u00ed, podr\u00e0 sol\u00b7licitar igualment la prestaci\u00f3 a condici\u00f3 que el motiu de la baixa a la Seguretat Social s&#8217;hagi produ\u00eft pel decret de l&#8217;estat d&#8217;alarma.<\/li>\n<li style=\"text-align: justify;\"><strong>Cal donar-se de baixa en el r\u00e8gim especial d&#8217;aut\u00f2noms de la Seguretat Social i Hisenda?\u00a0<\/strong>No ser\u00e0 necessari tramitar la baixa a la Seguretat Social, aix\u00ed com tampoc ser\u00e0 necessari tramitar la baixa de l&#8217;activitat a Hisenda (Model 036\/037).<\/li>\n<\/ul>\n<div style=\"text-align: justify;\">\n<h2 class=\"h2Noticia\">Quines altres opcions existeixen per aconseguir\u00a0 liquiditat?<\/h2>\n<hr \/>\n<\/div>\n<div style=\"text-align: justify;\">A m\u00e9s dels ajuts mencionats anteriorment, els aut\u00f2noms poden optar tamb\u00e9 a les l\u00ednies de cr\u00e8dit addicional de l\u2019Institut de Cr\u00e8dit Oficial (ICO) que ha habilitat el RDL 8\/2020 per a poder fer front a la caiguda d\u2019ingressos i a les despeses corrents dels propers mesos de dificultats. La Generalitat tamb\u00e9 ha habilitat noves l\u00ednies a trav\u00e9s de l\u2019Institut Catal\u00e0 de Finances (ICF).<\/div>\n<div style=\"text-align: justify;\"><\/div>\n<div style=\"text-align: justify;\">Aquestes l\u00ednies s\u00f3n pr\u00e9stecs tous, amb tipus zero o quasi zero, terminis llargs i car\u00e8ncies generoses, per part del Govern catal\u00e0 i de l\u2019espanyol, articulats a trav\u00e9s d&#8217;entitats financeres.<\/div>\n<div style=\"text-align: justify;\"><\/div>\n<div style=\"text-align: justify;\">\n<h2 class=\"h2Noticia\">Hi ha modificacions en el termini de presentaci\u00f3 d\u2019impostos?<\/h2>\n<hr \/>\n<\/div>\n<div style=\"text-align: justify;\">El Reial Decret d&#8217;estat d&#8217;alarma nom\u00e9s ha aturat els terminis administratius, per\u00f2 no s&#8217;aplica als terminis tributaris. Per tant, nom\u00e9s s&#8217;amplien els terminis de pagament que siguin fruit d&#8217;acords d&#8217;ajornament anteriors i de provid\u00e8ncies de constrenyiment.<\/div>\n<div style=\"text-align: justify;\"><\/div>\n<div style=\"text-align: justify;\">Pel que fa a les autoliquidacions properes, com per exemple la del proper 20 d&#8217;abril per l&#8217;IVA del primer trimestre del 2020, \u00e9s recomanable que els aut\u00f2noms sol\u00b7licitin el seu ajornament de seguida que disposin de la seva autoliquidaci\u00f3.<\/div>\n<div style=\"text-align: justify;\"><\/div>\n<div style=\"text-align: justify;\">Segons estableix el RDL 7\/2020 del 12 de mar\u00e7, tant l&#8217;IVA com les retencions per IRPF (model 111) i altres tributs amb venciment fins al 30 de maig es podran ajornar fins a 6 mesos sense interessos els primers 3 mesos, sempre i quan el contribuent sigui una pime o aut\u00f2nom amb facturaci\u00f3 no superior a 6.010.121,04 \u20ac.<\/div>\n<div style=\"text-align: justify;\"><\/div>\n<div style=\"text-align: justify;\">\n<h2 class=\"h2Noticia\">Es poden ajornar les quotes de Seguretat Social?<\/h2>\n<hr \/>\n<\/div>\n<div style=\"text-align: justify;\">S\u00ed, el Ministeri de Seguretat Social i Migracions ha aclarit que els aut\u00f2noms que s\u2019acullin al prestaci\u00f3 extraordin\u00e0ria per cessament d\u2019activitat no hauran de pagar la quota mensual a la Seguretat social.<\/div>\n<div style=\"text-align: justify;\"><\/div>\n<div style=\"text-align: justify;\">En cas que el\u00a0 proc\u00e9s de tramitaci\u00f3 s\u2019allargu\u00e9s i la sol\u00b7licitud no fos acceptada \u00e9s aconsellable que els aut\u00f2noms sol\u00b7licitin de forma immediata l\u2019ajornament de la seva quota de l\u2019abril. Tots els deutes amb la Seguretat Social es poden ajornar sense aval o garantia fins a 30.000 \u20ac i per un m\u00e0xim de 5 anys.<\/div>\n<div style=\"text-align: justify;\"><\/div>\n<div style=\"text-align: justify;\">\n<h2 class=\"h2Noticia\">Quins aut\u00f2noms poden fer un ERTO als seus treballadors?<\/h2>\n<hr \/>\n<\/div>\n<div style=\"text-align: justify;\">L&#8217;aut\u00f2nom amb treballadors a c\u00e0rrec seu pot optar per fer un Expedient de Regulaci\u00f3 Temporal d&#8217;Ocupaci\u00f3 (ERTO) en les condicions especials establertes pel RDL 8\/2020 i que es resumeixen a continuaci\u00f3:<\/div>\n<div style=\"text-align: justify;\"><\/div>\n<ul>\n<li style=\"text-align: justify;\">Activitat afectada pel COVID-19 inclosa dins el\u00a0llistat seg\u00fcent.<\/li>\n<li style=\"text-align: justify;\">Els treballadors perceben el 100% del sou sense per\u00edode m\u00ednim de cotitzaci\u00f3 ni exhauriment del dret d\u2019atur.<\/li>\n<li style=\"text-align: justify;\">L\u2019empresari queda exempt de pagar \u00edntegrament les quotes a la Seguretat Social dels treballadors (75% en el cas de negocis amb m\u00e9s de 50 treballadors).<\/li>\n<li style=\"text-align: justify;\">Tramitaci\u00f3 per via telem\u00e0tica i termini expr\u00e9s d\u2019aprovaci\u00f3 en 7 dies.<\/li>\n<li style=\"text-align: justify;\">Amb efectes retroactius.<\/li>\n<li style=\"text-align: justify;\">En cas de no optar per un ERTO i mantenir els llocs de treball total o parcialment, \u00e9s aconsellable que l\u2019empresa ajorni les quotes a la Seguretat Social, aix\u00ed com les retencions per l\u2019IRPF dels treballadors (model 111).<\/li>\n<\/ul>\n","protected":false},"excerpt":{"rendered":"<div style=\"text-align: justify;\">\n\tLa situaci&oacute; de crisi actual motivada pel coronavirus ha afectat de forma especial l&rsquo;activitat de moltes empreses i aut&ograve;noms, amb la conseg&uuml;ent p&egrave;rdua o reducci&oacute; d&rsquo;ingressos. S&oacute;n molts els dubtes que es plantegen durant aquests dies, i per aix&ograve; us fem un recull de les preguntes m&eacute;s freq&uuml;ents:<\/div>\n<div>\n\t&nbsp;<\/div>\n","protected":false},"author":2,"featured_media":2651,"comment_status":"open","ping_status":"open","sticky":false,"template":"","format":"standard","meta":{"_acf_changed":false,"_uag_custom_page_level_css":"","_jetpack_memberships_contains_paid_content":false,"footnotes":""},"categories":[18],"tags":[],"class_list":["post-2650","post","type-post","status-publish","format-standard","has-post-thumbnail","hentry","category-assessoria"],"acf":[],"jetpack_featured_media_url":"https:\/\/www.cinc.com\/wp-content\/uploads\/2023\/03\/819.jpg","uagb_featured_image_src":{"full":["https:\/\/www.cinc.com\/wp-content\/uploads\/2023\/03\/819.jpg",1113,361,false],"thumbnail":["https:\/\/www.cinc.com\/wp-content\/uploads\/2023\/03\/819.jpg",150,49,false],"medium":["https:\/\/www.cinc.com\/wp-content\/uploads\/2023\/03\/819.jpg",300,97,false],"medium_large":["https:\/\/www.cinc.com\/wp-content\/uploads\/2023\/03\/819.jpg",768,249,false],"large":["https:\/\/www.cinc.com\/wp-content\/uploads\/2023\/03\/819.jpg",960,311,false],"1536x1536":["https:\/\/www.cinc.com\/wp-content\/uploads\/2023\/03\/819.jpg",1113,361,false],"2048x2048":["https:\/\/www.cinc.com\/wp-content\/uploads\/2023\/03\/819.jpg",1113,361,false],"gform-image-choice-sm":["https:\/\/www.cinc.com\/wp-content\/uploads\/2023\/03\/819.jpg",300,97,false],"gform-image-choice-md":["https:\/\/www.cinc.com\/wp-content\/uploads\/2023\/03\/819.jpg",400,130,false],"gform-image-choice-lg":["https:\/\/www.cinc.com\/wp-content\/uploads\/2023\/03\/819.jpg",600,195,false]},"uagb_author_info":{"display_name":"Utrans","author_link":"https:\/\/www.cinc.com\/ca\/author\/utrans\/"},"uagb_comment_info":0,"uagb_excerpt":"La situaci&oacute; de crisi actual motivada pel coronavirus ha afectat de forma especial l&rsquo;activitat de moltes empreses i aut&ograve;noms, amb la conseg&uuml;ent p&egrave;rdua o reducci&oacute; d&rsquo;ingressos. S&oacute;n molts els dubtes que es plantegen durant aquests dies, i per aix&ograve; us fem un recull de les preguntes m&eacute;s freq&uuml;ents: &nbsp;","jetpack_sharing_enabled":true,"_links":{"self":[{"href":"https:\/\/www.cinc.com\/ca\/wp-json\/wp\/v2\/posts\/2650","targetHints":{"allow":["GET"]}}],"collection":[{"href":"https:\/\/www.cinc.com\/ca\/wp-json\/wp\/v2\/posts"}],"about":[{"href":"https:\/\/www.cinc.com\/ca\/wp-json\/wp\/v2\/types\/post"}],"author":[{"embeddable":true,"href":"https:\/\/www.cinc.com\/ca\/wp-json\/wp\/v2\/users\/2"}],"replies":[{"embeddable":true,"href":"https:\/\/www.cinc.com\/ca\/wp-json\/wp\/v2\/comments?post=2650"}],"version-history":[{"count":1,"href":"https:\/\/www.cinc.com\/ca\/wp-json\/wp\/v2\/posts\/2650\/revisions"}],"predecessor-version":[{"id":29815,"href":"https:\/\/www.cinc.com\/ca\/wp-json\/wp\/v2\/posts\/2650\/revisions\/29815"}],"wp:featuredmedia":[{"embeddable":true,"href":"https:\/\/www.cinc.com\/ca\/wp-json\/wp\/v2\/media\/2651"}],"wp:attachment":[{"href":"https:\/\/www.cinc.com\/ca\/wp-json\/wp\/v2\/media?parent=2650"}],"wp:term":[{"taxonomy":"category","embeddable":true,"href":"https:\/\/www.cinc.com\/ca\/wp-json\/wp\/v2\/categories?post=2650"},{"taxonomy":"post_tag","embeddable":true,"href":"https:\/\/www.cinc.com\/ca\/wp-json\/wp\/v2\/tags?post=2650"}],"curies":[{"name":"wp","href":"https:\/\/api.w.org\/{rel}","templated":true}]}}