{"id":2625,"date":"2020-03-20T00:00:00","date_gmt":"2020-03-20T00:00:00","guid":{"rendered":"https:\/\/www.cinc.com\/covid-19-els-autonoms-ja-tenen-dret-a-la-prestacio-per-tancament-o-per-una-disminucio-del-75-dels-ingressos\/"},"modified":"2020-03-20T00:00:00","modified_gmt":"2020-03-20T00:00:00","slug":"covid-19-els-autonoms-ja-tenen-dret-a-la-prestacio-per-tancament-o-per-una-disminucio-del-75-dels-ingressos","status":"publish","type":"post","link":"https:\/\/www.cinc.com\/ca\/covid-19-els-autonoms-ja-tenen-dret-a-la-prestacio-per-tancament-o-per-una-disminucio-del-75-dels-ingressos\/","title":{"rendered":"COVID-19: Els aut\u00f2noms ja tenen dret a la prestaci\u00f3 per tancament o per una disminuci\u00f3 del 75% dels ingressos"},"content":{"rendered":"<div style=\"text-align: justify;\">\n<div>\n\t\tEl Ministeri d&#39;Inclusi&oacute;, Seguretat Social i Migracions ha em&egrave;s un comunicat en qu&egrave; desmenteix que hi hagi modificacions respecte a les condicions dels aut&ograve;noms, garantint el cobrament de la prestaci&oacute; extraordin&agrave;ria pel COVID19:<\/div>\n<div>\n\t\t&nbsp;<\/div>\n<ul>\n<li>\n\t\t\tTots els aut&ograve;noms, independentment de la seva condici&oacute;, que han hagut de tancar per l&#39;estat d&#39;alarma o que hagin patit una caiguda del 75% dels seus ingressos, ja tenen dret a sol&middot;licitar la prestaci&oacute; aprovada en l&#39;&uacute;ltim Consell de Ministres.<\/li>\n<li>\n\t\t\tEls aut&ograve;noms que es trobin en aquesta situaci&oacute; estaran exempts de pagar les cotitzacions a la Seguretat Social i rebran una prestaci&oacute; equivalent a l 70% de la base reguladora, &eacute;s a dir, un m&iacute;nim de 661 d&#39;euros per als qui s&#39;han vist obligats a tancar el seu negoci o hagin perdut un 75% de la seva facturaci&oacute;.<\/li>\n<li>\n\t\t\tAix&iacute; mateix, a causa de les not&iacute;cies falses que s&#39;han distribu&iuml;t per Internet, es recomana consultar qualsevol dubte a trav&eacute;s de les webs&nbsp; oficials del Ministeri d&#39;Inclusi&oacute;, Seguretat Social i Migracions.<\/li>\n<\/ul>\n<div>\n\t\tUs seguirem informant a trav&eacute;s d&#39;aquest canal de totes les novetats legals, fiscals i laborals que vagin sorgint en relaci&oacute; al COVID19.<\/div>\n<\/div>\n<p>\n\t&nbsp;<\/p>\n","protected":false},"excerpt":{"rendered":"<p style=\"text-align: justify;\">\n\tEl Ministeri d&#39;Inclusi&oacute;, Seguretat Social i Migracions ha em&egrave;s un comunicat en qu&egrave; desmenteix que hi hagi modificacions respecte a les condicions dels aut&ograve;noms, garantint el cobrament de la prestaci&oacute; extraordin&agrave;ria pel COVID19:<\/p>\n","protected":false},"author":2,"featured_media":2626,"comment_status":"open","ping_status":"open","sticky":false,"template":"","format":"standard","meta":{"_acf_changed":false,"_uag_custom_page_level_css":"","_jetpack_memberships_contains_paid_content":false,"footnotes":""},"categories":[18],"tags":[],"class_list":["post-2625","post","type-post","status-publish","format-standard","has-post-thumbnail","hentry","category-assessoria"],"acf":[],"jetpack_featured_media_url":"https:\/\/www.cinc.com\/wp-content\/uploads\/2023\/03\/813.jpg","uagb_featured_image_src":{"full":["https:\/\/www.cinc.com\/wp-content\/uploads\/2023\/03\/813.jpg",1112,362,false],"thumbnail":["https:\/\/www.cinc.com\/wp-content\/uploads\/2023\/03\/813.jpg",150,49,false],"medium":["https:\/\/www.cinc.com\/wp-content\/uploads\/2023\/03\/813.jpg",300,98,false],"medium_large":["https:\/\/www.cinc.com\/wp-content\/uploads\/2023\/03\/813.jpg",768,250,false],"large":["https:\/\/www.cinc.com\/wp-content\/uploads\/2023\/03\/813.jpg",960,313,false],"1536x1536":["https:\/\/www.cinc.com\/wp-content\/uploads\/2023\/03\/813.jpg",1112,362,false],"2048x2048":["https:\/\/www.cinc.com\/wp-content\/uploads\/2023\/03\/813.jpg",1112,362,false],"gform-image-choice-sm":["https:\/\/www.cinc.com\/wp-content\/uploads\/2023\/03\/813.jpg",300,98,false],"gform-image-choice-md":["https:\/\/www.cinc.com\/wp-content\/uploads\/2023\/03\/813.jpg",400,130,false],"gform-image-choice-lg":["https:\/\/www.cinc.com\/wp-content\/uploads\/2023\/03\/813.jpg",600,195,false]},"uagb_author_info":{"display_name":"Utrans","author_link":"https:\/\/www.cinc.com\/ca\/author\/utrans\/"},"uagb_comment_info":0,"uagb_excerpt":"El Ministeri d&#39;Inclusi&oacute;, Seguretat Social i Migracions ha em&egrave;s un comunicat en qu&egrave; desmenteix que hi hagi modificacions respecte a les condicions dels aut&ograve;noms, garantint el cobrament de la prestaci&oacute; extraordin&agrave;ria pel COVID19:","jetpack_sharing_enabled":true,"_links":{"self":[{"href":"https:\/\/www.cinc.com\/ca\/wp-json\/wp\/v2\/posts\/2625","targetHints":{"allow":["GET"]}}],"collection":[{"href":"https:\/\/www.cinc.com\/ca\/wp-json\/wp\/v2\/posts"}],"about":[{"href":"https:\/\/www.cinc.com\/ca\/wp-json\/wp\/v2\/types\/post"}],"author":[{"embeddable":true,"href":"https:\/\/www.cinc.com\/ca\/wp-json\/wp\/v2\/users\/2"}],"replies":[{"embeddable":true,"href":"https:\/\/www.cinc.com\/ca\/wp-json\/wp\/v2\/comments?post=2625"}],"version-history":[{"count":0,"href":"https:\/\/www.cinc.com\/ca\/wp-json\/wp\/v2\/posts\/2625\/revisions"}],"wp:featuredmedia":[{"embeddable":true,"href":"https:\/\/www.cinc.com\/ca\/wp-json\/wp\/v2\/media\/2626"}],"wp:attachment":[{"href":"https:\/\/www.cinc.com\/ca\/wp-json\/wp\/v2\/media?parent=2625"}],"wp:term":[{"taxonomy":"category","embeddable":true,"href":"https:\/\/www.cinc.com\/ca\/wp-json\/wp\/v2\/categories?post=2625"},{"taxonomy":"post_tag","embeddable":true,"href":"https:\/\/www.cinc.com\/ca\/wp-json\/wp\/v2\/tags?post=2625"}],"curies":[{"name":"wp","href":"https:\/\/api.w.org\/{rel}","templated":true}]}}