{"id":26082,"date":"2024-07-12T11:22:40","date_gmt":"2024-07-12T10:22:40","guid":{"rendered":"https:\/\/www.cinc.com\/?p=26082"},"modified":"2024-07-17T12:43:03","modified_gmt":"2024-07-17T11:43:03","slug":"entrevista-a-elite-digital-logistics","status":"publish","type":"post","link":"https:\/\/www.cinc.com\/ca\/entrevista-a-elite-digital-logistics\/","title":{"rendered":"Entrevista a Elite Digital Logistics"},"content":{"rendered":"\n<p><strong>Any de fundaci\u00f3:<\/strong> 1991<\/p>\n\n\n\n<p><strong>Sector:<\/strong> Serveis log\u00edstics, comer\u00e7 exterior<\/p>\n\n\n\n<p><strong>Ubicaci\u00f3:<\/strong> Oficines centrals globals a Singapur. Oficines centrals regionals a Anvers, Houston i Dubai. Oficina nacional a Barcelona. En total, tenim 20 oficines a 15 pa\u00efsos.<\/p>\n\n\n\n<p><strong>Lloc web:<\/strong> <a href=\"https:\/\/www.elitedigitallogistics.com\/\" target=\"_blank\" rel=\"noreferrer noopener\">https:\/\/www.elitedigitallogistics.com\/<\/a><\/p>\n\n\n\n<p><\/p>\n\n\n\n<h4 class=\"wp-block-heading\">Qui \u00e9s Elite Digital Logistics?<\/h4>\n\n\n\n<p>Elite Digital Logistics \u00e9s un prove\u00efdor global l\u00edder en la gesti\u00f3 de transport i documentaci\u00f3, aix\u00ed com un transitari (forwarder, en angl\u00e8s). Actuem com a prove\u00efdors 4PL, basats en una estructura lliure d&#8217;actius, cosa que ens permet oferir sempre la millor soluci\u00f3 sense estar lligats a cap prove\u00efdor en particular. Ens integrem amb els nostres clients en la mesura que ho necessitin, des de la no-integraci\u00f3 en absolut fins a la total integraci\u00f3 amb els seus ERPs i departaments log\u00edstics i de compres.<\/p>\n\n\n\n<p>Som una companyia multinacional de mida mitjana. Som prou grans, amb els avantatges que aix\u00f2 comporta, com ara economies d&#8217;escala, poder de negociaci\u00f3 i cobertura global. I, alhora, som prou petits per preocupar-nos pels nostres clients.<\/p>\n\n\n\n<p>Tenim pres\u00e8ncia a \u00c0sia, Europa, Am\u00e8rica i Orient Mitj\u00e0.<\/p>\n\n\n\n<p><\/p>\n\n\n\n<h4 class=\"wp-block-heading\">Com va sorgir la creaci\u00f3 de lempresa?<\/h4>\n\n\n\n<p>Elite es va crear per satisfer les necessitats de les empreses qu\u00edmiques globals, per gestionar els fluxos dels seus productes per tot el m\u00f3n de manera transparent. El transport i la cadena de subministrament han esdevingut molt complexos, aix\u00ed que t\u00e9 sentit confiar la gesti\u00f3 d&#8217;aquesta complexitat a un especialista.<\/p>\n\n\n\n<p>A quins sectors o ind\u00fastries us dirigiu principalment?<br>Els nostres clients s\u00f3n companyies amb necessitats log\u00edstiques, especialment importaci\u00f3 i exportaci\u00f3.<\/p>\n\n\n\n<p>El nostre focus principal s\u00f3n les empreses qu\u00edmiques. El nostre comprom\u00eds amb la seguretat, qualitat i fiabilitat fa els nostres serveis tamb\u00e9 atractius a altres clients industrials B2B amb cadenes de subministrament extenses.<\/p>\n\n\n\n<p><\/p>\n\n\n\n<h4 class=\"wp-block-heading\">Quins serveis, tecnologies innovadores i solucions log\u00edstiques oferiu?<\/h4>\n\n\n\n<p>Els nostres clients ens envien les ordres de transport i nosaltres ens fem c\u00e0rrec de la resta, des de la recollida fins al lliurament. Per als enviaments mar\u00edtims, aix\u00f2 inclou la producci\u00f3 de tots els documents d&#8217;enviament (factures, packing lists, cartes de cr\u00e8dit, certificats d&#8217;origen, \u2026), la gesti\u00f3 dels contenidors i el control de l&#8217;exercici de les companyies navilieres.<\/p>\n\n\n\n<p>La nostra plataforma digital obt\u00e9 la informaci\u00f3 en temps real d&#8217;altres prove\u00efdors de transport i la fa visible de manera senzilla. Aix\u00f2 permet als nostres clients tenir control sobre els seus embarcaments i ens permet a nosaltres oferir un reporting retrospectiu per identificar i implementar millores.<\/p>\n\n\n\n<p>La nostra darrera innovaci\u00f3 \u00e9s una eina d&#8217;empremta de carboni per informar de les emissions d&#8217;abast 3. Aix\u00f2 s&#8217;est\u00e0 tornant cada cop m\u00e9s rellevant a causa de la legislaci\u00f3 europea.<\/p>\n\n\n\n<p>Tot aix\u00f2 ho aconseguim amb una forta inversi\u00f3 en sistemes dinformaci\u00f3, la major part dels quals s\u00f3n de desenvolupament propi gr\u00e0cies al nostre equip dIT gestionat des de Singapur.<\/p>\n\n\n\n<p><\/p>\n\n\n\n<h4 class=\"wp-block-heading\">Podr\u00edeu explicar-nos com funciona el vostre sistema de seguiment i tra\u00e7abilitat d&#8217;enviaments?<\/h4>\n\n\n\n<p>Atorguem completa visibilitat als nostres clients, b\u00e9 des del nostre portal, b\u00e9 per connexi\u00f3 EDI, o fins i tot en els seus propis sistemes.<\/p>\n\n\n\n<p>Donem als nostres clients una Torre de Control o b\u00e9 ens integrem a les seves pr\u00f2pies Torres.<\/p>\n\n\n\n<p>Aix\u00f2 \u00e9s resultat que el nostre sistema estigui connectat amb els principals actors de la cadena de subministrament: companyies navilieres, ports i terminals, portals especialitzats i duanes.<\/p>\n\n\n\n<p><\/p>\n\n\n\n<h4 class=\"wp-block-heading\">Quin ha estat el vostre cas d&#8217;\u00e8xit m\u00e9s gran fins ara?<\/h4>\n\n\n\n<p>Hem tingut multitud d\u00e8xits en aquests 33 anys dhist\u00f2ria sense realment invertir massa en vendes i m\u00e0rqueting. Aix\u00ed que el nostre cas d&#8217;\u00e8xit m\u00e9s gran ha estat que la nostra reputaci\u00f3 i rendiment facilitin el creixement org\u00e0nic amb els nostres clients actuals i ens permetin guanyar nous clients alhora.<\/p>\n\n\n\n<p><\/p>\n\n\n\n<h4 class=\"wp-block-heading\">Quins s\u00f3n els vostres desafiaments m\u00e9s grans?<\/h4>\n\n\n\n<p>Et citar\u00e9 3, per\u00f2 aquest \u00e9s un sector en cont\u00ednua evoluci\u00f3 en qu\u00e8 mai no deixen de succeir coses i apareixen nous desafiaments cont\u00ednuament.<\/p>\n\n\n\n<p>El primer s\u00f3n les interrupcions a la cadena de subministrament. Per exemple, els atacs huties a l&#8217;estret de Bab-el-Mandeb que estan obligant els vaixells a evitar el canal de Suez i capgirar l&#8217;\u00c0frica. O la sequera a Panam\u00e0 que ha redu\u00eft considerablement la capacitat del seu canal.<\/p>\n\n\n\n<p>El segon \u00e9s la relocalitzaci\u00f3 de la ind\u00fastria, que impacta en gran mesura en la reducci\u00f3 dels centres exportadors europeus.<\/p>\n\n\n\n<p>I el darrer repte \u00e9s entendre com el m\u00f3n log\u00edstic global evolucionar\u00e0 per permetre&#8217;ns estar sempre un pas endavant i oferir en tot moment solucions innovadores als nostres clients.<\/p>\n\n\n\n<p><\/p>\n\n\n\n<h4 class=\"wp-block-heading\">Com visualitzeu l&#8217;empresa d&#8217;aqu\u00ed 5 o 10 anys (en el futur)?<\/h4>\n\n\n\n<p>A causa de la creixent complexitat i digitalitzaci\u00f3 de la ind\u00fastria, el mercat 4PL est\u00e0 creixent any rere any. Seguirem creixent, involucrant-nos m\u00e9s profundament a les cadenes de subministrament dels nostres clients i portant-los al seg\u00fcent nivell de sofisticaci\u00f3. No t\u00e9 fi.<\/p>\n\n\n\n<p>Continuarem fidels als nostres valors. Som una empresa relativament modesta, centrada a donar un alt rendiment i confiant en la nostra reputaci\u00f3.<\/p>\n\n\n\n<p><\/p>\n\n\n\n<h4 class=\"wp-block-heading\">Qu\u00e8 \u00e9s el que m\u00e9s valoreu de CINC?<\/h4>\n\n\n\n<p>Estem molt impressionats amb la seva actitud professional, amb la capacitat i el comprom\u00eds. La gamma de serveis s&#8217;ajusta a les nostres necessitats. Els seus coneixements ens permeten fer front a les nostres activitats sabent que tenim la seguretat que les coses s&#8217;estan fent correctament.<\/p>\n","protected":false},"excerpt":{"rendered":"<p>Entrevistem Emilio Garc\u00eda Ib\u00e1\u00f1ez, Country Manager d&#8217;Elite Digital Logistics a Espanya, empresa fundada el 1991.<\/p>\n","protected":false},"author":8,"featured_media":26105,"comment_status":"open","ping_status":"open","sticky":false,"template":"","format":"standard","meta":{"_acf_changed":false,"_uag_custom_page_level_css":"","_jetpack_memberships_contains_paid_content":false,"footnotes":""},"categories":[19],"tags":[206,108],"class_list":["post-26082","post","type-post","status-publish","format-standard","has-post-thumbnail","hentry","category-entrevistes","tag-elite-digital-logistics-2","tag-entrevista"],"acf":[],"jetpack_featured_media_url":"https:\/\/www.cinc.com\/wp-content\/uploads\/Fotos-Blog-CINC-WordPress-57.webp","uagb_featured_image_src":{"full":["https:\/\/www.cinc.com\/wp-content\/uploads\/Fotos-Blog-CINC-WordPress-57.webp",1920,1080,false],"thumbnail":["https:\/\/www.cinc.com\/wp-content\/uploads\/Fotos-Blog-CINC-WordPress-57-150x150.webp",150,150,true],"medium":["https:\/\/www.cinc.com\/wp-content\/uploads\/Fotos-Blog-CINC-WordPress-57-300x169.webp",300,169,true],"medium_large":["https:\/\/www.cinc.com\/wp-content\/uploads\/Fotos-Blog-CINC-WordPress-57-768x432.webp",768,432,true],"large":["https:\/\/www.cinc.com\/wp-content\/uploads\/Fotos-Blog-CINC-WordPress-57-1024x576.webp",960,540,true],"1536x1536":["https:\/\/www.cinc.com\/wp-content\/uploads\/Fotos-Blog-CINC-WordPress-57-1536x864.webp",1536,864,true],"2048x2048":["https:\/\/www.cinc.com\/wp-content\/uploads\/Fotos-Blog-CINC-WordPress-57.webp",1920,1080,false],"gform-image-choice-sm":["https:\/\/www.cinc.com\/wp-content\/uploads\/Fotos-Blog-CINC-WordPress-57.webp",300,169,false],"gform-image-choice-md":["https:\/\/www.cinc.com\/wp-content\/uploads\/Fotos-Blog-CINC-WordPress-57.webp",400,225,false],"gform-image-choice-lg":["https:\/\/www.cinc.com\/wp-content\/uploads\/Fotos-Blog-CINC-WordPress-57.webp",600,338,false]},"uagb_author_info":{"display_name":"F\u00e0tima Duran","author_link":"https:\/\/www.cinc.com\/ca\/author\/fatima\/"},"uagb_comment_info":0,"uagb_excerpt":"Entrevistem Emilio Garc\u00eda Ib\u00e1\u00f1ez, Country Manager d'Elite Digital Logistics a Espanya, empresa fundada el 1991.","jetpack_sharing_enabled":true,"_links":{"self":[{"href":"https:\/\/www.cinc.com\/ca\/wp-json\/wp\/v2\/posts\/26082","targetHints":{"allow":["GET"]}}],"collection":[{"href":"https:\/\/www.cinc.com\/ca\/wp-json\/wp\/v2\/posts"}],"about":[{"href":"https:\/\/www.cinc.com\/ca\/wp-json\/wp\/v2\/types\/post"}],"author":[{"embeddable":true,"href":"https:\/\/www.cinc.com\/ca\/wp-json\/wp\/v2\/users\/8"}],"replies":[{"embeddable":true,"href":"https:\/\/www.cinc.com\/ca\/wp-json\/wp\/v2\/comments?post=26082"}],"version-history":[{"count":2,"href":"https:\/\/www.cinc.com\/ca\/wp-json\/wp\/v2\/posts\/26082\/revisions"}],"predecessor-version":[{"id":26459,"href":"https:\/\/www.cinc.com\/ca\/wp-json\/wp\/v2\/posts\/26082\/revisions\/26459"}],"wp:featuredmedia":[{"embeddable":true,"href":"https:\/\/www.cinc.com\/ca\/wp-json\/wp\/v2\/media\/26105"}],"wp:attachment":[{"href":"https:\/\/www.cinc.com\/ca\/wp-json\/wp\/v2\/media?parent=26082"}],"wp:term":[{"taxonomy":"category","embeddable":true,"href":"https:\/\/www.cinc.com\/ca\/wp-json\/wp\/v2\/categories?post=26082"},{"taxonomy":"post_tag","embeddable":true,"href":"https:\/\/www.cinc.com\/ca\/wp-json\/wp\/v2\/tags?post=26082"}],"curies":[{"name":"wp","href":"https:\/\/api.w.org\/{rel}","templated":true}]}}