{"id":2570,"date":"2020-03-17T00:00:00","date_gmt":"2020-03-17T00:00:00","guid":{"rendered":"https:\/\/www.cinc.com\/covid-19-la-generalitat-donara-una-prestacio-als-autonoms-per-compensar-les-perdues-pel-coronavirus\/"},"modified":"2020-03-17T00:00:00","modified_gmt":"2020-03-17T00:00:00","slug":"covid-19-la-generalitat-donara-una-prestacio-als-autonoms-per-compensar-les-perdues-pel-coronavirus","status":"publish","type":"post","link":"https:\/\/www.cinc.com\/ca\/covid-19-la-generalitat-donara-una-prestacio-als-autonoms-per-compensar-les-perdues-pel-coronavirus\/","title":{"rendered":"COVID-19: La Generalitat donar\u00e0 una prestaci\u00f3 als aut\u00f2noms per compensar les p\u00e8rdues pel coronavirus"},"content":{"rendered":"<div style=\"text-align: justify;\">\n\tEl Conseller de Treball i Afers Socials i Fam&iacute;lies ha avan&ccedil;at que la Generalitat aprovar&agrave; un Decret que consisteix en un ajut en forma de prestaci&oacute; econ&ograve;mica per als treballadors aut&ograve;noms que acreditin una reducci&oacute; dr&agrave;stica i involunt&agrave;ria de la seva facturaci&oacute; motivada pel coronavirus.<\/div>\n<div style=\"text-align: justify;\">\n\t&nbsp;<\/div>\n<div style=\"text-align: justify;\">\n\t<strong>Quins requisitis han de complir-se?<\/strong><\/div>\n<div style=\"text-align: justify;\">\n\t&nbsp;<\/div>\n<div style=\"text-align: justify;\">\n\tEl requisits que hauran de&nbsp; complir els aut&ograve;noms per acollir-se a la prestaci&oacute; seran:<\/div>\n<ul>\n<li style=\"text-align: justify;\">\n\t\tEstar donat d&rsquo;alta al r&egrave;gim d&rsquo;aut&ograve;noms<\/li>\n<li style=\"text-align: justify;\">\n\t\tTenir domicili fiscal a Catalunya<\/li>\n<li style=\"text-align: justify;\">\n\t\tConstar d&rsquo;alta tamb&eacute; en les activitats sobre les quals s&rsquo;ha decretat el tancament i\/o p&egrave;rdues en la facturaci&oacute; durant aquest mes de mar&ccedil; en comparaci&oacute; al mes de mar&ccedil; de l&rsquo;any passat.&nbsp;<\/li>\n<\/ul>\n<div style=\"text-align: justify;\">\n\t<strong>Quin import tindr&agrave; la prestaci&oacute;?<\/strong><\/div>\n<div style=\"text-align: justify;\">\n\t&nbsp;<\/div>\n<div style=\"text-align: justify;\">\n\tEs preveu que l&rsquo;ajut&nbsp; sigui de fins a 2.000&euro; per persones f&iacute;siques.<\/div>\n<div style=\"text-align: justify;\">\n\t&nbsp;<\/div>\n<div style=\"text-align: justify;\">\n\t<strong>Pot sol&middot;licitar-la qualsevol aut&ograve;nom\/a?<\/strong><\/div>\n<div style=\"text-align: justify;\">\n\t&nbsp;<\/div>\n<div style=\"text-align: justify;\">\n\tAquesta prestaci&oacute; est&agrave; adre&ccedil;ada &uacute;nicament a les persones f&iacute;siques en r&egrave;gim d&#39;aut&ograve;noms de la Seguretat Social, i exclou els treballadors aut&ograve;noms socis de societats mercantils, cooperatives o societats laborals, treballadors aut&ograve;noms col&middot;laboradors, membres d&#39;&ograve;rgans d&#39;administraci&oacute; de societats, aix&iacute; com familiars de socis i religiosos.&nbsp;<\/div>\n<div style=\"text-align: justify;\">\n\t&nbsp;<\/div>\n<div style=\"text-align: justify;\">\n\tPendents que el govern anunci&iuml; l&#39;aprovaci&oacute; d&#39;una s&egrave;rie de mesures excepcionals i urgents per a la protecci&oacute; de la salut p&uacute;blica en motiu de l&#39;afectaci&oacute; pel coronavirus, emetem aquesta circular informativa amb l&rsquo;&agrave;nim de mantenir-vos informats\/des i per tal de donar resposta als dubtes que genera aquesta situaci&oacute; d&rsquo;excepcionalitat.<\/div>\n<div style=\"text-align: justify;\">\n\t&nbsp;<\/div>\n<div style=\"text-align: justify;\">\n\tSeguirem&nbsp; informant de les novetats legislatives que es publiquin i restem a la vostra disposici&oacute; per a qualsevol aclariment i \/o dubte.<\/div>\n<div>\n\t&nbsp;<\/div>\n","protected":false},"excerpt":{"rendered":"<p style=\"text-align: justify;\">\n\t<span style=\"text-align: justify;\">El Conseller de Treball i Afers Socials i Fam&iacute;lies ha avan&ccedil;at que la Generalitat aprovar&agrave; un Decret que consisteix en un ajut en forma de prestaci&oacute; econ&ograve;mica per als treballadors aut&ograve;noms que acreditin una reducci&oacute; dr&agrave;stica i involunt&agrave;ria de la seva facturaci&oacute; motivada pel coronavirus.<\/span><\/p>\n","protected":false},"author":2,"featured_media":2571,"comment_status":"open","ping_status":"open","sticky":false,"template":"","format":"standard","meta":{"_acf_changed":false,"_uag_custom_page_level_css":"","_jetpack_memberships_contains_paid_content":false,"footnotes":""},"categories":[18],"tags":[],"class_list":["post-2570","post","type-post","status-publish","format-standard","has-post-thumbnail","hentry","category-assessoria"],"acf":[],"jetpack_featured_media_url":"https:\/\/www.cinc.com\/wp-content\/uploads\/2023\/03\/800.jpg","uagb_featured_image_src":{"full":["https:\/\/www.cinc.com\/wp-content\/uploads\/2023\/03\/800.jpg",1112,361,false],"thumbnail":["https:\/\/www.cinc.com\/wp-content\/uploads\/2023\/03\/800.jpg",150,49,false],"medium":["https:\/\/www.cinc.com\/wp-content\/uploads\/2023\/03\/800.jpg",300,97,false],"medium_large":["https:\/\/www.cinc.com\/wp-content\/uploads\/2023\/03\/800.jpg",768,249,false],"large":["https:\/\/www.cinc.com\/wp-content\/uploads\/2023\/03\/800.jpg",960,312,false],"1536x1536":["https:\/\/www.cinc.com\/wp-content\/uploads\/2023\/03\/800.jpg",1112,361,false],"2048x2048":["https:\/\/www.cinc.com\/wp-content\/uploads\/2023\/03\/800.jpg",1112,361,false],"gform-image-choice-sm":["https:\/\/www.cinc.com\/wp-content\/uploads\/2023\/03\/800.jpg",300,97,false],"gform-image-choice-md":["https:\/\/www.cinc.com\/wp-content\/uploads\/2023\/03\/800.jpg",400,130,false],"gform-image-choice-lg":["https:\/\/www.cinc.com\/wp-content\/uploads\/2023\/03\/800.jpg",600,195,false]},"uagb_author_info":{"display_name":"Utrans","author_link":"https:\/\/www.cinc.com\/ca\/author\/utrans\/"},"uagb_comment_info":0,"uagb_excerpt":"El Conseller de Treball i Afers Socials i Fam&iacute;lies ha avan&ccedil;at que la Generalitat aprovar&agrave; un Decret que consisteix en un ajut en forma de prestaci&oacute; econ&ograve;mica per als treballadors aut&ograve;noms que acreditin una reducci&oacute; dr&agrave;stica i involunt&agrave;ria de la seva facturaci&oacute; motivada pel coronavirus.","jetpack_sharing_enabled":true,"_links":{"self":[{"href":"https:\/\/www.cinc.com\/ca\/wp-json\/wp\/v2\/posts\/2570","targetHints":{"allow":["GET"]}}],"collection":[{"href":"https:\/\/www.cinc.com\/ca\/wp-json\/wp\/v2\/posts"}],"about":[{"href":"https:\/\/www.cinc.com\/ca\/wp-json\/wp\/v2\/types\/post"}],"author":[{"embeddable":true,"href":"https:\/\/www.cinc.com\/ca\/wp-json\/wp\/v2\/users\/2"}],"replies":[{"embeddable":true,"href":"https:\/\/www.cinc.com\/ca\/wp-json\/wp\/v2\/comments?post=2570"}],"version-history":[{"count":0,"href":"https:\/\/www.cinc.com\/ca\/wp-json\/wp\/v2\/posts\/2570\/revisions"}],"wp:featuredmedia":[{"embeddable":true,"href":"https:\/\/www.cinc.com\/ca\/wp-json\/wp\/v2\/media\/2571"}],"wp:attachment":[{"href":"https:\/\/www.cinc.com\/ca\/wp-json\/wp\/v2\/media?parent=2570"}],"wp:term":[{"taxonomy":"category","embeddable":true,"href":"https:\/\/www.cinc.com\/ca\/wp-json\/wp\/v2\/categories?post=2570"},{"taxonomy":"post_tag","embeddable":true,"href":"https:\/\/www.cinc.com\/ca\/wp-json\/wp\/v2\/tags?post=2570"}],"curies":[{"name":"wp","href":"https:\/\/api.w.org\/{rel}","templated":true}]}}