{"id":2565,"date":"2020-03-17T00:00:00","date_gmt":"2020-03-17T00:00:00","guid":{"rendered":"https:\/\/www.cinc.com\/covid-19-recomanacions-en-les-situacions-de-guarda-compartida-i-regim-de-comunicacio-i-estades-establert-per-resolucio-judicial\/"},"modified":"2020-03-17T00:00:00","modified_gmt":"2020-03-17T00:00:00","slug":"covid-19-recomanacions-en-les-situacions-de-guarda-compartida-i-regim-de-comunicacio-i-estades-establert-per-resolucio-judicial","status":"publish","type":"post","link":"https:\/\/www.cinc.com\/ca\/covid-19-recomanacions-en-les-situacions-de-guarda-compartida-i-regim-de-comunicacio-i-estades-establert-per-resolucio-judicial\/","title":{"rendered":"COVID-19: Recomanacions en les situacions de guarda compartida i r\u00e8gim de comunicaci\u00f3 i estades establert per resoluci\u00f3 judicial"},"content":{"rendered":"<div style=\"text-align: justify;\">\n<div>\n\t\tLa Comissi&oacute; de Dret de Persona i Fam&iacute;lia de l&rsquo;Il&middot;lustre Col&middot;legi d&rsquo;Advocats de Girona trasllada les seg&uuml;ents recomanacions publicades per l&rsquo;ICAB:<\/div>\n<div>\n\t\t&nbsp;<\/div>\n<div>\n\t\tEls progenitors han d&rsquo;actuar ajustant l&rsquo;exercici de les responsabilitats parentals a les normes sanit&agrave;ries.&nbsp;<\/div>\n<div>\n\t\t&nbsp;<\/div>\n<div>\n\t\tLa restricci&oacute; de circulaci&oacute; de persones del Real Decret que declara l&rsquo;Estat d&rsquo;Alarma preveu els serveis b&agrave;sics, atenci&oacute; a persones dependents i menors d&rsquo;edat. En aquest sentit Protecci&oacute; Civil permet la circulaci&oacute; a l&rsquo;efecte dels canvis en r&egrave;gim de cust&ograve;dia compartida o &ldquo;similars&rdquo;.<\/div>\n<div>\n\t\t&nbsp;<\/div>\n<div>\n\t\tEn els r&egrave;gims de cust&ograve;dia exclusiva d&rsquo;un dels progenitors, a l&rsquo;efecte de poder donar compliment al r&egrave;gim de comunicaci&oacute; i estades, els progenitors han de consensuar les modificacions oportunes de manera que es garanteixin els drets dels menors i s&rsquo;evitin al m&agrave;xim els riscos per a la salut.<\/div>\n<div>\n\t\t&nbsp;<\/div>\n<div>\n\t\tSi no &eacute;s possible arribar a un consens, es recomana que haur&agrave; de ser el progenitor custodi el que romangui amb el menor durant els 15 dies de l&rsquo;estat d&rsquo;alarma impedint d&rsquo;aquesta manera (i) que les trobades i visites sense pernocta es puguin realitzar a l&rsquo;espai p&uacute;blic i (ii) que les visites i trobades amb pernocta suposin un trasllat excessiu dels menors i un risc per al contagi de tots dos familiars.<\/div>\n<div>\n\t\t&nbsp;<\/div>\n<div>\n\t\tAquestes recomanacions es fan sens perjudici de poder donar compliment al r&egrave;gim de visites mitjan&ccedil;ant r&egrave;gim telef&ograve;nic, Skype i\/o altres mitjans electr&ograve;nics, que s&oacute;n completament necessaris per al contacte del menor amb el progenitor no custodi, preservant aix&iacute; el drets del menors.&nbsp;<\/div>\n<div>\n\t\t&nbsp;<\/div>\n<div>\n\t\tEn els sup&ograve;sits amb fills menors d&rsquo;edat de m&eacute;s de 12 anys caldr&agrave; escolar les seves opinions i explicar-los les circumst&agrave;ncies excepcionals del moment.&nbsp;<\/div>\n<div>\n\t\t&nbsp;<\/div>\n<div>\n\t\tCal advertir que en tot moment ha de prevaler l&rsquo;inter&egrave;s superior dels menors i en aquest cas, tamb&eacute;, el de la seva salut, donant compliment en tot moment a les directrius del Ministeri de Sanitat.<\/div>\n<\/div>\n<p>\n\t&nbsp;<\/p>\n","protected":false},"excerpt":{"rendered":"<div style=\"text-align: justify;\">\n\tLa Comissi&oacute; de Dret de Persona i Fam&iacute;lia de l&rsquo;Il&middot;lustre Col&middot;legi d&rsquo;Advocats de Girona trasllada les seg&uuml;ents recomanacions publicades per l&rsquo;ICAB.<\/div>\n<p>\n\t&nbsp;<\/p>\n","protected":false},"author":2,"featured_media":2566,"comment_status":"open","ping_status":"open","sticky":false,"template":"","format":"standard","meta":{"_acf_changed":false,"_uag_custom_page_level_css":"","_jetpack_memberships_contains_paid_content":false,"footnotes":""},"categories":[18],"tags":[],"class_list":["post-2565","post","type-post","status-publish","format-standard","has-post-thumbnail","hentry","category-assessoria"],"acf":[],"jetpack_featured_media_url":"https:\/\/www.cinc.com\/wp-content\/uploads\/2023\/03\/799.jpg","uagb_featured_image_src":{"full":["https:\/\/www.cinc.com\/wp-content\/uploads\/2023\/03\/799.jpg",1113,361,false],"thumbnail":["https:\/\/www.cinc.com\/wp-content\/uploads\/2023\/03\/799.jpg",150,49,false],"medium":["https:\/\/www.cinc.com\/wp-content\/uploads\/2023\/03\/799.jpg",300,97,false],"medium_large":["https:\/\/www.cinc.com\/wp-content\/uploads\/2023\/03\/799.jpg",768,249,false],"large":["https:\/\/www.cinc.com\/wp-content\/uploads\/2023\/03\/799.jpg",960,311,false],"1536x1536":["https:\/\/www.cinc.com\/wp-content\/uploads\/2023\/03\/799.jpg",1113,361,false],"2048x2048":["https:\/\/www.cinc.com\/wp-content\/uploads\/2023\/03\/799.jpg",1113,361,false],"gform-image-choice-sm":["https:\/\/www.cinc.com\/wp-content\/uploads\/2023\/03\/799.jpg",300,97,false],"gform-image-choice-md":["https:\/\/www.cinc.com\/wp-content\/uploads\/2023\/03\/799.jpg",400,130,false],"gform-image-choice-lg":["https:\/\/www.cinc.com\/wp-content\/uploads\/2023\/03\/799.jpg",600,195,false]},"uagb_author_info":{"display_name":"Utrans","author_link":"https:\/\/www.cinc.com\/ca\/author\/utrans\/"},"uagb_comment_info":0,"uagb_excerpt":"La Comissi&oacute; de Dret de Persona i Fam&iacute;lia de l&rsquo;Il&middot;lustre Col&middot;legi d&rsquo;Advocats de Girona trasllada les seg&uuml;ents recomanacions publicades per l&rsquo;ICAB. &nbsp;","jetpack_sharing_enabled":true,"_links":{"self":[{"href":"https:\/\/www.cinc.com\/ca\/wp-json\/wp\/v2\/posts\/2565","targetHints":{"allow":["GET"]}}],"collection":[{"href":"https:\/\/www.cinc.com\/ca\/wp-json\/wp\/v2\/posts"}],"about":[{"href":"https:\/\/www.cinc.com\/ca\/wp-json\/wp\/v2\/types\/post"}],"author":[{"embeddable":true,"href":"https:\/\/www.cinc.com\/ca\/wp-json\/wp\/v2\/users\/2"}],"replies":[{"embeddable":true,"href":"https:\/\/www.cinc.com\/ca\/wp-json\/wp\/v2\/comments?post=2565"}],"version-history":[{"count":0,"href":"https:\/\/www.cinc.com\/ca\/wp-json\/wp\/v2\/posts\/2565\/revisions"}],"wp:featuredmedia":[{"embeddable":true,"href":"https:\/\/www.cinc.com\/ca\/wp-json\/wp\/v2\/media\/2566"}],"wp:attachment":[{"href":"https:\/\/www.cinc.com\/ca\/wp-json\/wp\/v2\/media?parent=2565"}],"wp:term":[{"taxonomy":"category","embeddable":true,"href":"https:\/\/www.cinc.com\/ca\/wp-json\/wp\/v2\/categories?post=2565"},{"taxonomy":"post_tag","embeddable":true,"href":"https:\/\/www.cinc.com\/ca\/wp-json\/wp\/v2\/tags?post=2565"}],"curies":[{"name":"wp","href":"https:\/\/api.w.org\/{rel}","templated":true}]}}