{"id":25542,"date":"2024-06-06T12:33:15","date_gmt":"2024-06-06T11:33:15","guid":{"rendered":"https:\/\/www.cinc.com\/?p=25542"},"modified":"2024-06-06T12:54:12","modified_gmt":"2024-06-06T11:54:12","slug":"com-afecta-la-nova-politica-de-privacitat-de-meta-en-la-proteccio-de-dades-dels-usuaris","status":"publish","type":"post","link":"https:\/\/www.cinc.com\/ca\/com-afecta-la-nova-politica-de-privacitat-de-meta-en-la-proteccio-de-dades-dels-usuaris\/","title":{"rendered":"Com afecta la nova Pol\u00edtica de Privacitat de Meta en la Protecci\u00f3 de Dades dels usuaris"},"content":{"rendered":"\n<p>Meta ha anunciat recentment una actualitzaci\u00f3 en les seves condicions de Pol\u00edtica de Privacitat, mitjan\u00e7ant la qual utilitzar\u00e0 per defecte les imatges i textos dels usuaris per entrenar el sistema d&#8217;Intel\u00b7lig\u00e8ncia Artificial (IA). Aquest canvi, que entrar\u00e0 en vigor el proper 26 de juny, ha generat certa controv\u00e8rsia, a causa de la seva repercussi\u00f3 en la protecci\u00f3 de dades personals dels usuaris.<\/p>\n\n\n\n<p>Tot i aix\u00f2, qualsevol persona t\u00e9 dret a negar-se que Meta utilitzi els seus continguts personals en alguns dels seus productes i plataformes amb aquesta finalitat. A continuaci\u00f3, t&#8217;expliquem en qu\u00e8 consisteixen les noves condicions de la Pol\u00edtica de Privacitat de Meta i de quina manera poden ser revocades pels usuaris.<\/p>\n\n\n\n<p><\/p>\n\n\n\n<h2 class=\"wp-block-heading\">A quines plataformes afecten aquests canvis?<\/h2>\n\n\n\n<p>La nova pol\u00edtica de privacitat de Meta inclou plataformes com Facebook, Instagram, Messenger i Threads. Whatsapp quedaria excl\u00f2s daquesta actualitzaci\u00f3.<\/p>\n\n\n\n<p><\/p>\n\n\n\n<h2 class=\"wp-block-heading\">Quin contingut dels usuaris utilitza Meta per entrenar la seva IA i de quina manera?<\/h2>\n\n\n\n<p>Amb la finalitat d&#8217;entrenar els seus models d&#8217;Intel\u00b7lig\u00e8ncia Artificial, Meta t\u00e9 previst utilitzar dades personals, com ara noms i informaci\u00f3 de contacte, a trav\u00e9s de text i imatges de tots els usuaris que no s&#8217;oposin a aquesta acci\u00f3. D&#8217;aquesta manera, com que els models d&#8217;Intel\u00b7lig\u00e8ncia Artificial s&#8217;entrenen amb enormes volums de dades, podran generar contingut nou cada cop que una persona d\u00f3na instruccions a la plataforma o formula una pregunta.<\/p>\n\n\n\n<p><\/p>\n\n\n\n<h2 class=\"wp-block-heading\">Com evitar que Meta utilitzi el contingut dels usuaris amb aquesta finalitat?<\/h2>\n\n\n\n<p>Abans del 26 de juny (entrada en vigor de la nova Pol\u00edtica de Privacitat de Meta), cal accedir al<a href=\"https:\/\/help.instagram.com\/contact\/767264225370182\" target=\"_blank\" rel=\"noreferrer noopener\"> formulari d&#8217;objecci\u00f3<\/a> que Meta ha habilitat.<\/p>\n\n\n\n<p>Un cop s&#8217;hagi accedit al formulari, cal seleccionar el pa\u00eds de resid\u00e8ncia i facilitar una adre\u00e7a de correu electr\u00f2nic, a m\u00e9s de respondre dues q\u00fcestions:<\/p>\n\n\n\n<p><\/p>\n\n\n\n<ul class=\"wp-block-list\">\n<li>Com afecta aquest tractament de les dades (obligat\u00f2ria).<\/li>\n\n\n\n<li>Quina informaci\u00f3 addicional podeu tenir en compte per revisar la vostra objecci\u00f3 (opcional).<\/li>\n<\/ul>\n\n\n\n<p>En aquest sentit, Meta ha assegurat que dur\u00e0 a terme la revisi\u00f3 de totes les sol\u00b7licituds d&#8217;acord amb les lleis de protecci\u00f3 de dades rellevants i, en cas de ser acceptada, s&#8217;aplicar\u00e0 posteriorment.<\/p>\n\n\n\n<p><\/p>\n\n\n\n<h2 class=\"wp-block-heading\">Quins casos quedaran exclosos d&#8217;aquesta revisi\u00f3 per Meta?<\/h2>\n\n\n\n<p>En determinats sup\u00f2sits com, per exemple, si altres usuaris comparteixen imatges en qu\u00e8 apareixes o difonen la teva informaci\u00f3 de forma p\u00fablica, aquestes dades se seguirien utilitzant per entrenar la seva Intel\u00b7lig\u00e8ncia Artificial (IA)<\/p>\n\n\n\n<p>Aquesta actualitzaci\u00f3 de Pol\u00edtica de Privacitat respon a la voluntat de Meta per complir amb les normatives de Protecci\u00f3 de Dades a nivell global, com el <a href=\"https:\/\/apdcat.gencat.cat\/ca\/drets_i_obligacions\/rgpd\" target=\"_blank\" rel=\"noreferrer noopener\">Reglament Europeu de Protecci\u00f3 de Dades (RGDP).<\/a><\/p>\n\n\n\n<p>Si vols m\u00e9s informaci\u00f3 sobre aquesta i altres novetats, no dubtis a <a href=\"https:\/\/www.cinc.com\/ca\/contacte\/\" target=\"_blank\" rel=\"noreferrer noopener\">contactar<\/a> amb el <a href=\"https:\/\/www.cinc.com\/ca\/assessoria-dempreses\/proteccio-de-dades\/\">Departament de Protecci\u00f3 de Dades de CINC Assessoria<\/a>.<\/p>\n","protected":false},"excerpt":{"rendered":"<p>T&#8217;expliquem en qu\u00e8 consisteixen les noves condicions de la Pol\u00edtica de Privacitat de Meta i de quina manera poden ser revocades pels usuaris.<\/p>\n","protected":false},"author":8,"featured_media":25548,"comment_status":"open","ping_status":"open","sticky":false,"template":"","format":"standard","meta":{"_acf_changed":false,"_uag_custom_page_level_css":"","_jetpack_memberships_contains_paid_content":false,"footnotes":""},"categories":[18,103],"tags":[76,84],"class_list":["post-25542","post","type-post","status-publish","format-standard","has-post-thumbnail","hentry","category-assessoria","category-proteccio-de-dades","tag-assessoria","tag-proteccio-de-dades"],"acf":[],"jetpack_featured_media_url":"https:\/\/www.cinc.com\/wp-content\/uploads\/2024\/06\/Fotos-Blog-CINC-WordPress-49.webp","uagb_featured_image_src":{"full":["https:\/\/www.cinc.com\/wp-content\/uploads\/2024\/06\/Fotos-Blog-CINC-WordPress-49.webp",1920,1080,false],"thumbnail":["https:\/\/www.cinc.com\/wp-content\/uploads\/2024\/06\/Fotos-Blog-CINC-WordPress-49-150x150.webp",150,150,true],"medium":["https:\/\/www.cinc.com\/wp-content\/uploads\/2024\/06\/Fotos-Blog-CINC-WordPress-49-300x169.webp",300,169,true],"medium_large":["https:\/\/www.cinc.com\/wp-content\/uploads\/2024\/06\/Fotos-Blog-CINC-WordPress-49-768x432.webp",768,432,true],"large":["https:\/\/www.cinc.com\/wp-content\/uploads\/2024\/06\/Fotos-Blog-CINC-WordPress-49-1024x576.webp",960,540,true],"1536x1536":["https:\/\/www.cinc.com\/wp-content\/uploads\/2024\/06\/Fotos-Blog-CINC-WordPress-49-1536x864.webp",1536,864,true],"2048x2048":["https:\/\/www.cinc.com\/wp-content\/uploads\/2024\/06\/Fotos-Blog-CINC-WordPress-49.webp",1920,1080,false],"gform-image-choice-sm":["https:\/\/www.cinc.com\/wp-content\/uploads\/2024\/06\/Fotos-Blog-CINC-WordPress-49.webp",300,169,false],"gform-image-choice-md":["https:\/\/www.cinc.com\/wp-content\/uploads\/2024\/06\/Fotos-Blog-CINC-WordPress-49.webp",400,225,false],"gform-image-choice-lg":["https:\/\/www.cinc.com\/wp-content\/uploads\/2024\/06\/Fotos-Blog-CINC-WordPress-49.webp",600,338,false]},"uagb_author_info":{"display_name":"F\u00e0tima Duran","author_link":"https:\/\/www.cinc.com\/ca\/author\/fatima\/"},"uagb_comment_info":0,"uagb_excerpt":"T'expliquem en qu\u00e8 consisteixen les noves condicions de la Pol\u00edtica de Privacitat de Meta i de quina manera poden ser revocades pels usuaris.","jetpack_sharing_enabled":true,"_links":{"self":[{"href":"https:\/\/www.cinc.com\/ca\/wp-json\/wp\/v2\/posts\/25542","targetHints":{"allow":["GET"]}}],"collection":[{"href":"https:\/\/www.cinc.com\/ca\/wp-json\/wp\/v2\/posts"}],"about":[{"href":"https:\/\/www.cinc.com\/ca\/wp-json\/wp\/v2\/types\/post"}],"author":[{"embeddable":true,"href":"https:\/\/www.cinc.com\/ca\/wp-json\/wp\/v2\/users\/8"}],"replies":[{"embeddable":true,"href":"https:\/\/www.cinc.com\/ca\/wp-json\/wp\/v2\/comments?post=25542"}],"version-history":[{"count":4,"href":"https:\/\/www.cinc.com\/ca\/wp-json\/wp\/v2\/posts\/25542\/revisions"}],"predecessor-version":[{"id":25553,"href":"https:\/\/www.cinc.com\/ca\/wp-json\/wp\/v2\/posts\/25542\/revisions\/25553"}],"wp:featuredmedia":[{"embeddable":true,"href":"https:\/\/www.cinc.com\/ca\/wp-json\/wp\/v2\/media\/25548"}],"wp:attachment":[{"href":"https:\/\/www.cinc.com\/ca\/wp-json\/wp\/v2\/media?parent=25542"}],"wp:term":[{"taxonomy":"category","embeddable":true,"href":"https:\/\/www.cinc.com\/ca\/wp-json\/wp\/v2\/categories?post=25542"},{"taxonomy":"post_tag","embeddable":true,"href":"https:\/\/www.cinc.com\/ca\/wp-json\/wp\/v2\/tags?post=25542"}],"curies":[{"name":"wp","href":"https:\/\/api.w.org\/{rel}","templated":true}]}}