{"id":25499,"date":"2024-06-04T11:35:47","date_gmt":"2024-06-04T10:35:47","guid":{"rendered":"https:\/\/www.cinc.com\/?p=25499"},"modified":"2024-06-04T12:09:42","modified_gmt":"2024-06-04T11:09:42","slug":"entrevista-a-reverso-lab","status":"publish","type":"post","link":"https:\/\/www.cinc.com\/ca\/entrevista-a-reverso-lab\/","title":{"rendered":"Entrevista a Reverso Lab"},"content":{"rendered":"\n<p><strong>Any de fundaci\u00f3:<\/strong> 2019<br><strong>Sector:<\/strong> TI i publicitat comercial<br><strong>Ubicaci\u00f3:<\/strong> Barcelona (Espanya) i Medell\u00edn (Col\u00f2mbia)<br><strong>Lloc web: <\/strong><a href=\"https:\/\/reversolab.com\/\" target=\"_blank\" rel=\"noreferrer noopener\">https:\/\/reversolab.com\/<\/a> i<a href=\"http:\/\/digitaldisplays.es\/\" target=\"_blank\" rel=\"noreferrer noopener\"> http:\/\/digitaldisplays.es\/<\/a><\/p>\n\n\n\n<p><\/p>\n\n\n\n<h4 class=\"wp-block-heading\">A qu\u00e8 es dedica Reverso Lab i Digitaldisplay.es?<\/h4>\n\n\n\n<p>La nostra empresa ofereix solucions integrals barrejant la intel\u00b7lig\u00e8ncia artificial, realitats augmentades, programari i cartelleria digital innovadora. Generem experi\u00e8ncies de compra \u00faniques. Connectem marques, productes, serveis, missatges i idees amb els nostres clients, podent arribar a hiperpersonalizar les seves experi\u00e8ncies gr\u00e0cies a l&#8217;\u00fas de la IA.<\/p>\n\n\n\n<p>Utilitzem les tecnologies m\u00e9s avan\u00e7ades del mercat per a atreure i impactar de manera efectiva. La nostra proposta de valor es basa a ser una entitat que empra la IA Generativa en el desenvolupament d&#8217;experi\u00e8ncies XR, captant l&#8217;atenci\u00f3 del p\u00fablic i creant un fort missatge i record de marca a trav\u00e9s de la interacci\u00f3 dels usuaris amb sensors de moviment, pantalles t\u00e0ctils, reconeixement de veu, imatges, entre altres. Tamb\u00e9, els nostres projectes, incorporen holografia de diversos tipus i altres dispositius que enriqueixen aquestes pr\u00e0ctiques.<\/p>\n\n\n\n<p><\/p>\n\n\n\n<h4 class=\"wp-block-heading\">A quin tipus d&#8217;audi\u00e8ncia us dirigiu?<\/h4>\n\n\n\n<p>Els nostres clients s\u00f3n empreses de totes les grand\u00e0ries. A m\u00e9s d&#8217;oferir solucions adaptades a cadascuna d&#8217;elles, els ajudem a generar inter\u00e8s, estimular la necessitat de r\u00e8plica i fomentar el desig de manera efectiva. En definitiva, col\u00b7laborem amb les organitzacions per a optimitzar els seus processos i vendre millor les seves idees, productes i serveis, tant de manera digital com f\u00edsica.<\/p>\n\n\n\n<p><\/p>\n\n\n\n<h4 class=\"wp-block-heading\">Per qu\u00e8 haurien de contractar els vostres serveis?<\/h4>\n\n\n\n<p>En el context actual, els nostres serveis s\u00f3n imprescindibles, perqu\u00e8 la comunicaci\u00f3 s&#8217;ha bolcat cap al tecnol\u00f2gic. Observem com el mitj\u00e0 tradicional ha perdut el seu impacte, i amb la creixent depend\u00e8ncia del m\u00f2bil, es passa per alt una gran quantitat d&#8217;informaci\u00f3 de l&#8217;entorn. Aqu\u00ed \u00e9s on entrem nosaltres. Amb la nostra creativitat i eines innovadores, oferim solucions per a captar l&#8217;atenci\u00f3 dels clients i generar-los emocions significatives.<\/p>\n\n\n\n<p>En aquest m\u00f3n saturat d&#8217;est\u00edmuls, destacar i connectar amb l&#8217;audi\u00e8ncia \u00e9s fonamental. Per aix\u00f2, contractar els nostres serveis no sols significa tenir acc\u00e9s a una senyalitzaci\u00f3 visualment atractiva, sin\u00f3 tamb\u00e9 a una experi\u00e8ncia memorable que impulsi la interacci\u00f3 i el comprom\u00eds del p\u00fablic.<\/p>\n\n\n\n<p><\/p>\n\n\n\n<h4 class=\"wp-block-heading\">Quines solucions tecnol\u00f2giques oferiu a les empreses?<\/h4>\n\n\n\n<p>Oferim solucions digitals integrals per a empreses, des del desenvolupament inicial d&#8217;idees fins a la implementaci\u00f3 de tecnologies avan\u00e7ades. Ens especialitzem a brindar la soluci\u00f3 completa, utilitzant metodologies \u00e0gils per al desenvolupament de prototips r\u00e0pids i econ\u00f2mics que validin els objectius espec\u00edfics de cada projecte. Els nostres serveis inclouen el desenvolupament de Programari, integracions amb IA, realitat virtual, realitat augmentada, filtres AR per a xarxes socials, producci\u00f3 de contingut a mesura i la provisi\u00f3 d&#8217;infraestructura de Programari. A m\u00e9s, oferim lloguer i venda d&#8217;equips de cartelleria digital innovadors, com a hologrames, tauletes 3D, monitors 3D, pantalles transparents, pantalles modulars de LED, Smart Mirrors, taules t\u00e0ctils, sensors de moviment, c\u00e0meres amb Programari d&#8217;identificaci\u00f3 anonimitzada d&#8217;audi\u00e8ncia i altres accessoris perif\u00e8rics o complementaris.<\/p>\n\n\n\n<p>Ens destaquem entre altres empreses per ser l&#8217;\u00fanica a Espanya i una de les poques a Europa amb experi\u00e8ncia i capacitat per a desenvolupar solucions complexes a mesura, integrant Programari, IA i equips d&#8217;\u00faltima tecnologia.<\/p>\n\n\n\n<p>Les nostres solucions tecnol\u00f2giques tenen m\u00faltiples beneficis. Impulsen el engagement del client amb la marca, augmentant un 43% el temps de visualitzaci\u00f3 i participaci\u00f3. Captiven a l&#8217;espectador, doblegant les possibilitats que es vegi un missatge. Evoquen emocions, augmentant un 81% la fidelitzaci\u00f3 de clients; l&#8217;audi\u00e8ncia mostra felicitat, la qual cosa incrementa les possibilitats de generar lleialtat a la marca. Finalment, donen la sensaci\u00f3 d&#8217;una empresa que aposta per la innovaci\u00f3 i la tecnologia, i contribueixen a l&#8217;increment de vendes en atreure i impactar millor a l&#8217;audi\u00e8ncia, estimulant aix\u00ed la motivaci\u00f3 de compra.<\/p>\n\n\n\n<p><\/p>\n\n\n\n<h4 class=\"wp-block-heading\">Quina d&#8217;elles destacaries?<\/h4>\n\n\n\n<p>Actualment, comptem amb <strong>Avatars3D, hologr\u00e0fics connectats a ChatGPT<\/strong>, la qual cosa permet interactuar simplement usant un micr\u00f2fon. Aquesta soluci\u00f3 ha despertat un gran inter\u00e8s entre clients com a bancs i institucions governamentals, ja que busquen millorar els seus canals de comunicaci\u00f3 i els seus est\u00e0ndards de servei. Es duen a terme mitjan\u00e7ant commutadors i bots d&#8217;arbre de decisi\u00f3. La IA juga un paper fonamental en aquest proc\u00e9s, perqu\u00e8 ens permet mantenir converses fluides i coherents. Complementem aix\u00f2 amb avatars en 3D humanoides personalitzats, que compten amb sincronitzaci\u00f3 de llavis, moviments i expressions naturals. Aquests avatars s\u00f3n capa\u00e7os de crear experi\u00e8ncies emocionants i \u00fatils en interactuar amb el p\u00fablic.<\/p>\n\n\n\n<p><\/p>\n\n\n\n<h4 class=\"wp-block-heading\">Quins beneficis aconsegueixen els vostres clients amb la digitalitzaci\u00f3 dels seus processos els vostres serveis?<\/h4>\n\n\n\n<p>Els nostres clients experimenten una s\u00e8rie de beneficis. A m\u00e9s d&#8217;atreure m\u00e9s p\u00fablic i augmentar les seves vendes, tenen acc\u00e9s a eines innovadores i efectives per a la venda, la qual cosa els permet optimitzar els seus processos i automatitzar tasques, reduint aix\u00ed els costos interns. Tamb\u00e9, aquesta transformaci\u00f3 els atorga una imatge d&#8217;empresa innovadora, tant davant el p\u00fablic com davant els seus propis empleats, demostrant el seu comprom\u00eds amb l&#8217;adopci\u00f3 de noves tecnologies i la seva capacitat per a adaptar-se a l&#8217;entorn digital en constant evoluci\u00f3.<\/p>\n\n\n\n<p><\/p>\n\n\n\n<h4 class=\"wp-block-heading\">Algun cas d&#8217;\u00e8xit?<\/h4>\n\n\n\n<ul class=\"wp-block-list\">\n<li>Diputaci\u00f3 de Barcelona: implementaci\u00f3 de comunicaci\u00f3 hologr\u00e0fica en esdeveniments i desenvolupaments amb ulleres de realitat virtual.<\/li>\n\n\n\n<li>Festival de Cinema Fant\u00e0stic de Sitges: comunicaci\u00f3 hologr\u00e0fica durant l&#8217;esdeveniment i desenvolupament de l&#8217;App.<\/li>\n<\/ul>\n\n\n\n<p>Tots dos clients buscaven una comunicaci\u00f3 excepcional amb el seu p\u00fablic, una que destaqu\u00e9s, fos memorable i gener\u00e9s el boca a boca. Mitjan\u00e7ant la nostra col\u00b7laboraci\u00f3, vam poder desenvolupar-los avatars capa\u00e7os d&#8217;interactuar fluidament amb la seva audi\u00e8ncia, gr\u00e0cies a un entrenament prec\u00eds que va aconseguir adaptar &#8220;el cervell&#8221; d&#8217;aquests prototips amb informaci\u00f3 \u00fanica dels clients.<\/p>\n\n\n\n<p><\/p>\n\n\n\n<h4 class=\"wp-block-heading\">Com pot ajudar a les empreses la Realitat Augmentada?<\/h4>\n\n\n\n<p>La Realitat Augmentada (XR) ofereix a les empreses una eina transformadora en proporcionar experi\u00e8ncies immersives i col\u00b7laboratives. Per exemple, en el sector manufacturer, la XR no sols serveix com una eina de captaci\u00f3 de nous clients, sin\u00f3 que tamb\u00e9 permet realitzar simulacions de processos de producci\u00f3 i entrenament de manera remota, segura i eficient. En l&#8217;\u00e0mbit del comer\u00e7 minorista, la XR permet als clients interactuar amb productes virtuals en entorns realistes abans de realitzar una compra, la qual cosa millora l&#8217;experi\u00e8ncia de compra i redueix les devolucions. Aquests exemples il\u00b7lustren com la XR pot tenir un impacte positiu en l&#8217;efici\u00e8ncia operativa i la satisfacci\u00f3 del client.<\/p>\n\n\n\n<p><\/p>\n\n\n\n<h4 class=\"wp-block-heading\">Qu\u00e8 \u00e9s el que m\u00e9s valoreu de CINC Assessoria?<\/h4>\n\n\n\n<p>L&#8217;acompanyament i solucions efectives que ens han donat des que comencem a treballar junts. CINC ens ha acompanyat des de la constituci\u00f3 de l&#8217;empresa nascuda com una Start-up i esperem seguir per molts anys m\u00e9s.<\/p>\n","protected":false},"excerpt":{"rendered":"<p>Entrevistem a Gabriel T\u00e9llez Alvarado, director operatiu de Reverso Lab, empresa enfocada en la TI i la publicitat comercial.<\/p>\n","protected":false},"author":8,"featured_media":25504,"comment_status":"open","ping_status":"open","sticky":false,"template":"","format":"standard","meta":{"_acf_changed":false,"_uag_custom_page_level_css":"","_jetpack_memberships_contains_paid_content":false,"footnotes":""},"categories":[19],"tags":[108,171],"class_list":["post-25499","post","type-post","status-publish","format-standard","has-post-thumbnail","hentry","category-entrevistes","tag-entrevista","tag-reversolab-2"],"acf":[],"jetpack_featured_media_url":"https:\/\/www.cinc.com\/wp-content\/uploads\/2024\/06\/Fotos-Blog-CINC-WordPress-48.webp","uagb_featured_image_src":{"full":["https:\/\/www.cinc.com\/wp-content\/uploads\/2024\/06\/Fotos-Blog-CINC-WordPress-48.webp",1920,1080,false],"thumbnail":["https:\/\/www.cinc.com\/wp-content\/uploads\/2024\/06\/Fotos-Blog-CINC-WordPress-48-150x150.webp",150,150,true],"medium":["https:\/\/www.cinc.com\/wp-content\/uploads\/2024\/06\/Fotos-Blog-CINC-WordPress-48-300x169.webp",300,169,true],"medium_large":["https:\/\/www.cinc.com\/wp-content\/uploads\/2024\/06\/Fotos-Blog-CINC-WordPress-48-768x432.webp",768,432,true],"large":["https:\/\/www.cinc.com\/wp-content\/uploads\/2024\/06\/Fotos-Blog-CINC-WordPress-48-1024x576.webp",960,540,true],"1536x1536":["https:\/\/www.cinc.com\/wp-content\/uploads\/2024\/06\/Fotos-Blog-CINC-WordPress-48-1536x864.webp",1536,864,true],"2048x2048":["https:\/\/www.cinc.com\/wp-content\/uploads\/2024\/06\/Fotos-Blog-CINC-WordPress-48.webp",1920,1080,false],"gform-image-choice-sm":["https:\/\/www.cinc.com\/wp-content\/uploads\/2024\/06\/Fotos-Blog-CINC-WordPress-48.webp",300,169,false],"gform-image-choice-md":["https:\/\/www.cinc.com\/wp-content\/uploads\/2024\/06\/Fotos-Blog-CINC-WordPress-48.webp",400,225,false],"gform-image-choice-lg":["https:\/\/www.cinc.com\/wp-content\/uploads\/2024\/06\/Fotos-Blog-CINC-WordPress-48.webp",600,338,false]},"uagb_author_info":{"display_name":"F\u00e0tima Duran","author_link":"https:\/\/www.cinc.com\/ca\/author\/fatima\/"},"uagb_comment_info":0,"uagb_excerpt":"Entrevistem a Gabriel T\u00e9llez Alvarado, director operatiu de Reverso Lab, empresa enfocada en la TI i la publicitat comercial.","jetpack_sharing_enabled":true,"_links":{"self":[{"href":"https:\/\/www.cinc.com\/ca\/wp-json\/wp\/v2\/posts\/25499","targetHints":{"allow":["GET"]}}],"collection":[{"href":"https:\/\/www.cinc.com\/ca\/wp-json\/wp\/v2\/posts"}],"about":[{"href":"https:\/\/www.cinc.com\/ca\/wp-json\/wp\/v2\/types\/post"}],"author":[{"embeddable":true,"href":"https:\/\/www.cinc.com\/ca\/wp-json\/wp\/v2\/users\/8"}],"replies":[{"embeddable":true,"href":"https:\/\/www.cinc.com\/ca\/wp-json\/wp\/v2\/comments?post=25499"}],"version-history":[{"count":4,"href":"https:\/\/www.cinc.com\/ca\/wp-json\/wp\/v2\/posts\/25499\/revisions"}],"predecessor-version":[{"id":25503,"href":"https:\/\/www.cinc.com\/ca\/wp-json\/wp\/v2\/posts\/25499\/revisions\/25503"}],"wp:featuredmedia":[{"embeddable":true,"href":"https:\/\/www.cinc.com\/ca\/wp-json\/wp\/v2\/media\/25504"}],"wp:attachment":[{"href":"https:\/\/www.cinc.com\/ca\/wp-json\/wp\/v2\/media?parent=25499"}],"wp:term":[{"taxonomy":"category","embeddable":true,"href":"https:\/\/www.cinc.com\/ca\/wp-json\/wp\/v2\/categories?post=25499"},{"taxonomy":"post_tag","embeddable":true,"href":"https:\/\/www.cinc.com\/ca\/wp-json\/wp\/v2\/tags?post=25499"}],"curies":[{"name":"wp","href":"https:\/\/api.w.org\/{rel}","templated":true}]}}