{"id":25368,"date":"2024-05-22T11:38:23","date_gmt":"2024-05-22T10:38:23","guid":{"rendered":"https:\/\/www.cinc.com\/?p=25368"},"modified":"2024-05-23T08:57:10","modified_gmt":"2024-05-23T07:57:10","slug":"selimina-lacomiadament-automatic-per-incapacitat-permanent","status":"publish","type":"post","link":"https:\/\/www.cinc.com\/ca\/selimina-lacomiadament-automatic-per-incapacitat-permanent\/","title":{"rendered":"S&#8217;elimina l&#8217;acomiadament autom\u00e0tic per incapacitat permanent"},"content":{"rendered":"\n<p>El Consell de Ministres ha aprovat el 21 de maig la reforma de l\u2019article 49.1 de l\u2019Estatut dels Treballadors, que elimina la incapacitat permanent com a causa autom\u00e0tica d\u2019extinci\u00f3 de contracte laboral. Aquesta nova mesura t\u00e9 com a finalitat protegir la feina de les persones amb discapacitat, segons recull l&#8217;acord establert amb el Comit\u00e8 Espanyol de Representants de Persones amb Discapacitat.<\/p>\n\n\n\n<h2 class=\"wp-block-heading\">Com afecta aquesta nova mesura les empreses?<\/h2>\n\n\n\n<p>Amb aquest canvi, que entrar\u00e0 en vigor despr\u00e9s de la seva publicaci\u00f3 al BOE (encara pendent), la possibilitat d&#8217;extingir el contracte queda condicionada a la voluntat de la persona treballadora, a qui se li oferiran dues opcions:<\/p>\n\n\n\n<ul class=\"wp-block-list\">\n<li>L&#8217;adaptaci\u00f3 al lloc de treball, de manera raonable, necess\u00e0ria i adequada.<\/li>\n<\/ul>\n\n\n\n<ul class=\"wp-block-list\">\n<li>El canvi a un altre lloc de treball vacant i disponible, d&#8217;acord amb el perfil professional i la nova situaci\u00f3.<\/li>\n<\/ul>\n\n\n\n<p>Per tant, caldr\u00e0 que les empreses facin els ajustos necessaris perqu\u00e8 les persones amb discapacitat exerceixin el dret a la feina, fins i tot en cas de trobar-se en aquesta situaci\u00f3 amb posterioritat a l&#8217;inici de la seva activitat professional.<\/p>\n\n\n\n<p>Per a m\u00e9s informaci\u00f3 sobre aquesta novetat, no dubtis de posar-te en <a href=\"https:\/\/www.cinc.com\/ca\/contacte\/\">contacte<\/a> amb el <a href=\"https:\/\/www.cinc.com\/ca\/assessoria-dempreses\/assessoria-laboral\/\">Departament Laboral<\/a> de CINC Assessoria.<\/p>\n","protected":false},"excerpt":{"rendered":"<p>El Consell de Ministres ha aprovat una reforma que elimina la incapacitat temporal com a causa autom\u00e0tica d&#8217;extinci\u00f3 de contracte laboral. <\/p>\n","protected":false},"author":8,"featured_media":25364,"comment_status":"closed","ping_status":"closed","sticky":false,"template":"","format":"standard","meta":{"_acf_changed":false,"_uag_custom_page_level_css":"","_jetpack_memberships_contains_paid_content":false,"footnotes":""},"categories":[18],"tags":[86],"class_list":["post-25368","post","type-post","status-publish","format-standard","has-post-thumbnail","hentry","category-assessoria","tag-laboral-2"],"acf":[],"jetpack_featured_media_url":"https:\/\/www.cinc.com\/wp-content\/uploads\/2024\/05\/eliminacion-despido-automatico-incapacidad-permanente.webp","uagb_featured_image_src":{"full":["https:\/\/www.cinc.com\/wp-content\/uploads\/2024\/05\/eliminacion-despido-automatico-incapacidad-permanente.webp",1920,1080,false],"thumbnail":["https:\/\/www.cinc.com\/wp-content\/uploads\/2024\/05\/eliminacion-despido-automatico-incapacidad-permanente-150x150.webp",150,150,true],"medium":["https:\/\/www.cinc.com\/wp-content\/uploads\/2024\/05\/eliminacion-despido-automatico-incapacidad-permanente-300x169.webp",300,169,true],"medium_large":["https:\/\/www.cinc.com\/wp-content\/uploads\/2024\/05\/eliminacion-despido-automatico-incapacidad-permanente-768x432.webp",768,432,true],"large":["https:\/\/www.cinc.com\/wp-content\/uploads\/2024\/05\/eliminacion-despido-automatico-incapacidad-permanente-1024x576.webp",960,540,true],"1536x1536":["https:\/\/www.cinc.com\/wp-content\/uploads\/2024\/05\/eliminacion-despido-automatico-incapacidad-permanente-1536x864.webp",1536,864,true],"2048x2048":["https:\/\/www.cinc.com\/wp-content\/uploads\/2024\/05\/eliminacion-despido-automatico-incapacidad-permanente.webp",1920,1080,false],"gform-image-choice-sm":["https:\/\/www.cinc.com\/wp-content\/uploads\/2024\/05\/eliminacion-despido-automatico-incapacidad-permanente.webp",300,169,false],"gform-image-choice-md":["https:\/\/www.cinc.com\/wp-content\/uploads\/2024\/05\/eliminacion-despido-automatico-incapacidad-permanente.webp",400,225,false],"gform-image-choice-lg":["https:\/\/www.cinc.com\/wp-content\/uploads\/2024\/05\/eliminacion-despido-automatico-incapacidad-permanente.webp",600,338,false]},"uagb_author_info":{"display_name":"F\u00e0tima Duran","author_link":"https:\/\/www.cinc.com\/ca\/author\/fatima\/"},"uagb_comment_info":0,"uagb_excerpt":"El Consell de Ministres ha aprovat una reforma que elimina la incapacitat temporal com a causa autom\u00e0tica d'extinci\u00f3 de contracte laboral.","jetpack_sharing_enabled":true,"_links":{"self":[{"href":"https:\/\/www.cinc.com\/ca\/wp-json\/wp\/v2\/posts\/25368","targetHints":{"allow":["GET"]}}],"collection":[{"href":"https:\/\/www.cinc.com\/ca\/wp-json\/wp\/v2\/posts"}],"about":[{"href":"https:\/\/www.cinc.com\/ca\/wp-json\/wp\/v2\/types\/post"}],"author":[{"embeddable":true,"href":"https:\/\/www.cinc.com\/ca\/wp-json\/wp\/v2\/users\/8"}],"replies":[{"embeddable":true,"href":"https:\/\/www.cinc.com\/ca\/wp-json\/wp\/v2\/comments?post=25368"}],"version-history":[{"count":2,"href":"https:\/\/www.cinc.com\/ca\/wp-json\/wp\/v2\/posts\/25368\/revisions"}],"predecessor-version":[{"id":25373,"href":"https:\/\/www.cinc.com\/ca\/wp-json\/wp\/v2\/posts\/25368\/revisions\/25373"}],"wp:featuredmedia":[{"embeddable":true,"href":"https:\/\/www.cinc.com\/ca\/wp-json\/wp\/v2\/media\/25364"}],"wp:attachment":[{"href":"https:\/\/www.cinc.com\/ca\/wp-json\/wp\/v2\/media?parent=25368"}],"wp:term":[{"taxonomy":"category","embeddable":true,"href":"https:\/\/www.cinc.com\/ca\/wp-json\/wp\/v2\/categories?post=25368"},{"taxonomy":"post_tag","embeddable":true,"href":"https:\/\/www.cinc.com\/ca\/wp-json\/wp\/v2\/tags?post=25368"}],"curies":[{"name":"wp","href":"https:\/\/api.w.org\/{rel}","templated":true}]}}