{"id":25219,"date":"2024-05-03T10:44:54","date_gmt":"2024-05-03T09:44:54","guid":{"rendered":"https:\/\/www.cinc.com\/?p=25219"},"modified":"2024-05-07T10:42:06","modified_gmt":"2024-05-07T09:42:06","slug":"cinc-posa-en-marxa-la-campanya-solidaria-1rosax1llibre-amb-la-participacio-dels-seus-clients","status":"publish","type":"post","link":"https:\/\/www.cinc.com\/ca\/cinc-posa-en-marxa-la-campanya-solidaria-1rosax1llibre-amb-la-participacio-dels-seus-clients\/","title":{"rendered":"CINC posa en marxa la campanya solid\u00e0ria \u201c1Rosax1llibre\u201d amb la participaci\u00f3 dels seus clients"},"content":{"rendered":"\n<p>En motiu de Sant Jordi, del 8 al 15 d&#8217;abril CINC va posar en marxa als seus centres de Barcelona i Girona la campanya solid\u00e0ria \u201c1Rosax1llibre\u201d, amb l&#8217;objectiu d&#8217;aconseguir donacions de llibres per a dues organitzacions sense \u00e0nim de lucre: Associaci\u00f3 Pell de Papallona, i Grup \u00c8xit, compost per la Fundaci\u00f3 Ramon Noguera, l&#8217;empresa d&#8217;inserci\u00f3 de C\u00e0ritas -Ecosol- i la Fundaci\u00f3 Drissa.<\/p>\n\n\n\n<p>A les persones que van participar en aquesta acci\u00f3 solid\u00e0ria, els vam obsequiar amb una rosa solid\u00e0ria, els beneficis de la qual han estat destinats a la Fundaci\u00f3 Alzheimer de Catalunya i la Fundaci\u00f3 Astrid21.<\/p>\n\n\n\n<p>De part de tot l\u2019equip de CINC, volem felicitar i enviar un enorme agra\u00efment a totes les persones que heu posat el vostre gra de sorra en aquesta acci\u00f3 solid\u00e0ria: gr\u00e0cies a la vostra col\u00b7laboraci\u00f3, hem aconseguit reunir un total de 88 llibres!<\/p>\n\n\n\n<p>Aquests llibres han estat lliurats a la botiga solid\u00e0ria de l\u2019Associaci\u00f3 Pell de Papallona, ubicada al barri de Gr\u00e0cia de Barcelona, i a la seu de l&#8217;Associaci\u00f3 Ramon Noguera, a Girona, que tenen en marxa amb grup \u00c8xit el projecte \u201cRebooks\u201d. Mitjan\u00e7ant la venda a trav\u00e9s d&#8217;una xarxa de botigues solid\u00e0ries, aquestes dues associacions destinaran la recaptaci\u00f3 a promoure els seus projectes.<\/p>\n\n\n\n<figure class=\"wp-block-image size-large\"><img loading=\"lazy\" decoding=\"async\" width=\"1024\" height=\"576\" src=\"https:\/\/www.cinc.com\/wp-content\/uploads\/2024\/05\/1rosax1llibre-1-1024x576.webp\" alt=\"Campanya solid\u00e0ria Sant Jordi\" class=\"wp-image-25265\" srcset=\"https:\/\/www.cinc.com\/wp-content\/uploads\/2024\/05\/1rosax1llibre-1-1024x576.webp 1024w, https:\/\/www.cinc.com\/wp-content\/uploads\/2024\/05\/1rosax1llibre-1-300x169.webp 300w, https:\/\/www.cinc.com\/wp-content\/uploads\/2024\/05\/1rosax1llibre-1-768x432.webp 768w, https:\/\/www.cinc.com\/wp-content\/uploads\/2024\/05\/1rosax1llibre-1-1536x864.webp 1536w, https:\/\/www.cinc.com\/wp-content\/uploads\/2024\/05\/1rosax1llibre-1.webp 1920w\" sizes=\"auto, (max-width: 1024px) 100vw, 1024px\" \/><\/figure>\n\n\n\n<p><\/p>\n\n\n\n<h2 class=\"wp-block-heading\">Sobre les entitats col\u00b7laboradores<\/h2>\n\n\n\n<p><\/p>\n\n\n\n<ul class=\"wp-block-list\">\n<li>L&#8217;<a href=\"https:\/\/pieldemariposa.es\/\">Associaci\u00f3 Pell de Papallo<\/a><a href=\"https:\/\/pieldemariposa.es\/\" target=\"_blank\" rel=\"noreferrer noopener\">na<\/a> \u00e9s una entitat sense \u00e0nim de lucre que t\u00e9 com a missi\u00f3 millorar la qualitat de vida de les persones amb Pell de Papallona i les seves fam\u00edlies. La Pell de Papallona, anomenada Epiderm\u00f2lisi bullosa, \u00e9s una malaltia poc freq\u00fcent que provoca una extrema fragilitat cut\u00e0nia. A causa d&#8217;una mutaci\u00f3 gen\u00e8tica, falla la \u201ccola\u201d que uneixi les diverses capes de la pell, per la qual cosa aquesta es despr\u00e8n i es trenca amb el m\u00e9s lleu frec. Aquesta malaltia no t\u00e9 cura.<\/li>\n<\/ul>\n\n\n\n<p><\/p>\n\n\n\n<ul class=\"wp-block-list\">\n<li>La<a href=\"https:\/\/grupfrn.cat\/es\/\" target=\"_blank\" rel=\"noreferrer noopener\"> Fundaci\u00f3 Ramon Noguera <\/a>\u00e9s una entitat amb sentit de lucre la missi\u00f3 del qual \u00e9s treballar per garantir els drets de les persones amb discapacitat intel\u00b7lectual i millorar la seva qualitat de vida, i la de les seves fam\u00edlies, aix\u00ed com tamb\u00e9 la dels nens que presenten dificultats desenvolupament, per contribuir a crear una societat m\u00e9s solid\u00e0ria i inclusiva. A trav\u00e9s del projecte \u201cRebooks\u201d, engegat el mar\u00e7 del 2019 des de Grup \u00c8xit (format per l&#8217;empresa d&#8217;inserci\u00f3 de C\u00e0ritas &#8211;<a href=\"https:\/\/www.caritas.es\/economia_solidaria\/ecosol-economia-solidaria-en-girona\/\">Ecoso<\/a><a href=\"https:\/\/www.caritas.es\/economia_solidaria\/ecosol-economia-solidaria-en-girona\/\" target=\"_blank\" rel=\"noreferrer noopener\">l<\/a>-, la <a href=\"https:\/\/fundaciodrissa.com\/es\/\">Fundaci\u00f3 Drissa<\/a> i la Fundaci\u00f3 Ramon Noguera), es duu a terme la reutilitzaci\u00f3 de llibres donats amb valor social. Mitjan\u00e7ant la recollida, el reciclatge i la venda de llibres de segona m\u00e0, es crea una nova via d&#8217;inserci\u00f3 laboral de persones socialment vulnerables.<\/li>\n<\/ul>\n\n\n\n<p><\/p>\n\n\n\n<ul class=\"wp-block-list\">\n<li>La <a href=\"https:\/\/alzheimercatalunya.org\/\">Fundaci\u00f3 Alzheimer de Catalunya<\/a> \u00e9s una entitat sense \u00e0nim de lucre amb m\u00e9s de 30 anys d&#8217;experi\u00e8ncia que treballa per millorar la qualitat de vida de qualsevol persona afectada per una dem\u00e8ncia. T\u00e9 com a missi\u00f3 donar orientaci\u00f3, suport i visibilitat a la persona amb dem\u00e8ncia i el seu entorn, a m\u00e9s de ser punt de refer\u00e8ncia de les persones amb dem\u00e8ncia per tal que visquin sempre amb la m\u00e0xima qualitat i dignitat.<\/li>\n<\/ul>\n\n\n\n<p><\/p>\n\n\n\n<ul class=\"wp-block-list\">\n<li>La <a href=\"https:\/\/fundacioastrid.org\/es\/\">Fundaci\u00f3 Astrid 21<\/a> \u00e9s una entitat sense \u00e0nim de lucre que t\u00e9 com a missi\u00f3 millorar la qualitat de vida i les sortides laborals per a persones amb discapacitat ps\u00edquica i diversitat funcional des de diferents \u00e0mbits de treball.<\/li>\n<\/ul>\n\n\n\n<p><\/p>\n","protected":false},"excerpt":{"rendered":"<p>En motiu de Sant Jordi, del 8 al 15 d&#8217;abril CINC va posar en marxa als seus centres de Barcelona i Girona la campanya solid\u00e0ria \u201c1Rosax1llibre\u201d, amb l&#8217;objectiu d&#8217;aconseguir donacions de llibres per a dues organitzacions sense \u00e0nim de lucre: Associaci\u00f3 Pell de Papallona, i Grup \u00c8xit, compost per la Fundaci\u00f3 Ramon Noguera, l&#8217;empresa d&#8217;inserci\u00f3 [&hellip;]<\/p>\n","protected":false},"author":8,"featured_media":25213,"comment_status":"open","ping_status":"open","sticky":false,"template":"","format":"standard","meta":{"_acf_changed":false,"_uag_custom_page_level_css":"","_jetpack_memberships_contains_paid_content":false,"footnotes":""},"categories":[24],"tags":[],"class_list":["post-25219","post","type-post","status-publish","format-standard","has-post-thumbnail","hentry","category-grup-cinc"],"acf":[],"jetpack_featured_media_url":"https:\/\/www.cinc.com\/wp-content\/uploads\/2024\/05\/1rosax1libro-3.webp","uagb_featured_image_src":{"full":["https:\/\/www.cinc.com\/wp-content\/uploads\/2024\/05\/1rosax1libro-3.webp",1920,1080,false],"thumbnail":["https:\/\/www.cinc.com\/wp-content\/uploads\/2024\/05\/1rosax1libro-3-150x150.webp",150,150,true],"medium":["https:\/\/www.cinc.com\/wp-content\/uploads\/2024\/05\/1rosax1libro-3-300x169.webp",300,169,true],"medium_large":["https:\/\/www.cinc.com\/wp-content\/uploads\/2024\/05\/1rosax1libro-3-768x432.webp",768,432,true],"large":["https:\/\/www.cinc.com\/wp-content\/uploads\/2024\/05\/1rosax1libro-3-1024x576.webp",960,540,true],"1536x1536":["https:\/\/www.cinc.com\/wp-content\/uploads\/2024\/05\/1rosax1libro-3-1536x864.webp",1536,864,true],"2048x2048":["https:\/\/www.cinc.com\/wp-content\/uploads\/2024\/05\/1rosax1libro-3.webp",1920,1080,false],"gform-image-choice-sm":["https:\/\/www.cinc.com\/wp-content\/uploads\/2024\/05\/1rosax1libro-3.webp",300,169,false],"gform-image-choice-md":["https:\/\/www.cinc.com\/wp-content\/uploads\/2024\/05\/1rosax1libro-3.webp",400,225,false],"gform-image-choice-lg":["https:\/\/www.cinc.com\/wp-content\/uploads\/2024\/05\/1rosax1libro-3.webp",600,338,false]},"uagb_author_info":{"display_name":"F\u00e0tima Duran","author_link":"https:\/\/www.cinc.com\/ca\/author\/fatima\/"},"uagb_comment_info":0,"uagb_excerpt":"En motiu de Sant Jordi, del 8 al 15 d&#8217;abril CINC va posar en marxa als seus centres de Barcelona i Girona la campanya solid\u00e0ria \u201c1Rosax1llibre\u201d, amb l&#8217;objectiu d&#8217;aconseguir donacions de llibres per a dues organitzacions sense \u00e0nim de lucre: Associaci\u00f3 Pell de Papallona, i Grup \u00c8xit, compost per la Fundaci\u00f3 Ramon Noguera, l&#8217;empresa d&#8217;inserci\u00f3&hellip;","jetpack_sharing_enabled":true,"_links":{"self":[{"href":"https:\/\/www.cinc.com\/ca\/wp-json\/wp\/v2\/posts\/25219","targetHints":{"allow":["GET"]}}],"collection":[{"href":"https:\/\/www.cinc.com\/ca\/wp-json\/wp\/v2\/posts"}],"about":[{"href":"https:\/\/www.cinc.com\/ca\/wp-json\/wp\/v2\/types\/post"}],"author":[{"embeddable":true,"href":"https:\/\/www.cinc.com\/ca\/wp-json\/wp\/v2\/users\/8"}],"replies":[{"embeddable":true,"href":"https:\/\/www.cinc.com\/ca\/wp-json\/wp\/v2\/comments?post=25219"}],"version-history":[{"count":12,"href":"https:\/\/www.cinc.com\/ca\/wp-json\/wp\/v2\/posts\/25219\/revisions"}],"predecessor-version":[{"id":25269,"href":"https:\/\/www.cinc.com\/ca\/wp-json\/wp\/v2\/posts\/25219\/revisions\/25269"}],"wp:featuredmedia":[{"embeddable":true,"href":"https:\/\/www.cinc.com\/ca\/wp-json\/wp\/v2\/media\/25213"}],"wp:attachment":[{"href":"https:\/\/www.cinc.com\/ca\/wp-json\/wp\/v2\/media?parent=25219"}],"wp:term":[{"taxonomy":"category","embeddable":true,"href":"https:\/\/www.cinc.com\/ca\/wp-json\/wp\/v2\/categories?post=25219"},{"taxonomy":"post_tag","embeddable":true,"href":"https:\/\/www.cinc.com\/ca\/wp-json\/wp\/v2\/tags?post=25219"}],"curies":[{"name":"wp","href":"https:\/\/api.w.org\/{rel}","templated":true}]}}