{"id":25158,"date":"2024-04-22T10:11:45","date_gmt":"2024-04-22T09:11:45","guid":{"rendered":"https:\/\/www.cinc.com\/els-sollicitants-dasil-ja-no-podran-obtenir-la-residencia-a-espanya-per-arrelament-laboral\/"},"modified":"2024-04-22T10:32:49","modified_gmt":"2024-04-22T09:32:49","slug":"els-sollicitants-dasil-ja-no-podran-obtenir-la-residencia-a-espanya-per-arrelament-laboral","status":"publish","type":"post","link":"https:\/\/www.cinc.com\/ca\/els-sollicitants-dasil-ja-no-podran-obtenir-la-residencia-a-espanya-per-arrelament-laboral\/","title":{"rendered":"Els sol\u00b7licitants d&#8217;asil ja no podran obtenir la resid\u00e8ncia a Espanya per arrelament laboral"},"content":{"rendered":"\n<p>Les persones que hagin sol\u00b7licitat asil a Espanya mitjan\u00e7ant arrelament laboral ja no ho podran fer per obtenir la seva resid\u00e8ncia al pa\u00eds. Segons estableix una disposici\u00f3 interna de la Secretaria General de Migracions, el Tribunal Suprem ha fet un canvi de criteri. I \u00e9s que, en una sent\u00e8ncia del Tribunal Suprem del 24 de gener passat, defineix que els sol\u00b7licitants d&#8217;asil es troben a Espanya en situaci\u00f3 de \u201cmera toler\u00e0ncia\u201d a l&#8217;hora d&#8217;estudiar la seva sol\u00b7licitud. <\/p>\n\n<p>El Suprem argumenta a la sent\u00e8ncia que, at\u00e8s que no es troben en situaci\u00f3 de \u201cresid\u00e8ncia\u201d o \u201cestada\u201d, segons estableix el Reglament d&#8217;Estrangeria, no \u00e9s possible aplicar aquesta figura. Aquest canvi de criteri afecta milers de sol\u00b7licitants d&#8217;asil que tenien previst accedir a la sol\u00b7licitud d&#8217;arrelament laboral perqu\u00e8 era la via amb m\u00e9s garanties per obtenir la resid\u00e8ncia. <\/p>\n\n<p>Actualment, els sol\u00b7licitants d&#8217;asil tenen dret a viure i treballar a Espanya de manera provisional mentre se n&#8217;estudia la petici\u00f3, fins que sigui acceptada o denegada. I per poder sol\u00b7licitar l&#8217;arrelament laboral, cal demostrar dos anys de resid\u00e8ncia a Espanya amb una relaci\u00f3 laboral d&#8217;un m\u00ednim de 6 mesos i de 30 hores a la setmana. <\/p>\n\n<p>Si voleu m\u00e9s informaci\u00f3 sobre aquesta novetat i sobre com obtenir la vostra resid\u00e8ncia a Espanya, no dubteu a <a href=\"https:\/\/www.cinc.com\/ca\/contacte\/\">contactar<\/a> amb el <a href=\"https:\/\/www.cinc.com\/ca\/assessoria-dempreses\/estrangeria\/\">Departament d&#8217;Estrangeria<\/a> de CINC Assessoria.<\/p>\n","protected":false},"excerpt":{"rendered":"<p>Les persones que hagin sol\u00b7licitat asil a Espanya mitjan\u00e7ant arrelament laboral ja no ho podran fer per obtenir la seva resid\u00e8ncia al pa\u00eds. <\/p>\n","protected":false},"author":8,"featured_media":25153,"comment_status":"closed","ping_status":"closed","sticky":false,"template":"","format":"standard","meta":{"_acf_changed":false,"_uag_custom_page_level_css":"","_jetpack_memberships_contains_paid_content":false,"footnotes":""},"categories":[97],"tags":[],"class_list":["post-25158","post","type-post","status-publish","format-standard","has-post-thumbnail","hentry","category-estrangeria"],"acf":[],"jetpack_featured_media_url":"https:\/\/www.cinc.com\/wp-content\/uploads\/2024\/04\/Asilo-arraigo-laboral.webp","uagb_featured_image_src":{"full":["https:\/\/www.cinc.com\/wp-content\/uploads\/2024\/04\/Asilo-arraigo-laboral.webp",1920,1080,false],"thumbnail":["https:\/\/www.cinc.com\/wp-content\/uploads\/2024\/04\/Asilo-arraigo-laboral-150x150.webp",150,150,true],"medium":["https:\/\/www.cinc.com\/wp-content\/uploads\/2024\/04\/Asilo-arraigo-laboral-300x169.webp",300,169,true],"medium_large":["https:\/\/www.cinc.com\/wp-content\/uploads\/2024\/04\/Asilo-arraigo-laboral-768x432.webp",768,432,true],"large":["https:\/\/www.cinc.com\/wp-content\/uploads\/2024\/04\/Asilo-arraigo-laboral-1024x576.webp",960,540,true],"1536x1536":["https:\/\/www.cinc.com\/wp-content\/uploads\/2024\/04\/Asilo-arraigo-laboral-1536x864.webp",1536,864,true],"2048x2048":["https:\/\/www.cinc.com\/wp-content\/uploads\/2024\/04\/Asilo-arraigo-laboral.webp",1920,1080,false],"gform-image-choice-sm":["https:\/\/www.cinc.com\/wp-content\/uploads\/2024\/04\/Asilo-arraigo-laboral.webp",300,169,false],"gform-image-choice-md":["https:\/\/www.cinc.com\/wp-content\/uploads\/2024\/04\/Asilo-arraigo-laboral.webp",400,225,false],"gform-image-choice-lg":["https:\/\/www.cinc.com\/wp-content\/uploads\/2024\/04\/Asilo-arraigo-laboral.webp",600,338,false]},"uagb_author_info":{"display_name":"F\u00e0tima Duran","author_link":"https:\/\/www.cinc.com\/ca\/author\/fatima\/"},"uagb_comment_info":0,"uagb_excerpt":"Les persones que hagin sol\u00b7licitat asil a Espanya mitjan\u00e7ant arrelament laboral ja no ho podran fer per obtenir la seva resid\u00e8ncia al pa\u00eds.","jetpack_sharing_enabled":true,"_links":{"self":[{"href":"https:\/\/www.cinc.com\/ca\/wp-json\/wp\/v2\/posts\/25158","targetHints":{"allow":["GET"]}}],"collection":[{"href":"https:\/\/www.cinc.com\/ca\/wp-json\/wp\/v2\/posts"}],"about":[{"href":"https:\/\/www.cinc.com\/ca\/wp-json\/wp\/v2\/types\/post"}],"author":[{"embeddable":true,"href":"https:\/\/www.cinc.com\/ca\/wp-json\/wp\/v2\/users\/8"}],"replies":[{"embeddable":true,"href":"https:\/\/www.cinc.com\/ca\/wp-json\/wp\/v2\/comments?post=25158"}],"version-history":[{"count":3,"href":"https:\/\/www.cinc.com\/ca\/wp-json\/wp\/v2\/posts\/25158\/revisions"}],"predecessor-version":[{"id":25161,"href":"https:\/\/www.cinc.com\/ca\/wp-json\/wp\/v2\/posts\/25158\/revisions\/25161"}],"wp:featuredmedia":[{"embeddable":true,"href":"https:\/\/www.cinc.com\/ca\/wp-json\/wp\/v2\/media\/25153"}],"wp:attachment":[{"href":"https:\/\/www.cinc.com\/ca\/wp-json\/wp\/v2\/media?parent=25158"}],"wp:term":[{"taxonomy":"category","embeddable":true,"href":"https:\/\/www.cinc.com\/ca\/wp-json\/wp\/v2\/categories?post=25158"},{"taxonomy":"post_tag","embeddable":true,"href":"https:\/\/www.cinc.com\/ca\/wp-json\/wp\/v2\/tags?post=25158"}],"curies":[{"name":"wp","href":"https:\/\/api.w.org\/{rel}","templated":true}]}}